{"id":100508,"date":"2021-04-28T18:21:46","date_gmt":"2021-04-28T16:21:46","guid":{"rendered":"https:\/\/manueldelia.com\/?p=100508"},"modified":"2021-04-28T21:28:22","modified_gmt":"2021-04-28T19:28:22","slug":"kwart-ta-biljun-biss-ta","status":"publish","type":"post","link":"https:\/\/manueldelia.com\/mt\/2021\/04\/kwart-ta-biljun-biss-ta\/","title":{"rendered":"Kwart ta&#8217; biljun biss ta!"},"content":{"rendered":"<p><img class=\"aligncenter size-full wp-image-100493\" src=\"https:\/\/manueldelia.com\/wp-content\/uploads\/2021\/04\/screen_shot_2019-05-07_at_5-1.51.04_pm.png\" alt=\"\" width=\"684\" height=\"387\" srcset=\"https:\/\/manueldelia.com\/wp-content\/uploads\/2021\/04\/screen_shot_2019-05-07_at_5-1.51.04_pm-200x113.png 200w, https:\/\/manueldelia.com\/wp-content\/uploads\/2021\/04\/screen_shot_2019-05-07_at_5-1.51.04_pm-300x170.png 300w, https:\/\/manueldelia.com\/wp-content\/uploads\/2021\/04\/screen_shot_2019-05-07_at_5-1.51.04_pm-400x226.png 400w, https:\/\/manueldelia.com\/wp-content\/uploads\/2021\/04\/screen_shot_2019-05-07_at_5-1.51.04_pm-600x339.png 600w, https:\/\/manueldelia.com\/wp-content\/uploads\/2021\/04\/screen_shot_2019-05-07_at_5-1.51.04_pm.png 684w\" sizes=\"(max-width: 684px) 100vw, 684px\" \/><\/p>\n<p><a href=\"https:\/\/timesofmalta.com\/articles\/view\/nao-slams-274-million-contract-at-st-vincent-de-paul.868093\" target=\"_blank\" rel=\"noopener\">Ag\u0127tu daqqa t&#8217;g\u0127ajn lejn ir-rapport dettaljat li xandar Ivan Martin fit- <em>Times of Malta<\/em> dwar il-konklu\u017cjonijiet tal-Awditur \u0120enerali fil-ka\u017c tal-kuntratt enormi ma\u0127mu\u0121 pesti dwar l-espansjoni tar-residenza San Vin\u010benz de Paule li kien ing\u0127ata b&#8217;<em>direct order<\/em> lid-ditta <em>James Caterers<\/em> u lid-<em>DB Group.<\/em><\/a><\/p>\n<p>Skont l-Awditur \u0120enerali l-gvern m&#8217;g\u0127andu ebda sku\u017ca biex ji\u0121\u0121ustifika d-de\u010bi\u017cjoni li \u0127a fl-2017 meta njora l-li\u0121i dwar l-offerti pubbli\u010bi u ta lil \u017cew\u0121 kuntratturi kuntratt li jiswa&#8217; mal-kwart ta&#8217; biljun ewro ming\u0127ajr ma l-ewwel talab offerti ming\u0127and kuntratturi o\u0127rajn. L-istorja kellha l-bidu tag\u0127ha b&#8217;kuntratt li jiswa&#8217; \u20ac57 miljun g\u0127all-bini ta&#8217; k\u010bina g\u0127ar-residenti. U mbag\u0127ad kompliet b&#8217;kuntratt g\u0127all-bini ta&#8217; \u017cew\u0121 blokki residenzjali (b\u0127allikieku \u017ciedu \u017cew\u0121t ifran o\u0127ra fi k\u010bina) li tella&#8217; l-ispi\u017ca totali minn \u20ac57 miljun g\u0127al \u20ac274 miljun. B\u0127allikieku ma&#8217; ftehim g\u0127all-bejg\u0127 ta&#8217; karrozza, \u017ciedu wkoll il-bejg\u0127 ta&#8217;<em> showroom<\/em> mal-kuntratt. U dan ming\u0127ajr ma \u0127adu l-briga li jduru g\u0127and bejjieg\u0127a ta&#8217; karrozzi o\u0127rajn biex jippruvaw jakkwistaw l-a\u0127jar prezz .<\/p>\n<p>Lill-Awditur \u0120enerali rri\u017cultalu wkoll li l-prezzijiet ta&#8217; dawn il-kuntratturi biex iduru bir-residenti u jitimg\u0127uhom huma d-doppju tal-prezzjinijet tas-suq.<\/p>\n<p>Ma \u0121ara&#8217; xejn, hux hekk? Int qed t\u0127allas minn butek, wara kollox.<\/p>\n<p>Il-kuntratt mog\u0127ti b&#8217;<em>direct order<\/em> fl-2017 segwa ie\u0127or li fl-2014 kien ukoll ing\u0127ata direttament g\u0127all-forniment ta&#8217; ikel lir-residenti ta&#8217; San Vin\u010benz. G\u0127aliex g\u0127andkom tkunu tafu li m&#8217;hemmx \u0127add li jista&#8217; jkun interessat li jitfa&#8217; offerta g\u0127all-forniment tal-ikel lil sptar. Offerti b\u0127al dawn James Barbara biss jista&#8217; jkun interessat li jitfag\u0127hom!<\/p>\n<p><img class=\"aligncenter size-full wp-image-100495\" src=\"https:\/\/manueldelia.com\/wp-content\/uploads\/2021\/04\/james.jpg\" alt=\"\" width=\"626\" height=\"446\" srcset=\"https:\/\/manueldelia.com\/wp-content\/uploads\/2021\/04\/james-200x142.jpg 200w, https:\/\/manueldelia.com\/wp-content\/uploads\/2021\/04\/james-300x214.jpg 300w, https:\/\/manueldelia.com\/wp-content\/uploads\/2021\/04\/james-400x285.jpg 400w, https:\/\/manueldelia.com\/wp-content\/uploads\/2021\/04\/james-600x427.jpg 600w, https:\/\/manueldelia.com\/wp-content\/uploads\/2021\/04\/james.jpg 626w\" sizes=\"(max-width: 626px) 100vw, 626px\" \/><\/p>\n<p>U mal-medda ta\u017c-\u017cmien ma&#8217; dan James Barbara ng\u0127aqad eroj ie\u0127or &#8211; dak li hu biss fl-univers g\u0127andu l-\u0127ila li jibni u j\u0127addem bini mg\u0127ammar bis-sodod. Qed nirreferi g\u0127al Silvio Debono.<\/p>\n<p><img class=\"aligncenter size-full wp-image-100497\" src=\"https:\/\/manueldelia.com\/wp-content\/uploads\/2021\/04\/social_07_temp-1427009798-550e7106-360x251-1.jpg\" alt=\"\" width=\"360\" height=\"251\" srcset=\"https:\/\/manueldelia.com\/wp-content\/uploads\/2021\/04\/social_07_temp-1427009798-550e7106-360x251-1-200x139.jpg 200w, https:\/\/manueldelia.com\/wp-content\/uploads\/2021\/04\/social_07_temp-1427009798-550e7106-360x251-1-300x209.jpg 300w, https:\/\/manueldelia.com\/wp-content\/uploads\/2021\/04\/social_07_temp-1427009798-550e7106-360x251-1.jpg 360w\" sizes=\"(max-width: 360px) 100vw, 360px\" \/><\/p>\n<p>B\u0127alissa fil-Kumitat Parlamentari dwar l-I<em>standards<\/em> qed issir diskussjoni dwar b&#8217;kemm jiswew \u20ac7,000 li ntefqu \u0127a\u017cin minn Carmelo Abela. Flus li ntefqu g\u0127all-\u0127elu wi\u010b\u010bu. Nixtieq li qed ng\u0127ix f&#8217;pajji\u017c fejn a\u0127bar b\u0127al din i\u0121\u0121ieg\u0127elni nirrabja.<\/p>\n<p>I\u017cda fil-pajji\u017c li qed ng\u0127ix fih, in-nies ma t\u0127abbilx rasha wisq meta tinteba\u0127 li \u017cew\u0121 sinjuruni kbar \u2013 ji\u0121ifieri s-sidien ta&#8217; <em>James Caterers<\/em> u tad-<em>dB Group<\/em> \u2013 ing\u0127ataw kuntratti b&#8217;mod dirett minkejja l-fatt li hemm numru ta&#8217; kuntratturi o\u0127ra li setg\u0127u kkompetew mag\u0127hom u tefg\u0127u offerti bi pre\u017c\u017c aktar vanta\u0121\u0121ju\u017c g\u0127all-poplu.<\/p>\n<p>M&#8217;hawn \u0127add li jkun f&#8217;sensih li jaqbad u jonfoq \u20ac4,000 minn butu biex jixtri k\u010bina ming\u0127ajr ma qabel ikun ra x&#8217;g\u0127andhom x&#8217;joffru bejjieg\u0127a o\u0127rajn tal-k\u010bejjen. I\u017cda l-gvern li g\u0127andna qabad u nefaq \u20ac250 miljun minn flus il-poplu ming\u0127ajr ra l-prezzijiet ta&#8217; \u0127addie\u0127or.<\/p>\n<p>F&#8217;wi\u010b\u010bhom ma ssibx lanqas qatra wa\u0127da ta&#8217; \u017cejt.<\/p>\n<p>Il-\u0121urnalisti segwew dan il-pro\u010bess mill-qrib \u0127afna. <a href=\"https:\/\/timesofmalta.com\/articles\/view\/record-quarter-billion-euro-direct-order-approved.686035\" target=\"_blank\" rel=\"noopener\">Araw x&#8217;kien kiteb fl-2018 Ivan Camilleri tat-<em>Times of Malta<\/em> dwar <em>direct order<\/em> ta&#8217; \u20ac274 miljun li g\u0127aliha \u0127addie\u0127or seta&#8217; offra prezz or\u0127os.<\/a><\/p>\n<p>Il-kwistjoni kienet \u0121iet mg\u0127oddija lill-Kumitat dwar il-Kontijiet Pubbli\u010bi u mbag\u0127ad marret quddiem l-Awditur \u0120enerali. U minkejja dawn l-istadji kollha, ma sirna nafu xejn aktar minn dak li di\u0121\u00e0 konna nafuh sa minn Awwissu tal-2018.<\/p>\n<p>G\u0127ala? G\u0127aliex il-gvern \u0121ie jaqa&#8217; u jqum. Dawn huma l-bulijiet li wara li jisirqulna l-ikel, ig\u0127addu biex jag\u0127tuna xeba&#8217; ponnijiet g\u0127all-gost u l-pja\u010bir tag\u0127hom u dan ta\u0127t g\u0127ajnejn l-g\u0127alliem.<\/p>\n<p>L-Awditur \u0120enerali stqarr li jista&#8217; jag\u0127ti l-ka\u017c li dan il-kuntratt m&#8217;huwiex validu u ma jiswiex. L-Awditur \u0120enerali m&#8217;huwiex im\u0127allef u g\u0127aldaqstant ma jistax jiddikjara li kuntratt ma jiswiex. Madankollu, fejn g\u0127andhom x&#8217;jaqsmu l-kuntratti, huwa jifhem bi\u017c\u017cejjed biex jista&#8217; jistqarr x&#8217;inhi l-fehma tieg\u0127u dwar dak li jista&#8217; jag\u0127mel im\u0127allef. Dan kien u hu kuntratt illegali. Li kieku fil-pajji\u017c te\u017cisti s-saltna tad-dritt, meta wie\u0127ed jikkunsidra l-kobor tal-korruzzjoni li se\u0127\u0127et, mhux biss kien ikun hawn partita ri\u017cenji, i\u017cda sa\u0127ansitra kien iwarrab gvern s\u0127i\u0127. U kien jinbeda&#8217; pro\u010bess biex il-flus li ntefqu llegalment jin\u0121abru lura ming\u0127and dawn il-\u0127allelin liebsin \u0121lekk u ngravata.<\/p>\n<p>Fir-rapport tieg\u0127u l-Awditur \u0120enerali wkoll g\u0127adda rimarka li tbell\u0127ek. Huwa stqarr li dan il-kuntratt ma kienx \u0121ie mg\u0127oddi mill-g\u0127arbiel politiku. Lis-servizz \u010bivili l-Awditur \u0120enerali jifhmu sewwa u jaf li ebda membru tas-servizz m&#8217;hu ser jaqbad u jag\u0127ti kuntratt b&#8217;<em>direct order<\/em> jekk ma jkunx ing\u0127ata ordni minn ta&#8217; fuqu.<\/p>\n<p>I\u017cda r-rimarka li g\u0127adda l-Awditur \u0120enerali turi li kien hemm numru ta&#8217; persuni li kienu sa\u0127ansitra lesti li joqg\u0127odu g\u0127al ordnijiet li ma sarux bil-miktub. Il-pajji\u017c b\u0127alissa qed ji\u0121i mmexxi minn gvern stil faxxist: ordnijiet sigrieti, tg\u0127emi\u017c tal-g\u0127ajnejn, imbuttaturi, illegalit\u00e0 istituzzjonalizzata u arran\u0121amenti bejn partiti politi\u010bi u sidien ta&#8217; negozji kbar biex b&#8217;hekk ti\u0121i njorata kompletament l-infrastruttura tal-Istat jew biex dejjem ise\u0127\u0127 ir-rieda tag\u0127hom.<\/p>\n<p>M&#8217;hawn ebda li\u0121i li tippermetti lill-gvern li jakkwista estensjoni ta&#8217; sptar jew k\u010bina ta&#8217; sptar ming\u0127ajr ma jag\u0127ti l-opportunit\u00e0 lill-kuntratturi li jikkompetu g\u0127all-kuntratt. Mhux biss lill-gvern Malti, i\u017cda lil ebda gvern fl-Unjoni Ewropea. Il-gvern \u0121ab ru\u0127u b&#8217;mod b\u0127allikieku ma je\u017cisti \u0127add \u0127lief <em>James Caterers<\/em> u tad-<em>db Group<\/em> li g\u0127andu l-\u0127ila li jibni estensjoni ta&#8217; sptar u k\u010bina. Li kieku din ma kienitx im\u0121ieba kriminali, kwa\u017ci kwa\u017ci tqabbdek id-da\u0127k.<\/p>\n<p>I\u017cda, m&#8217;g\u0127andniex xi ng\u0127idu, mhux il-kuntratturi kollha li hemm fl-Unjoni Ewropea jag\u0127mlu d-donazzjonijiet lill-partit politiku li qed imexxi lil Malta, u, g\u0127andi nifhem, lill-partit politiku li qed jaspira li je\u0127odlu postu fil-gvern.<\/p>\n<p>Tag\u0127mel sej\u0127a biex iwarrab Anthony Agius Decelis? Min ser jag\u0127ti ka\u017c? Jew forsi sej\u0127a biex iwarrab Roderick Galdes jew Michael Falzon? X&#8217;jitnejku.<\/p>\n<p>Lill-poplu g\u0127adhom kemm serqulu kwart ta&#8217; biljun ewro. Huma jinsabu mg\u0127oxxijin bid-da\u0127k u l-poplu ser jer\u0121a&#8217; jikkonfermahom fi-gvern g\u0127al 5 snin o\u0127ra g\u0127aliex wasalna g\u0127all-estremit\u00e0 li fiha \u0127add m&#8217;g\u0127adu jaf x&#8217;drittijiet g\u0127andu. Il-poplu kuntent li j\u0127allihom jisirquh u mbag\u0127ad\u00a0 jirringrazzjahom talli serquh. U dawn huma l-istess nies li jridu jg\u0127addu li\u0121i biex min ji\u0121bor il-flus f&#8217;barmil fi Triq ir-Repubblika f&#8217;\u0121ie\u0127 il-<em>Poppy Day<\/em> ma jispi\u010b\u010bax ja\u0127sel il-muniti tal-fidda tal-20 \u010bente\u017cmu li jkun \u0121abar ming\u0127andek.<\/p>\n<p>Viva l-Labour. Sieg Heil.<\/p>\n","protected":false},"excerpt":{"rendered":"<p>Ag\u0127tu daqqa t&#8217;g\u0127ajn lejn ir-rapport dettaljat li xandar Ivan Martin fit- Times of Malta dwar il-konklu\u017cjonijiet tal-Awditur \u0120enerali fil-ka\u017c tal-kuntratt enormi ma\u0127mu\u0121 pesti dwar l-espansjoni tar-residenza San Vin\u010benz de Paule li kien ing\u0127ata b&#8217;direct order lid-ditta James Caterers u lid-DB Group. Skont l-Awditur \u0120enerali l-gvern m&#8217;g\u0127andu ebda sku\u017ca biex ji\u0121\u0121ustifika d-de\u010bi\u017cjoni li \u0127a fl-2017 meta [&hellip;]<\/p>\n","protected":false},"author":1,"featured_media":100496,"comment_status":"open","ping_status":"open","sticky":false,"template":"","format":"standard","meta":[],"categories":[54],"tags":[],"_links":{"self":[{"href":"https:\/\/manueldelia.com\/mt\/wp-json\/wp\/v2\/posts\/100508\/"}],"collection":[{"href":"https:\/\/manueldelia.com\/mt\/wp-json\/wp\/v2\/posts\/"}],"about":[{"href":"https:\/\/manueldelia.com\/mt\/wp-json\/wp\/v2\/types\/post\/"}],"author":[{"embeddable":true,"href":"https:\/\/manueldelia.com\/mt\/wp-json\/wp\/v2\/users\/1\/"}],"replies":[{"embeddable":true,"href":"https:\/\/manueldelia.com\/mt\/wp-json\/wp\/v2\/comments\/?post=100508"}],"version-history":[{"count":5,"href":"https:\/\/manueldelia.com\/mt\/wp-json\/wp\/v2\/posts\/100508\/revisions\/"}],"predecessor-version":[{"id":100513,"href":"https:\/\/manueldelia.com\/mt\/wp-json\/wp\/v2\/posts\/100508\/revisions\/100513\/"}],"wp:featuredmedia":[{"embeddable":true,"href":"https:\/\/manueldelia.com\/mt\/wp-json\/wp\/v2\/media\/100496\/"}],"wp:attachment":[{"href":"https:\/\/manueldelia.com\/mt\/wp-json\/wp\/v2\/media\/?parent=100508"}],"wp:term":[{"taxonomy":"category","embeddable":true,"href":"https:\/\/manueldelia.com\/mt\/wp-json\/wp\/v2\/categories\/?post=100508"},{"taxonomy":"post_tag","embeddable":true,"href":"https:\/\/manueldelia.com\/mt\/wp-json\/wp\/v2\/tags\/?post=100508"}],"curies":[{"name":"wp","href":"https:\/\/api.w.org\/{rel}","templated":true}]}}