{"id":101506,"date":"2021-06-24T14:08:54","date_gmt":"2021-06-24T12:08:54","guid":{"rendered":"https:\/\/manueldelia.com\/?p=101506"},"modified":"2021-06-24T14:30:06","modified_gmt":"2021-06-24T12:30:06","slug":"naqbel-mal-prim-ministru-li-wieghdni-li-mhux-ser-nara-cella-ta-habs-minn-gewwa-jghid-joseph-muscat","status":"publish","type":"post","link":"https:\/\/manueldelia.com\/mt\/2021\/06\/naqbel-mal-prim-ministru-li-wieghdni-li-mhux-ser-nara-cella-ta-habs-minn-gewwa-jghid-joseph-muscat\/","title":{"rendered":"&#8216;Naqbel mal-prim ministru li wieg\u0127dni li mhux ser nara \u010bella ta&#8217; \u0127abs minn \u0121ewwa,&#8217; jg\u0127id Joseph Muscat"},"content":{"rendered":"<p><img class=\"aligncenter size-full wp-image-101465\" src=\"https:\/\/manueldelia.com\/wp-content\/uploads\/2021\/06\/file-1.aspx_-2.jpeg\" alt=\"\" width=\"630\" height=\"340\" srcset=\"https:\/\/manueldelia.com\/wp-content\/uploads\/2021\/06\/file-1.aspx_-2-200x108.jpeg 200w, https:\/\/manueldelia.com\/wp-content\/uploads\/2021\/06\/file-1.aspx_-2-300x162.jpeg 300w, https:\/\/manueldelia.com\/wp-content\/uploads\/2021\/06\/file-1.aspx_-2-400x216.jpeg 400w, https:\/\/manueldelia.com\/wp-content\/uploads\/2021\/06\/file-1.aspx_-2-600x324.jpeg 600w, https:\/\/manueldelia.com\/wp-content\/uploads\/2021\/06\/file-1.aspx_-2.jpeg 630w\" sizes=\"(max-width: 630px) 100vw, 630px\" \/><\/p>\n<p>Lil tat-Times of Malta Joseph Muscat g\u0127amlilhom kumment wie\u0127ed biss: <a href=\"https:\/\/timesofmalta.com\/articles\/view\/fatf-greylisting-i-fully-concur-with-pms-comments-joseph-muscat.881761\" target=\"_blank\" rel=\"noopener\">&#8220;Naqbel g\u0127al kollox mal-kummenti li g\u0127amel il-prim ministru.&#8221;<\/a> Mur obsor \u0127ej!<\/p>\n<p>Id-dinja forsi tibda&#8217; tie\u0127u lil Malta bis-serjet\u00e0 dakinhar li Joseph Muscat ikollu g\u0127alxiex ma jaqbilx mal-prim ministru. S&#8217;issa l-Kink g\u0127adu l-Kink.<\/p>\n<p>Prosit Prim Ministru.<\/p>\n","protected":false},"excerpt":{"rendered":"<p>Lil tat-Times of Malta Joseph Muscat g\u0127amlilhom kumment wie\u0127ed biss: &#8220;Naqbel g\u0127al kollox mal-kummenti li g\u0127amel il-prim ministru.&#8221; Mur obsor \u0127ej! Id-dinja forsi tibda&#8217; tie\u0127u lil Malta bis-serjet\u00e0 dakinhar li Joseph Muscat ikollu g\u0127alxiex ma jaqbilx mal-prim ministru. S&#8217;issa l-Kink g\u0127adu l-Kink. Prosit Prim Ministru.<\/p>\n","protected":false},"author":1,"featured_media":101466,"comment_status":"open","ping_status":"open","sticky":false,"template":"","format":"standard","meta":[],"categories":[54],"tags":[],"_links":{"self":[{"href":"https:\/\/manueldelia.com\/mt\/wp-json\/wp\/v2\/posts\/101506\/"}],"collection":[{"href":"https:\/\/manueldelia.com\/mt\/wp-json\/wp\/v2\/posts\/"}],"about":[{"href":"https:\/\/manueldelia.com\/mt\/wp-json\/wp\/v2\/types\/post\/"}],"author":[{"embeddable":true,"href":"https:\/\/manueldelia.com\/mt\/wp-json\/wp\/v2\/users\/1\/"}],"replies":[{"embeddable":true,"href":"https:\/\/manueldelia.com\/mt\/wp-json\/wp\/v2\/comments\/?post=101506"}],"version-history":[{"count":2,"href":"https:\/\/manueldelia.com\/mt\/wp-json\/wp\/v2\/posts\/101506\/revisions\/"}],"predecessor-version":[{"id":101508,"href":"https:\/\/manueldelia.com\/mt\/wp-json\/wp\/v2\/posts\/101506\/revisions\/101508\/"}],"wp:featuredmedia":[{"embeddable":true,"href":"https:\/\/manueldelia.com\/mt\/wp-json\/wp\/v2\/media\/101466\/"}],"wp:attachment":[{"href":"https:\/\/manueldelia.com\/mt\/wp-json\/wp\/v2\/media\/?parent=101506"}],"wp:term":[{"taxonomy":"category","embeddable":true,"href":"https:\/\/manueldelia.com\/mt\/wp-json\/wp\/v2\/categories\/?post=101506"},{"taxonomy":"post_tag","embeddable":true,"href":"https:\/\/manueldelia.com\/mt\/wp-json\/wp\/v2\/tags\/?post=101506"}],"curies":[{"name":"wp","href":"https:\/\/api.w.org\/{rel}","templated":true}]}}