{"id":101740,"date":"2021-07-09T08:19:31","date_gmt":"2021-07-09T06:19:31","guid":{"rendered":"https:\/\/manueldelia.com\/?p=101740"},"modified":"2021-07-09T12:17:16","modified_gmt":"2021-07-09T10:17:16","slug":"ikliet-u-multi-minn-butna","status":"publish","type":"post","link":"https:\/\/manueldelia.com\/mt\/2021\/07\/ikliet-u-multi-minn-butna\/","title":{"rendered":"Ikliet u multi minn butna"},"content":{"rendered":"<p>Jien nammira dawk il-\u0121urnalisti li j\u0127ossu l-\u0127tie\u0121a li jisfidaw lill-awtoritajiet li jippruvaw jikkastigawhom talli dawn jag\u0127\u017clu li jkunu vertjieri fir-rappurtar tag\u0127hom u ma jbag\u0127bsux rapporti biex jintog\u0127\u0121bu ma&#8217; dawn l-istess awtoritajiet. I\u017cda l-kap tal-a\u0127barijiet tal-istazzjon televi\u017civ nazzjonali m&#8217;hix \u0121urnalista. Hi biss propagandista tal-Partit Laburista li tqieg\u0127det fejn tinsab illum appuntu g\u0127aliex hi propagandista Laburista.<\/p>\n<p>Skont il-Kostituzzjoni, x-xandir pubbliku g\u0127andu jkun wie\u0127ed bilan\u010bjat u mparzjali u g\u0127andu jsemma&#8217; l-qniepen kollha lill-udjenza tieg\u0127u. Madankollu, Norma Saliba mo\u0127\u0127ha biss biex issemma&#8217; qanpiena wa\u0127da.<\/p>\n<p>Jason Azzopardi kien idde\u010bieda li dan jikkontestah quddiem l-Awtorit\u00e0 tax-Xandir li hi istituzzjoni ma\u0127luqa apposta mill-Kostituzzjoni biex tara li x-xandir pubbliku jkun wie\u0127ed imparzjali u \u0121ust. F&#8217;\u0120unju li g\u0127adda, l-Awtorit\u00e0 tax-Xandir tat ra\u0121un lil Jason Azzopardi u ordnat lill-PBS biex ixandar twe\u0121iba li kien g\u0127amel. Tal-PBS lill-Awtort\u00e0 tax-Xandir injorawha.<\/p>\n<p><a href=\"http:\/\/www.ba-malta.org\/tvm-news-16-ta-mejju-2021\" target=\"_blank\" rel=\"noopener\">Jason Azzopardi, li nzerta li hu bniedem li ma j\u010bedix kif \u0121ieb u le\u0127aq, re\u0121a&#8217; mar quddiem l-Awtorit\u00e0 tax-Xandir u lmenta mill-fatt li l-ordni li kienet in\u0127ar\u0121et f&#8217;\u0120unju kienet \u0121iet injorata mill-PBS. <\/a>\u00a0L-Awtorit\u00e0 re\u0121g\u0127et iddikjarat li Jason Azzopardi kellu ra\u0121un u ordnat lil Norma Saliba xxandar it-twe\u0121iba tieg\u0127u u \u017ciedet il-multa li kienet wa\u0127\u0127let lill-istazzjon nazzjonali bi ftit inqas minn \u20ac6,000.<\/p>\n<p>I\u017cda Norma Saliba wriet li ti\u0121i taqa&#8217; u tqum. Wara kollox, is-\u20ac6,000 mhux minn butha ser jo\u0127or\u0121u. Din m&#8217;hi tag\u0127mel xejn \u0127lief tikkopja lis-sidien politi\u010bi tag\u0127ha f&#8217;dik li hi ndifferenza lejn il-li\u0121ijiet, lejn l-istituzzjonijiet tal-Istat u lejn l-etika ba\u017cika \u0121urnalistika. U sadattant qed tkompli xxandar il-propaganda moq\u017cie\u017ca qisha m&#8217;hix hi.<\/p>\n<p>Wara kollox, \u0121aladarba lil Konrad Mizzi \u0127add ma ja\u017c\u017carda jmissu minkejja t-tix\u0127im, il-\u0127asil ta&#8217; flejjes u l-korruzzjoni, Norma Saliba g\u0127aliex g\u0127andha toqg\u0127od tikkonfondi?<\/p>\n<p>L-ilment ori\u0121inali ta&#8217; Jason Azzopardi kien talli tal-PBS kienu xandru l-attakki u x-xiljiet li kien g\u0127amel Carmelo Abela fil-konfront tieg\u0127u. U meta Jason Azzopardi wie\u0121eb, tal-PBS baqg\u0127u ma xandru xejn.<\/p>\n<p>I\u017cda mhux bi\u017c\u017cejjed li tkun Laburista leali tal-qalba tafux! Lill-pupazzi tieg\u0127u, Carmelo Abela j\u0127obb i\u017commhom ma djulu. F&#8217;dan ir-ritratt ta&#8217; hawn ta\u0127t jidher waqt \u017cjara li g\u0127amel f&#8217;Ruma aktar kmieni din il-\u0121img\u0127a. G\u0127al ra\u0121uni li m&#8217;hix mag\u0127rufa, fid-delegazzjoni kien hemm ukoll Norma Saliba.<\/p>\n<p>Lanqas biss jist\u0127u juru fil-bera\u0127 kemm jafu jaqg\u0127u fil-baxx.<\/p>\n<p><iframe style=\"border: none; overflow: hidden;\" src=\"https:\/\/www.facebook.com\/plugins\/post.php?href=https%3A%2F%2Fwww.facebook.com%2Fphoto.php%3Ffbid%3D369106154572427%26set%3Da.274685180681192%26type%3D3&amp;show_text=true&amp;width=500\" width=\"500\" height=\"281\" frameborder=\"0\" scrolling=\"no\" allowfullscreen=\"allowfullscreen\" data-mce-fragment=\"1\"><\/iframe><\/p>\n<p>G\u0127aliex tassew trid tkun il\u0127aqt il-qieg\u0127. B\u0127alissa l-pajji\u017c kollu, ibda&#8217; mill-\u0127addiema tal-ajruport innifihom, jinsab fuq ix-xwiek min\u0127abba l-pro\u010beduri li saru g\u0127al min itir lejn Malta. U g\u0127al tat-TVM dan it-t\u0127assib tan-nies jirrappurtawh b\u0127allikieku kien xi rapport tax-xandir ta&#8217; wara l-Purtiera tal-\u0126adid. Dawn qalu li: \u201cTuristi Ngli\u017ci jg\u0127idu li ma kellhomx g\u0127alfejn joqg\u0127odu jistennew biex ji\u0121u mg\u0127arbla dwar l-imxijja Covid\u201d.<\/p>\n<p>Tal-Awtorit\u00e0 tax-Xandir ma jistg\u0127ux i\u0121ieg\u0127lu lil Norma Saliba xxandar il-verit\u00e0. Il-verit\u00e0 ma t\u0127allaslekx l-ikliet f&#8217;Ruma. I\u0127allashom Carmelo Abela. U hi l-kumpannija li t\u0127allas il-multi tar-regolatur.<\/p>\n<p>I\u017cda fl-a\u0127\u0127ar mill-a\u0127\u0127ar hi l-Kaxxa ta&#8217; Malta li t\u0127allas g\u0127al dawn l-ikliet u l-multi.<\/p>\n","protected":false},"excerpt":{"rendered":"<p>Jien nammira dawk il-\u0121urnalisti li j\u0127ossu l-\u0127tie\u0121a li jisfidaw lill-awtoritajiet li jippruvaw jikkastigawhom talli dawn jag\u0127\u017clu li jkunu vertjieri fir-rappurtar tag\u0127hom u ma jbag\u0127bsux rapporti biex jintog\u0127\u0121bu ma&#8217; dawn l-istess awtoritajiet. I\u017cda l-kap tal-a\u0127barijiet tal-istazzjon televi\u017civ nazzjonali m&#8217;hix \u0121urnalista. Hi biss propagandista tal-Partit Laburista li tqieg\u0127det fejn tinsab illum appuntu g\u0127aliex hi propagandista Laburista. Skont [&hellip;]<\/p>\n","protected":false},"author":1,"featured_media":101734,"comment_status":"open","ping_status":"open","sticky":false,"template":"","format":"standard","meta":[],"categories":[54],"tags":[],"_links":{"self":[{"href":"https:\/\/manueldelia.com\/mt\/wp-json\/wp\/v2\/posts\/101740\/"}],"collection":[{"href":"https:\/\/manueldelia.com\/mt\/wp-json\/wp\/v2\/posts\/"}],"about":[{"href":"https:\/\/manueldelia.com\/mt\/wp-json\/wp\/v2\/types\/post\/"}],"author":[{"embeddable":true,"href":"https:\/\/manueldelia.com\/mt\/wp-json\/wp\/v2\/users\/1\/"}],"replies":[{"embeddable":true,"href":"https:\/\/manueldelia.com\/mt\/wp-json\/wp\/v2\/comments\/?post=101740"}],"version-history":[{"count":2,"href":"https:\/\/manueldelia.com\/mt\/wp-json\/wp\/v2\/posts\/101740\/revisions\/"}],"predecessor-version":[{"id":101742,"href":"https:\/\/manueldelia.com\/mt\/wp-json\/wp\/v2\/posts\/101740\/revisions\/101742\/"}],"wp:featuredmedia":[{"embeddable":true,"href":"https:\/\/manueldelia.com\/mt\/wp-json\/wp\/v2\/media\/101734\/"}],"wp:attachment":[{"href":"https:\/\/manueldelia.com\/mt\/wp-json\/wp\/v2\/media\/?parent=101740"}],"wp:term":[{"taxonomy":"category","embeddable":true,"href":"https:\/\/manueldelia.com\/mt\/wp-json\/wp\/v2\/categories\/?post=101740"},{"taxonomy":"post_tag","embeddable":true,"href":"https:\/\/manueldelia.com\/mt\/wp-json\/wp\/v2\/tags\/?post=101740"}],"curies":[{"name":"wp","href":"https:\/\/api.w.org\/{rel}","templated":true}]}}