{"id":102021,"date":"2021-07-29T13:03:11","date_gmt":"2021-07-29T11:03:11","guid":{"rendered":"https:\/\/manueldelia.com\/?p=102021"},"modified":"2021-07-29T13:29:33","modified_gmt":"2021-07-29T11:29:33","slug":"protesta-msejjha-ghal-lejla","status":"publish","type":"post","link":"https:\/\/manueldelia.com\/mt\/2021\/07\/protesta-msejjha-ghal-lejla\/","title":{"rendered":"Tissejja\u0127 protesta g\u0127al-lejla"},"content":{"rendered":"<p><img class=\"aligncenter size-full wp-image-102014\" src=\"https:\/\/manueldelia.com\/wp-content\/uploads\/2021\/07\/155940015_874589406448862_4174392416828901718_n.jpg\" alt=\"\" width=\"1441\" height=\"960\" srcset=\"https:\/\/manueldelia.com\/wp-content\/uploads\/2021\/07\/155940015_874589406448862_4174392416828901718_n-200x133.jpg 200w, https:\/\/manueldelia.com\/wp-content\/uploads\/2021\/07\/155940015_874589406448862_4174392416828901718_n-300x200.jpg 300w, https:\/\/manueldelia.com\/wp-content\/uploads\/2021\/07\/155940015_874589406448862_4174392416828901718_n-400x266.jpg 400w, https:\/\/manueldelia.com\/wp-content\/uploads\/2021\/07\/155940015_874589406448862_4174392416828901718_n-600x400.jpg 600w, https:\/\/manueldelia.com\/wp-content\/uploads\/2021\/07\/155940015_874589406448862_4174392416828901718_n-768x512.jpg 768w, https:\/\/manueldelia.com\/wp-content\/uploads\/2021\/07\/155940015_874589406448862_4174392416828901718_n-800x533.jpg 800w, https:\/\/manueldelia.com\/wp-content\/uploads\/2021\/07\/155940015_874589406448862_4174392416828901718_n.jpg 1024w, https:\/\/manueldelia.com\/wp-content\/uploads\/2021\/07\/155940015_874589406448862_4174392416828901718_n-1200x799.jpg 1200w\" sizes=\"(max-width: 1441px) 100vw, 1441px\" \/><\/p>\n<p>Repubblika, #occupyjustice u manueldelia.com qed isejj\u0127u protesta nazzjonali quddiem il-Ber\u0121a ta&#8217; Kastilja llejla fis-7pm.<\/p>\n<p>It-rapport tal-Inkjesta dwar il-qtil ta&#8217; Daphne Caruana Galizia jikkonferma li:<\/p>\n<ol>\n<li>L-Istat g\u0127andu jerfa\u2019 r-responsabbilt\u00e0 g\u0127all-assassinju ta\u2019 Daphne Caruana Galizia.<\/li>\n<li>Kien hemm kultura ta\u2019 impunit\u00e0 mifruxa li gawdew minnha uffi\u010bjali g\u0127oljin tal-amministrazzjoni pubblika, persuni ta\u2019 fidu\u010bja u \u010birku ristrett ta\u2019 politi\u010bi, negozjanti u kriminali.<\/li>\n<li>Kien hemm persuni b\u2019rabtiet ma\u2019 entitajiet tal-Istat li \u0121abu ru\u0127\u0127om b\u2019mod li bih kasbru u ppruvaw ixejjnu d-dritt ta\u2019 Daphne Caruana Galizia li te\u017cer\u010bita l-professjoni tag\u0127ha.<\/li>\n<li>Huwa kundannabbli l-fatt li istituzzjoni b\u0127alma hu l-korp tal-Pulizija naqas li jinvestiga allegazzjonijiet serji.<\/li>\n<li>Il-pjan biex Daphne Caruana Galizia ti\u0121i i\u017colata kien \u0121ie mfassal mill-uffi\u010b\u010bju tal-Prim Ministru.<\/li>\n<li>Fl-a\u0127\u0127ar mill-a\u0127\u0127ar l-Istat kien responsabbli g\u0127all-\u0127olqien ta\u2019 ambjent li kien ta palata biex ise\u0127\u0127 il-qtil.<\/li>\n<li>Il-membri tal-Kabinett g\u0127andhom responsabbilt\u00e0 kollettiva talli naqsu li ja\u0121ixxu wara li nkixfu l-iskandli Panama Papers u 17 Black.<\/li>\n<li>Id-de\u010bi\u017cjonijiet li kien \u0127a Joseph Muscat sa\u0127\u0127ew il-kultura ta\u2019 impunit\u00e0 li gawdew minnha persuni mda\u0127\u0127lin fil-kon\u0121ura li kien hemm bejn uffi\u010bjali pubbli\u010bi u negozjanti kbar li dwarhom kitbet Daphne Caruana Galizia.<\/li>\n<\/ol>\n<p>G\u0127aldaqstant il-gvern, il-ministri, uffi\u010bjali u persuni ta&#8217; fidu\u010bja li dwarhom jitkellem ir-rapport g\u0127andhom minnufih jerfg\u0127u r-responsabbilt\u00e0 li l-Inkjesta qieg\u0127det fuq spallejhom.<\/p>\n<ol>\n<li>L-Istat g\u0127andu jag\u0127mel apolo\u0121ija formali u g\u0127andu joffri l-kumpens lill-qraba ta&#8217;\u00a0 Daphne Caruana Galizia g\u0127at-telf li huma \u0121arrbu min\u0127abba r-responsabbilt\u00e0 tal-Istat.<\/li>\n<li>Ministri tal-Kabinett g\u0127andhom iwarrbu minnufih u flokhom jid\u0127lu dawk li fuq spallithom l-Inkjesta ma qieg\u0127det ebda responsabbilt\u00e0 .<\/li>\n<li>Il-Partit Laburista g\u0127andu jassigura li ma jippre\u017centax b\u0127ala kandidat f&#8217;kull elezzjoni futura ebda Ministru, uffi\u010bjal pubbliku\u00a0 jew persuna ta&#8217; fidu\u010bja li fuq spallithom tqieg\u0127det ir-responsabbilt\u00e0.<\/li>\n<li>Il-Partit Laburista g\u0127andu minnufih jie\u0127u passi biex ike\u010b\u010bi lil Joseph Muscat mill-partit.<\/li>\n<li>L-istituzzjonijiet g\u0127andhom jaraw li minnufih jittie\u0127du passi bil-qorti kontra dawk li \u0121ew identifikati mill-Inkjesta, passi li messhom ittie\u0127du \u017cmien twil ilu.<\/li>\n<li>G\u0127andu jin\u0127oloq Kumitat inter-istituzzjonali li g\u0127andu jinkludi lis-so\u010bjet\u00e0 \u010bivili sabiex ir-rapport ji\u0121i diskuss fid-dettall u sabiex jara li r-riformi proposti mill-Inkjesta ji\u0121u implimentati.<\/li>\n<li>Possibiliment dawn ir-riformi g\u0127andhom isiru qabel l-elezzjoni \u0121enerali li jmiss u li l-elezzjoni \u0121enerali g\u0127andha ssir meta jkun re\u0121istrat progress bi\u017c\u017cejjed fil-perijodu ta&#8217; din il-le\u0121islatura.<\/li>\n<\/ol>\n<p>Niltaqg\u0127u l-lejla fil-Belt Valletta biex ninsistu dwar il-talbiet li qed nag\u0127mlu.<\/p>\n","protected":false},"excerpt":{"rendered":"<p>Repubblika, #occupyjustice u manueldelia.com qed isejj\u0127u protesta nazzjonali quddiem il-Ber\u0121a ta&#8217; Kastilja llejla fis-7pm. It-rapport tal-Inkjesta dwar il-qtil ta&#8217; Daphne Caruana Galizia jikkonferma li: L-Istat g\u0127andu jerfa\u2019 r-responsabbilt\u00e0 g\u0127all-assassinju ta\u2019 Daphne Caruana Galizia. Kien hemm kultura ta\u2019 impunit\u00e0 mifruxa li gawdew minnha uffi\u010bjali g\u0127oljin tal-amministrazzjoni pubblika, persuni ta\u2019 fidu\u010bja u \u010birku ristrett ta\u2019 politi\u010bi, negozjanti [&hellip;]<\/p>\n","protected":false},"author":1,"featured_media":102034,"comment_status":"open","ping_status":"open","sticky":false,"template":"","format":"standard","meta":[],"categories":[54],"tags":[],"_links":{"self":[{"href":"https:\/\/manueldelia.com\/mt\/wp-json\/wp\/v2\/posts\/102021\/"}],"collection":[{"href":"https:\/\/manueldelia.com\/mt\/wp-json\/wp\/v2\/posts\/"}],"about":[{"href":"https:\/\/manueldelia.com\/mt\/wp-json\/wp\/v2\/types\/post\/"}],"author":[{"embeddable":true,"href":"https:\/\/manueldelia.com\/mt\/wp-json\/wp\/v2\/users\/1\/"}],"replies":[{"embeddable":true,"href":"https:\/\/manueldelia.com\/mt\/wp-json\/wp\/v2\/comments\/?post=102021"}],"version-history":[{"count":5,"href":"https:\/\/manueldelia.com\/mt\/wp-json\/wp\/v2\/posts\/102021\/revisions\/"}],"predecessor-version":[{"id":102027,"href":"https:\/\/manueldelia.com\/mt\/wp-json\/wp\/v2\/posts\/102021\/revisions\/102027\/"}],"wp:featuredmedia":[{"embeddable":true,"href":"https:\/\/manueldelia.com\/mt\/wp-json\/wp\/v2\/media\/102034\/"}],"wp:attachment":[{"href":"https:\/\/manueldelia.com\/mt\/wp-json\/wp\/v2\/media\/?parent=102021"}],"wp:term":[{"taxonomy":"category","embeddable":true,"href":"https:\/\/manueldelia.com\/mt\/wp-json\/wp\/v2\/categories\/?post=102021"},{"taxonomy":"post_tag","embeddable":true,"href":"https:\/\/manueldelia.com\/mt\/wp-json\/wp\/v2\/tags\/?post=102021"}],"curies":[{"name":"wp","href":"https:\/\/api.w.org\/{rel}","templated":true}]}}