{"id":103151,"date":"2021-09-06T10:40:38","date_gmt":"2021-09-06T08:40:38","guid":{"rendered":"https:\/\/manueldelia.com\/?p=103151"},"modified":"2021-09-07T07:09:26","modified_gmt":"2021-09-07T05:09:26","slug":"it-takes-two-to-tango-ta","status":"publish","type":"post","link":"https:\/\/manueldelia.com\/mt\/2021\/09\/it-takes-two-to-tango-ta\/","title":{"rendered":"Il-President g\u0127andu l-\u0127ila li jg\u0127aqqad permezz tal-im\u0121ieba tieg\u0127u"},"content":{"rendered":"<p><img class=\"aligncenter size-full wp-image-103117\" src=\"https:\/\/manueldelia.com\/wp-content\/uploads\/2021\/09\/7fd67ce20244e20032700b89cb8328c633c3be6f-1554221255-5ca388c7-620x348-1.jpg\" alt=\"\" width=\"620\" height=\"348\" srcset=\"https:\/\/manueldelia.com\/wp-content\/uploads\/2021\/09\/7fd67ce20244e20032700b89cb8328c633c3be6f-1554221255-5ca388c7-620x348-1-200x112.jpg 200w, https:\/\/manueldelia.com\/wp-content\/uploads\/2021\/09\/7fd67ce20244e20032700b89cb8328c633c3be6f-1554221255-5ca388c7-620x348-1-300x168.jpg 300w, https:\/\/manueldelia.com\/wp-content\/uploads\/2021\/09\/7fd67ce20244e20032700b89cb8328c633c3be6f-1554221255-5ca388c7-620x348-1-400x225.jpg 400w, https:\/\/manueldelia.com\/wp-content\/uploads\/2021\/09\/7fd67ce20244e20032700b89cb8328c633c3be6f-1554221255-5ca388c7-620x348-1-600x337.jpg 600w, https:\/\/manueldelia.com\/wp-content\/uploads\/2021\/09\/7fd67ce20244e20032700b89cb8328c633c3be6f-1554221255-5ca388c7-620x348-1.jpg 620w\" sizes=\"(max-width: 620px) 100vw, 620px\" \/><\/p>\n<p>Fost affarijiet o\u0127ra, l-President George Vella qieg\u0127ed pubblikament i\u010banfar lil dawk li jikkritikawh g\u0127ax, skont kif hu qieg\u0127ed kliemu, qed ixerrdu \u201cl-impressjoni falza\u201d li l-bi\u010b\u010ba l-kbira ta&#8217; dawk li g\u0127andhom kariga pubblika huma korrotti, b&#8217;xi mod jinsabu mimsusin u qed ja\u0127dmu b&#8217;risq \u010berti interessi mo\u0127bijin.<\/p>\n<p>Il-President espriema l-appo\u0121\u0121 tieg\u0127u g\u0127al kull min g\u0127andu kariga pubblika &#8211; b\u0127alu &#8211; li ja\u0127dmu b\u2019onest\u00e0 u ming\u0127ajr kompromessi mal-kuxjenza tag\u0127hom, i\u017cda qed ji\u0121u m\u017cebil\u0127a min\u0127abba din il-kritika. <a href=\"https:\/\/www.tvm.com.mt\/mt\/news\/jekk-se-ninqasmu-bejnietna-s-sahha-taghna-se-tispicca-il-president-vella\/\">Semma wkoll it-t\u0127assib tieg\u0127u g\u0127all-fatt li din l-impressjoni \u0127a\u017cina li qed ting\u0127ata li kul\u0127add huwa korrott mhix qed t\u0127ajjar li\u017c-\u017cg\u0127a\u017cag\u0127 li jinvolvu ru\u0127\u0127om fil-politika.<\/a><\/p>\n<p>Jidher li l-President ma segwiex ix-xandiriet tal-One TV ta&#8217; dan l-a\u0127\u0127ar.<\/p>\n<p>Fil-fehma tieg\u0127i l-President George Vella \u0127a falza stikka. Mhumiex il-kriti\u010bi tal-politi\u010bi korrotti li qed ipin\u0121u lill-politi\u010bi onesti f\u2019dawl ikrah. I\u017cda huma l-politi\u010bi korrotti nfushom li qed jag\u0127mlu dan. L-im\u0121ieba tag\u0127hom tant qed tag\u0127ti e\u017cempju \u0127a\u017cin li min \u0121enwinament ikun irid jag\u0127ti sehmu fis-so\u010bjet\u00e0 jispi\u010b\u010ba jikkonkludi li l-politika ma tg\u0127oddx g\u0127alih.<\/p>\n<p>George Vella jidher li \u0127a g\u0127alih u qed juri l-g\u0127adab tieg\u0127u. G\u0127amel riferenzi g\u0127at-\u201cti\u0121bid tal-ispag\u201d li, fil-fehma tieg\u0127i, ried jag\u0127ti r-risposta indiretta tieg\u0127u g\u0127al <a href=\"https:\/\/timesofmalta.com\/articles\/view\/the-cricket-that-bugs-you-alessandra-dee-crespo.897598\">artiklu mxandar mill-attivista Alessandra Dee Crespo fit-<em>Times of Malta<\/em> l-\u0121img\u0127a l-o\u0127ra<\/a>.<\/p>\n<p>Minkejja r-reputazzjoni li ng\u0127atajt, mhux ser inkun jien li niddetta l-mod dwar kif \u0127addie\u0127or g\u0127andu jwettaq xog\u0127lu. U \u010bertament mhux ser nag\u0127mel dan fil-konfront tal-President. I\u017cda jidhirli li kwalunkwe \u010bittadin ordinarju g\u0127andu l-\u0127ila li jesprimi t-tamiet tieg\u0127u dwar fiex g\u0127andhom jikkonsistu d-dmirijiet tal-President.<\/p>\n<p>Jidhirli li m&#8217;g\u0127andniex nittamaw li l-President g\u0127andu joqg\u0127od i\u0127ares ir-reputazzjoni personali tieg\u0127u. Ma messux tkellem bit-ton difensiv li tkellem bih. U s-sej\u0127iet tieg\u0127u sabiex kul\u0127add jinsa l-img\u0127oddi b\u0127allikieku \u017c-\u017cmien li fih iggverna Joseph Muscat ma se\u0127\u0127x (biex ma nsemmix ir-rwol ewlieni tieg\u0127u tul dak i\u017c-\u017cmien) i\u0121ieg\u0127luni nissuspetta \u0127a\u017cin dwar l-intenzjonijiet tieg\u0127u.<\/p>\n<p>Id-dibattitu dwar x\u2019g\u0127amel jew x\u2019m\u2019g\u0127amilx tul dawk is-snin ta\u2019 Joseph Muscat, qabel u wara li nkixfu l-Panama Papers, qabel u wara li nqatlet Daphne Caruana Galizia, u qabel u wara sirna nafu dwar 17 Black, huwa rilevanti g\u0127aliex huwa e\u017cami tal-karattru tieg\u0127u li g\u0127andu jwassal biex jg\u0127idilna issa jixraqlux ir-rwol ta\u2019 medjatur.<\/p>\n<p>Jidhirli li l-im\u0121ieba attwali ta\u2019 George Vella g\u0127andha l-potenzjal li t\u0127assar in-nuqqasijiet tal-passat tieg\u0127u u jinfeda. I\u017cda kull darba li jiddefendih, il-passat tieg\u0127u jkun qed i\u0121eddu. Kull darba li jiddefendi l-im\u0121ieba tieg\u0127u ta&#8217; sebg\u0127a, erbg\u0127a u sentejn ilu, ikun qed jiddefendi lil Joseph Muscat.<\/p>\n<p>Biex ikun jista&#8217; jsewwi l-firda li te\u017cisti f&#8217;pajji\u017cna u li qed jilmenta dwarha, l-President g\u0127andu j\u017comm ru\u0127u &#8216;l bog\u0127od minn Joseph Muscat. Nafu bi\u017c\u017cejjed persuni min-na\u0127a wa\u0127da li, permezz tal-protesti tag\u0127hom biswit il-mafkar tal-Assedju l-Kbir fil-Belt Valletta, g\u0127adhom sal-lum jinsistu mal-istituzzjonijet li ssir \u0121ustizzja ma&#8217; dawk li kisru l-li\u0121ijiet. Nixtiequ naraw persuni minn na\u0127a l-o\u0127ra jag\u0127mlu l-istess. Naturalment dawn huma persuni b&#8217;img\u0127oddi li fih\u00a0 \u0127adu de\u010bi\u017cjonijiet u \u0121abu ru\u0127hom b\u2019mod li mieg\u0127u \u010bertament ma qbilniex. Kif, wara kollox, dawn mhumiex se jaqblu mal-img\u0127oddi tag\u0127na stess.<\/p>\n<p><a href=\"https:\/\/newsbook.com.mt\/en\/daphnes-murder-state-responsible-what-should-the-president-do\/\">F&#8217;intervista fuq radju 103 ma\u2019 Fr Joe Borg, George Vella tkellem dwar il-vot tieg\u0127u fil-Parlament dakinhar li l-Kamra tad-Deputati intalbet turi l-isfidu\u010bja f\u2019Konrad Mizzi wara l-kxif tal-Panama Papers.<\/a> Dakinhar huwa vvota favur Konrad Mizzi. Hawn ma naqblux mieg\u0127u. Li kieku vvota mod ie\u0127or, il-pajji\u017c kien jiffranka \u0127afna inkwiet. \u010aertament huwa ma jaqbilx ma kull min ivvota biex i\u0121ieg\u0127lu jwarrab u qal li dawn kienu vvutaw kif ivvutaw minkejja l-fatt li ma kienx hemm provi u g\u0127aldaqstant ivvutaw b&#8217;mod parti\u0121\u0121jan.<\/p>\n<p>Hu x&#8217;inhu, jekk huwa juri li g\u0127andu l-\u0127ila li jag\u0127laq g\u0127ajnejh g\u0127all-mod kif ivvutaw dawk li ma kienx jaqbel mag\u0127hom, a\u0127na nkunu nistg\u0127u nag\u0127mlu l-istess fil-konfront tieg\u0127u. Wara kollox, hu l-President. Sta g\u0127alih li ja\u0127dem biex isewwi l-firdiet (u mhux joqg\u0127od jilmenta dwarhom biss) u fil-kwiet jing\u0127aqad mag\u0127na fl-insistenza tag\u0127na favur il-\u0121ustizzja g\u0127al Daphne Caruana Galizia. Tlabnieh imur biswit il-mafkar tal-Assedju l-Kbir u jqieg\u0127ed il-fjuri u x-xemg\u0127at.<\/p>\n<p>Fl-intervista fuq radju 103, huwa stqarr li ma jsib ebda problema li jag\u0127mel dan dment li jkollu l-permess tal-familja. Li hu ta&#8217; sinifikat huwa l-fatt li din l-offerta g\u0127amilha fil-pubbliku. Sa dakinhar anki dan kien g\u0127adu qed jirrifjuta li jag\u0127mlu. G\u0127aldaqstant jidher li kien hemm xi \u010baqliq g\u0127all-a\u0127jar.<\/p>\n<p>Jien m&#8217;jiniex il-portavu\u010bi tal-familja ta\u2019 Daphne u mhux bi\u0127siebni nbassar il-fehmiet tag\u0127hom dwar dan is-su\u0121\u0121ett.<\/p>\n<p>Kulma nista\u2019 ng\u0127id hu li minn dakinhar li bdew il-protesti fil-Belt Valletta erba\u2019 snin ilu, il-qima u l-\u0121ie\u0127 li bqajna nag\u0127tu lil Daphne Caruana Galizia kien u baqa&#8217; wirja ta\u2019 appo\u0121\u0121 s\u0127i\u0127 lejn il-familja tag\u0127ha. Qatt ma laqlaqna, qatt ma u\u017cajna ton difensiv jew tkellimna \u017cejjed dwar il-kwalitajiet ta\u2019 Daphne. Qatt ma kien hemm ambigwit\u00e0 fil-konfront tal-istituzzjonijiet fl-insistenza tag\u0127na g\u0127all-\u0121ustizzja g\u0127aliha. \u0120ustizzja g\u0127aliha kif ukoll \u0121ustizzja g\u0127all-motivazzjoni wara l-qtil tag\u0127ha.<\/p>\n<p>Jidhirli li l-President George Vella g\u0127andu l-\u0127ila li jdewwi l-feriti. Dejjem jekk iridna nemmnu li m\u2019hemm \u0127add jostakolah min\u0127abba lealtajiet fil-konfront tal-partit u l-partitarji.<\/p>\n<p>Jidhirli wkoll li l-President George Vella g\u0127andu l-\u0127ila li jsib tarf tal-firdiet nazzjonali tag\u0127na bis-sa\u0127\u0127a tal-im\u0121ieba tieg\u0127u. M&#8217;g\u0127andix dubju li g\u0127andu l-\u0127ila li, bil-pre\u017cenza tieg\u0127u, lil tal-One TV i\u0121eg\u0127elhom ixandru rapport dwar il-\u0121ie\u0127 u l-qima li jkun ta lil Daphne Caruana Galizia u b\u2019hekk jeg\u0127leb il-mibg\u0127eda u l-pre\u0121udizzju li dawn kienu ilhom ji\u017cirg\u0127u tul dawk is-snin kollha sa dakinhar ta&#8217; mewtha.<\/p>\n<p>Jidhirli li l-President George Vella g\u0127andu l-\u0127ila aktar minn \u0127addie\u0127or li jg\u0127aqqad il-pajji\u017c. G\u0127andu l-\u0127ila aktar minn dawk li jappo\u0121\u0121awh jew li jikkritikawh, aktar mill-politi\u010bi jew mit-trolls li ja\u0127sbu li qed iservu lil pajji\u017chom huma u jxerrdu gideb u mibg\u0127eda kuljum fuq il-Facebook.<\/p>\n<p>G\u0127alhekk nitlob lil George Vella ma jibqax jitkellem dwar l-g\u0127aqda nazzjonali. Permezz tal-im\u0121ieba tieg\u0127u jista&#8217; juri li din l-g\u0127aqda tista\u2019 sse\u0127\u0127.<\/p>\n","protected":false},"excerpt":{"rendered":"<p>Fost affarijiet o\u0127ra, l-President George Vella qieg\u0127ed pubblikament i\u010banfar lil dawk li jikkritikawh g\u0127ax, skont kif hu qieg\u0127ed kliemu, qed ixerrdu \u201cl-impressjoni falza\u201d li l-bi\u010b\u010ba l-kbira ta&#8217; dawk li g\u0127andhom kariga pubblika huma korrotti, b&#8217;xi mod jinsabu mimsusin u qed ja\u0127dmu b&#8217;risq \u010berti interessi mo\u0127bijin. Il-President espriema l-appo\u0121\u0121 tieg\u0127u g\u0127al kull min g\u0127andu kariga pubblika [&hellip;]<\/p>\n","protected":false},"author":1,"featured_media":103118,"comment_status":"open","ping_status":"open","sticky":false,"template":"","format":"standard","meta":[],"categories":[54],"tags":[],"_links":{"self":[{"href":"https:\/\/manueldelia.com\/mt\/wp-json\/wp\/v2\/posts\/103151\/"}],"collection":[{"href":"https:\/\/manueldelia.com\/mt\/wp-json\/wp\/v2\/posts\/"}],"about":[{"href":"https:\/\/manueldelia.com\/mt\/wp-json\/wp\/v2\/types\/post\/"}],"author":[{"embeddable":true,"href":"https:\/\/manueldelia.com\/mt\/wp-json\/wp\/v2\/users\/1\/"}],"replies":[{"embeddable":true,"href":"https:\/\/manueldelia.com\/mt\/wp-json\/wp\/v2\/comments\/?post=103151"}],"version-history":[{"count":5,"href":"https:\/\/manueldelia.com\/mt\/wp-json\/wp\/v2\/posts\/103151\/revisions\/"}],"predecessor-version":[{"id":103161,"href":"https:\/\/manueldelia.com\/mt\/wp-json\/wp\/v2\/posts\/103151\/revisions\/103161\/"}],"wp:featuredmedia":[{"embeddable":true,"href":"https:\/\/manueldelia.com\/mt\/wp-json\/wp\/v2\/media\/103118\/"}],"wp:attachment":[{"href":"https:\/\/manueldelia.com\/mt\/wp-json\/wp\/v2\/media\/?parent=103151"}],"wp:term":[{"taxonomy":"category","embeddable":true,"href":"https:\/\/manueldelia.com\/mt\/wp-json\/wp\/v2\/categories\/?post=103151"},{"taxonomy":"post_tag","embeddable":true,"href":"https:\/\/manueldelia.com\/mt\/wp-json\/wp\/v2\/tags\/?post=103151"}],"curies":[{"name":"wp","href":"https:\/\/api.w.org\/{rel}","templated":true}]}}