{"id":103895,"date":"2021-10-07T10:43:15","date_gmt":"2021-10-07T08:43:15","guid":{"rendered":"https:\/\/manueldelia.com\/?p=103895"},"modified":"2021-10-08T19:52:54","modified_gmt":"2021-10-08T17:52:54","slug":"tintebah-li-l-elezzjoni-tinsab-fil-qrib","status":"publish","type":"post","link":"https:\/\/manueldelia.com\/mt\/2021\/10\/tintebah-li-l-elezzjoni-tinsab-fil-qrib\/","title":{"rendered":"Tinteba\u0127 li l-elezzjoni tinsab fil-qrib&#8230;&#8230;&#8230;.."},"content":{"rendered":"<p>Dakinhar li l-Papa j\u0127assar stedina g\u0127all-ikel.<\/p>\n<p>U dakinhar li l-awtorit\u00e0 dwar it-tmexxija tat-traffiku jkun jidrilha li g\u0127andu jitne\u0127\u0127a speed camera biex b&#8217;hekk jitnaqqas deterrent u g\u0127odda biex ti\u0121i infurzata l-li\u0121i li g\u0127andha l-iskop li tikkontrolla l-velo\u010bit\u00e0 e\u010b\u010bessiva.<\/p>\n<p>U dakinhar li de\u010bi\u017cjoni b\u0127al din ti\u0121i diskussa wkoll fl-og\u0127la livelli tal-gvern &#8211; ji\u0121ifieri fil-Kabinett tal-Ministri \u2013 u wkoll ti\u0121i m\u0127abbra fuq ix-xandir tal-istat b&#8217;mod li jixba\u0127 ferm a\u0127bar im\u0127abbra minn Pyongyang TV li, grazzi g\u0127all-g\u0127erf tal-Kbir Mexxej Kim, il-Korea ta&#8217; Fuq g\u0127adha kemm sparat vettura spazjali lejn ix-xemx.<\/p>\n<p>Dan, jiddispja\u010bini ng\u0127id, huwa l-pajji\u017c li qed ng\u0127ixu fih.<\/p>\n<p>U ninsabu appik li ner\u0121g\u0127u n\u0121eddulhom i\u010b-\u010bens g\u0127al 5 snin o\u0127ra.<\/p>\n<p><img class=\"aligncenter size-full wp-image-103885\" src=\"https:\/\/manueldelia.com\/wp-content\/uploads\/2021\/10\/PIC-THREE.jpg\" alt=\"\" width=\"2048\" height=\"1536\" srcset=\"https:\/\/manueldelia.com\/wp-content\/uploads\/2021\/10\/PIC-THREE-200x150.jpg 200w, https:\/\/manueldelia.com\/wp-content\/uploads\/2021\/10\/PIC-THREE-300x225.jpg 300w, https:\/\/manueldelia.com\/wp-content\/uploads\/2021\/10\/PIC-THREE-400x300.jpg 400w, https:\/\/manueldelia.com\/wp-content\/uploads\/2021\/10\/PIC-THREE-600x450.jpg 600w, https:\/\/manueldelia.com\/wp-content\/uploads\/2021\/10\/PIC-THREE-768x576.jpg 768w, https:\/\/manueldelia.com\/wp-content\/uploads\/2021\/10\/PIC-THREE-800x600.jpg 800w, https:\/\/manueldelia.com\/wp-content\/uploads\/2021\/10\/PIC-THREE.jpg 1024w, https:\/\/manueldelia.com\/wp-content\/uploads\/2021\/10\/PIC-THREE-1200x900.jpg 1200w, https:\/\/manueldelia.com\/wp-content\/uploads\/2021\/10\/PIC-THREE-1536x1152.jpg 1536w\" sizes=\"(max-width: 2048px) 100vw, 2048px\" \/><\/p>\n","protected":false},"excerpt":{"rendered":"<p>Dakinhar li l-Papa j\u0127assar stedina g\u0127all-ikel. U dakinhar li l-awtorit\u00e0 dwar it-tmexxija tat-traffiku jkun jidrilha li g\u0127andu jitne\u0127\u0127a speed camera biex b&#8217;hekk jitnaqqas deterrent u g\u0127odda biex ti\u0121i infurzata l-li\u0121i li g\u0127andha l-iskop li tikkontrolla l-velo\u010bit\u00e0 e\u010b\u010bessiva. U dakinhar li de\u010bi\u017cjoni b\u0127al din ti\u0121i diskussa wkoll fl-og\u0127la livelli tal-gvern &#8211; ji\u0121ifieri fil-Kabinett tal-Ministri \u2013 u [&hellip;]<\/p>\n","protected":false},"author":1,"featured_media":103886,"comment_status":"open","ping_status":"open","sticky":false,"template":"","format":"standard","meta":[],"categories":[54],"tags":[],"_links":{"self":[{"href":"https:\/\/manueldelia.com\/mt\/wp-json\/wp\/v2\/posts\/103895\/"}],"collection":[{"href":"https:\/\/manueldelia.com\/mt\/wp-json\/wp\/v2\/posts\/"}],"about":[{"href":"https:\/\/manueldelia.com\/mt\/wp-json\/wp\/v2\/types\/post\/"}],"author":[{"embeddable":true,"href":"https:\/\/manueldelia.com\/mt\/wp-json\/wp\/v2\/users\/1\/"}],"replies":[{"embeddable":true,"href":"https:\/\/manueldelia.com\/mt\/wp-json\/wp\/v2\/comments\/?post=103895"}],"version-history":[{"count":4,"href":"https:\/\/manueldelia.com\/mt\/wp-json\/wp\/v2\/posts\/103895\/revisions\/"}],"predecessor-version":[{"id":103907,"href":"https:\/\/manueldelia.com\/mt\/wp-json\/wp\/v2\/posts\/103895\/revisions\/103907\/"}],"wp:featuredmedia":[{"embeddable":true,"href":"https:\/\/manueldelia.com\/mt\/wp-json\/wp\/v2\/media\/103886\/"}],"wp:attachment":[{"href":"https:\/\/manueldelia.com\/mt\/wp-json\/wp\/v2\/media\/?parent=103895"}],"wp:term":[{"taxonomy":"category","embeddable":true,"href":"https:\/\/manueldelia.com\/mt\/wp-json\/wp\/v2\/categories\/?post=103895"},{"taxonomy":"post_tag","embeddable":true,"href":"https:\/\/manueldelia.com\/mt\/wp-json\/wp\/v2\/tags\/?post=103895"}],"curies":[{"name":"wp","href":"https:\/\/api.w.org\/{rel}","templated":true}]}}