{"id":104496,"date":"2021-10-21T10:10:39","date_gmt":"2021-10-21T08:10:39","guid":{"rendered":"https:\/\/manueldelia.com\/?p=104496"},"modified":"2021-10-21T19:17:04","modified_gmt":"2021-10-21T17:17:04","slug":"merhla-moghoz","status":"publish","type":"post","link":"https:\/\/manueldelia.com\/mt\/2021\/10\/merhla-moghoz\/","title":{"rendered":"Mer\u0127la mog\u0127o\u017c"},"content":{"rendered":"<p>Jidher li mhux bi\u017c\u017cejjed g\u0127all-membri ta&#8217; dan il-gvern il-kwa\u017ci \u010bertezza li \u010b-\u010bens li g\u0127andhom fuq is-si\u0121\u0121u tas-setg\u0127a ser ji\u0121\u0121eddidilhom g\u0127al 5 snin o\u0127ra. Xorta wa\u0127da j\u0127ossu l-\u0127tie\u0121a li l-qilla tat-trolls jinfexxuha fuq l-avversarji tag\u0127hom li ta&#8217; sikwit itemmu n-nuqqas ta&#8217; argumenti li j\u0121ibu bil-kliem \u201cerbg\u0127in elf\u201d u bi stampa ta&#8217; ringiela lumi.<\/p>\n<p>Araw ftit x&#8217;g\u0127o\u0121bu jikteb Alex Agius Saliba.<\/p>\n<p><iframe style=\"border: none; overflow: hidden;\" src=\"https:\/\/www.facebook.com\/plugins\/post.php?href=https%3A%2F%2Fwww.facebook.com%2Falexagiussaliba%2Fposts%2F415260119969677&amp;show_text=true&amp;width=500\" width=\"500\" height=\"639\" frameborder=\"0\" scrolling=\"no\" allowfullscreen=\"allowfullscreen\" data-mce-fragment=\"1\"><\/iframe><\/p>\n<p>Issa kul\u0127add jaf li l-ista\u0121un tal-insib huwa kollox barra e\u017cer\u010bizzju ta&#8217; ri\u010berka. Ma ssir ebda forma ta&#8217; ri\u010berka min-nassaba. Kulma jag\u0127mlu dawn hu li jonsbu l-g\u0127asafar. Meta tissemma&#8217; r-ri\u010berka ma tkun qed ting\u0127ad xejn \u0127lief gidba mmirata biex tikser il-li\u0121ijiet. Dan l-a\u0121ir huwa riflessjoni tal-attitudni tag\u0127na fil-konfront tal-li\u0121ijiet. Mo\u0127\u0127na biex nivvintaw l-isku\u017ci li \u0127add ma jemminhom u mbag\u0127ad ng\u0127addu wkoll biex ni\u010b\u010bajtaw dwar l-im\u0121iba tag\u0127na.<\/p>\n<p>Ian Borg stqarr li \u201c<a href=\"https:\/\/newsbook.com.mt\/en\/if-we-do-nothing-our-children-will-curse-us-borg-on-metro\/\" target=\"_blank\" rel=\"noopener\">uliedna g\u0127ad jis\u0127tuna kemm-il darba ma nibdewx nibnu l-metro minn issa<\/a>\u201d. F&#8217;daqqa wa\u0127da l-kwistjoni tal-metro saret wa\u0127da ta&#8217; ur\u0121enza kritika. Ilhom 8 snin jibnu u jwessg\u0127u t-toroq, \u0127assru l-iskemi kollha tal-immani\u0121\u0121jar tal-parking, lanqas biss g\u0127addiltilhom minn mo\u0127\u0127om li jikkunsidraw il-congestion charging, tkellmu favur il-bini ta&#8217; mina bejn il-g\u017cejjer b\u0127ala l-unika soluzzjoni u issa qed jg\u0127idulna li jekk ma nitkellmux favur il-pro\u0121ett tal-metro u ninjoraw l-ispejje\u017c reali tag\u0127ha u tal-implikazzjonijiet, ikun ifisser li nobog\u0127du lil uliedna.<\/p>\n<p>Ftit ilu Konrad Mizzi \u0127abbar li kien ser jattendi laqg\u0127a tal-Kumitat Parlamentari dwar il-Kontijiet Pubbli\u010bi wara li rrifjuta li jattendi g\u0127al \u017cew\u0121 seduti wara xulxin, biex imbag\u0127ad re\u0121a&#8217; bdielu, xela&#8217; li\u010b-Chairman tal-PAC talli g\u0127amillu t-tielet appuntament u \u0127are\u0121 bi sku\u017ca li l-avukat tieg\u0127u (ma\u0121istrat irtirat li g\u0127andu klijent wie\u0127ed biss, ji\u0121ifieri Konrad Mizzi) ma setax jattendi. Konrad Mizzi wera d-disprezz tieg\u0127u lejn il-Parlament, istituzzjoni li fiha kien \u0121ie elett biex iservi g\u0127al darbtejn, u g\u0127andu l-wi\u010b\u010b sfiq <a href=\"https:\/\/lovinmalta.com\/news\/i-will-not-stand-for-this-arrogance-konrad-mizzi-delays-pac-appearance-over-electrogas-once-again\/\" target=\"_blank\" rel=\"noopener\">li jsejja\u0127 &#8220;arroganti&#8221; li\u010b-chairman tal-PAC Beppe Fenech Adami<\/a>. U dlonk wie\u0121bu mijiet ta&#8217; partitarji biex jesprimu s-&#8220;solidarjet\u00e0&#8221; tag\u0127hom ma&#8217; Konrad Mizzi b\u0127allikieku hu xi vittma.<\/p>\n<p><img class=\"aligncenter size-full wp-image-104478\" src=\"https:\/\/manueldelia.com\/wp-content\/uploads\/2021\/10\/WhatsApp-Image-2021-10-20-at-16.46.34.jpeg\" alt=\"\" width=\"1080\" height=\"173\" srcset=\"https:\/\/manueldelia.com\/wp-content\/uploads\/2021\/10\/WhatsApp-Image-2021-10-20-at-16.46.34-200x32.jpeg 200w, https:\/\/manueldelia.com\/wp-content\/uploads\/2021\/10\/WhatsApp-Image-2021-10-20-at-16.46.34-300x48.jpeg 300w, https:\/\/manueldelia.com\/wp-content\/uploads\/2021\/10\/WhatsApp-Image-2021-10-20-at-16.46.34-400x64.jpeg 400w, https:\/\/manueldelia.com\/wp-content\/uploads\/2021\/10\/WhatsApp-Image-2021-10-20-at-16.46.34-600x96.jpeg 600w, https:\/\/manueldelia.com\/wp-content\/uploads\/2021\/10\/WhatsApp-Image-2021-10-20-at-16.46.34-768x123.jpeg 768w, https:\/\/manueldelia.com\/wp-content\/uploads\/2021\/10\/WhatsApp-Image-2021-10-20-at-16.46.34-800x128.jpeg 800w, https:\/\/manueldelia.com\/wp-content\/uploads\/2021\/10\/WhatsApp-Image-2021-10-20-at-16.46.34.jpeg 1024w\" sizes=\"(max-width: 1080px) 100vw, 1080px\" \/> <img class=\"aligncenter size-full wp-image-104480\" src=\"https:\/\/manueldelia.com\/wp-content\/uploads\/2021\/10\/WhatsApp-Image-2021-10-20-at-15.50.35.jpeg\" alt=\"\" width=\"1080\" height=\"473\" srcset=\"https:\/\/manueldelia.com\/wp-content\/uploads\/2021\/10\/WhatsApp-Image-2021-10-20-at-15.50.35-200x88.jpeg 200w, https:\/\/manueldelia.com\/wp-content\/uploads\/2021\/10\/WhatsApp-Image-2021-10-20-at-15.50.35-300x131.jpeg 300w, https:\/\/manueldelia.com\/wp-content\/uploads\/2021\/10\/WhatsApp-Image-2021-10-20-at-15.50.35-400x175.jpeg 400w, https:\/\/manueldelia.com\/wp-content\/uploads\/2021\/10\/WhatsApp-Image-2021-10-20-at-15.50.35-600x263.jpeg 600w, https:\/\/manueldelia.com\/wp-content\/uploads\/2021\/10\/WhatsApp-Image-2021-10-20-at-15.50.35-768x336.jpeg 768w, https:\/\/manueldelia.com\/wp-content\/uploads\/2021\/10\/WhatsApp-Image-2021-10-20-at-15.50.35-800x350.jpeg 800w, https:\/\/manueldelia.com\/wp-content\/uploads\/2021\/10\/WhatsApp-Image-2021-10-20-at-15.50.35.jpeg 1024w\" sizes=\"(max-width: 1080px) 100vw, 1080px\" \/> <img class=\"aligncenter size-full wp-image-104482\" src=\"https:\/\/manueldelia.com\/wp-content\/uploads\/2021\/10\/WhatsApp-Image-2021-10-20-at-16.30.52.jpeg\" alt=\"\" width=\"796\" height=\"1600\" srcset=\"https:\/\/manueldelia.com\/wp-content\/uploads\/2021\/10\/WhatsApp-Image-2021-10-20-at-16.30.52-149x300.jpeg 149w, https:\/\/manueldelia.com\/wp-content\/uploads\/2021\/10\/WhatsApp-Image-2021-10-20-at-16.30.52-200x402.jpeg 200w, https:\/\/manueldelia.com\/wp-content\/uploads\/2021\/10\/WhatsApp-Image-2021-10-20-at-16.30.52-400x804.jpeg 400w, https:\/\/manueldelia.com\/wp-content\/uploads\/2021\/10\/WhatsApp-Image-2021-10-20-at-16.30.52.jpeg 509w, https:\/\/manueldelia.com\/wp-content\/uploads\/2021\/10\/WhatsApp-Image-2021-10-20-at-16.30.52-600x1206.jpeg 600w, https:\/\/manueldelia.com\/wp-content\/uploads\/2021\/10\/WhatsApp-Image-2021-10-20-at-16.30.52-764x1536.jpeg 764w, https:\/\/manueldelia.com\/wp-content\/uploads\/2021\/10\/WhatsApp-Image-2021-10-20-at-16.30.52-768x1544.jpeg 768w\" sizes=\"(max-width: 796px) 100vw, 796px\" \/><\/p>\n<p>Fost dawn il-partitarji tfa\u010b\u010ba isem Tarcisio Mifsud <a href=\"https:\/\/newsbook.com.mt\/en\/court-orders-proceedings-against-tarcisio-mifsud-be-closed-within-4-months\/\" target=\"_blank\" rel=\"noopener\">li jinsab mixli li kien ixxa\u0127\u0127am b\u0127ala impjegat g\u0127oli mal-Enemalta.<\/a><\/p>\n<p><a href=\"https:\/\/timesofmalta.com\/articles\/view\/robert-abela-promises-to-create-new-prosperity-for-malta.909052\" target=\"_blank\" rel=\"noopener\">Hu u jikkonkludi d-diskors tieg\u0127u tal-ba\u0121it Robert Abela stqarr li l-gvern g\u0127andu r-rekord f&#8217;idejh ta&#8217; kemm g\u0127adda li\u0121ijiet biex isa\u0127\u0127a\u0127 is-saltna tad-dritt.<\/a> Tkellem flok Edward Zammit Lewis li b\u0127al donnu sparixxa mix-xena issa li qed jissielet biex i\u0127ares il-karriera politika tieg\u0127u. Li kieku tassew tirrenja s-saltna tad-dritt, Zammit Lewis kien ikun l-ewwel li jwarrab mill-politika minnufih. It-tibdiliet li saru se\u0127\u0127ew biss sforz il-pressjoni li g\u0127amlu fuq il-gvern tal-Kunsill tal-Ewropa u tal-Qorti Ewropea tal-\u0120ustizzja. Sadattant il-konvenzjoni kostituzzjonali li kienu wieg\u0127du tal-Labour qabel l-elezzjoni tal-2013 baqg\u0127et biss \u0127olma.<\/p>\n<p>Matul l-istess diskors Robert Abela wieg\u0127ed li l-gvern li jmiss immexxi minnu ser i\u0127ares lill-ambjent u ammetta li tal-Labour kienu ttraskuraw dan il-qasam fl-ewwel 8 snin tag\u0127hom fit-tmun. U lill-ambjent kienu ttraskurawh tort tan-Nazzjonalisti li fl-2013 \u0127allew pajji\u017c b&#8217;ekonomija sta\u0121nata. Spe\u010bi ta&#8217;, biex setg\u0127u jag\u0127tu spinta lill-ekonomija, tal-Labour kellhom ta&#8217; bilfors jittraskuraw lill-ambjent. Hekk sewwa! Kull darba li te\u0127\u017cien l-ekonomija tal-pajji\u017c &#8211; u f&#8217;kull pajji\u017c l-ekonomija tg\u0127addi minn fa\u017cijiet tajbin u minn fa\u017cijiet \u0127\u017ciena u Malta mhix e\u010b\u010bezzjoni &#8211; nistg\u0127u na\u0127arqu kull m&#8217;hawn. Mhux talli m&#8217;g\u0127andniex nirrabjaw meta naraw lill-gvern jelimina s-si\u0121ar u jkerrah l-ambjent rurali u urban, i\u017cda lill-gvern g\u0127andna nixg\u0127elulu x-xemg\u0127at u nin\u017clu g\u0127arrkupptejna a\u0127na u ni\u017c\u017cuh \u0127ajr!<\/p>\n<p><a href=\"https:\/\/manueldelia.com\/2021\/10\/walking-the-talk-2\/\" target=\"_blank\" rel=\"noopener\">Min-na\u0127a tieg\u0127u, Clyde Caruana irrikonoxxa li l-edukazzjoni hi l-akbar sfida li g\u0127andna quddiemna u li hi qasam li je\u0127tie\u0121 ir-riformi. <\/a>Huwa stqarr li s-servizzi edukattivi je\u0127tie\u0121 li jitjiebu jekk irridu naslu biex in\u017cidu l-produttivit\u00e0 tag\u0127na. U li sakemm din ti\u017cdied ma nistg\u0127ux nibdew na\u0127sbu biex inqassru l-\u0121ranet tax-xog\u0127ol. I\u017cda mbag\u0127ad g\u0127amel ba\u0121it li ser ffinanzja aktar lil kull qasam, minbarra dak tal-edukazzjoni.<\/p>\n<p>Il-paroli dwar \u201cprosperit\u00e0 \u0121dida\u201d mhuma xejn \u0127lief e\u017cer\u010bizzju ta&#8217; trolling. <a href=\"https:\/\/manueldelia.com\/2021\/10\/better-than-the-best-of-times\/\" target=\"_blank\" rel=\"noopener\">Il-ba\u0121it kollu huwa msejjes fuq il-premessa li Malta ser ikollha tkabbir ekonomiku ming\u0127ajr pre\u010bedent.\u00a0 <\/a>Kemm-il darba nibilg\u0127uha li din il-premessa hi wa\u0127da kredibbli, ikollna nag\u0127lqu g\u0127ajnejna g\u0127all-evidenza \u010bara li tinsab quddiem wi\u010b\u010bna u nibdew niddubitaw a\u0127niex qed ni\u0121\u0121ennu. B\u0127allikieku l-Lista l-Gri\u017ca li xe\u0127tuna fiha ma te\u017cistix. B\u0127allikieku d-dinja mhix miexja b&#8217;mod mg\u0127a\u0121\u0121el lejn l-armonizzazzjoni tat-taxxi. B\u0127allikieku r-reputazzjoni ta&#8217; Malta f&#8217;g\u0127ajnejn id-dinja ma saritilhiex \u0127sara kbira. Kollox jinsab fl-imma\u0121inazzjoni ta&#8217; mo\u0127\u0127na g\u0127aliex a\u0127na Nazzjonalisti pre\u0121udikati u g\u0127ajjurin g\u0127as-su\u010b\u010bessi u g\u0127all-g\u0127erf bla tarf tal-Labour!<\/p>\n<p>Sar \u0127afna diskors dwar l-inkjesta dwar il-qtil ta&#8217; Daphne Caruana Galizia. Tal-Labour ta&#8217; spiss jg\u0127idu li jirrispettaw il-pro\u010bess li se\u0127\u0127 u li bi\u0127siebhom iwettqu r-rakkomandazzjonijiet. <a href=\"https:\/\/www.independent.com.mt\/articles\/2021-10-20\/local-news\/Court-descends-into-chaos-after-Jason-Azzopardi-calls-Owen-Bonnici-co-participant-in-Daphne-murder-6736237690\" target=\"_blank\" rel=\"noopener\">I\u017cda lbiera\u0127 fil-qorti lil Pawlu Lia g\u0127oddu tatu puplesija hekk kif Jason Azzopardi stqarr li Owen Bonnici, b\u0127ala ministru fil-gvern ta&#8217; Joseph Muscat, huwa wkoll\u00a0 sehem fir-responsabbilt\u00e0 g\u0127all-assassinju ta&#8217; Daphne.<\/a><\/p>\n<p>Anke jekk wie\u0127ed jinjora l-fatt li Owen Bonnici kien wie\u0127ed minn dawk li lil Daphne kien jg\u0127ajjarha &#8220;blogger tal-mibg\u0127eda&#8221; meta din kienet g\u0127adha mimlija bil-g\u0127omor u, wara l-qtil tag\u0127ha, kien jedha ji\u010b\u010bensura lil dawk li kienu jipprotestaw u je\u017ci\u0121u t-twettiq tal-\u0121ustizzja \u2013 skont l-Im\u0127allfin tal-inkjesta, dawk il-ministri li naqsu li j\u0121ieg\u0127lu lil Joseph Muscat ike\u010b\u010bi lil Keith Schembri u lil Konrad Mizzi kellhom sehem fl-impunit\u00e0 li wittiet it-triq li wasslet g\u0127all-assassinju ta&#8217; Daphne. Pawlu Lia lbiera\u0127 stqarr hekk: \u201cDin hi r-ra\u0121uni l-g\u0127ala hawn tant mibg\u0127eda fil-pajji\u017c\u201d. Stqarrija li mhi xejn \u0127lief wa\u0127da klassika ta&#8217; trolling &#8211; tag\u0127hom jix\u0127tuh fuq spallejn \u0127addie\u0127or. Skont Pawlu Lia, ma \u017cdiditx il-mibg\u0127eda f&#8217;Malta meta Owen Bonnici kien jg\u0127ajjar \u0121urnalista b\u0127ala blogger tal-mibg\u0127eda jew meta kien ji\u010b\u010bensura g\u0127al 500 darba lil dawk li kienu jipprotestaw bil-fjuri u x-xemg\u0127at. I\u017cda skontu, min jo\u0121\u0121ezzjona g\u0127al din l-im\u0121iba huwa \u0127ati ta&#8217; a\u0121ir sedizzju\u017c.<\/p>\n<p>Qed insemmi dawn l-e\u017cempji g\u0127aliex \u0127afna drabi lanqas biss ninteb\u0127u li \u0121rajjiet b\u0127al dawn qed ise\u0127\u0127u kuljum. Kemm-il darba nilmentaw li d-diskors politiku f&#8217;Malta huwa wie\u0127ed superfi\u010bjali, pre\u0121udikat, nieqes mis-sin\u010berit\u00e0 u mimli \u0127dura. U meta nag\u0127mlu dan l-ilment, mo\u0127\u0127na jmur dritt g\u0127al fuq il-kummenti li jsiru permezz tal-mezzi so\u010bjali.<\/p>\n<p>I\u017cda hawn jien ikkwotajt dak li qed jitlissen mill-mexxejja politi\u010bi li suppost qeg\u0127din hemm biex ikunu ta&#8217; e\u017cempju b&#8217;diskorshom. Bi kliemhom u bl-g\u0127emil tag\u0127hom qed juru d-disprezz li g\u0127andhom g\u0127all-verit\u00e0 u qed juru n-nuqqas ta&#8217; sin\u010berit\u00e0 li g\u0127andhom. Dawn jippretendu li l-partitarji tag\u0127hom g\u0127andhom jag\u0127mlu tabirru\u0127hom li l-provi li jistg\u0127u jaraw b&#8217;g\u0127ajnejhom ma je\u017cistux, li jiddubitaw fatti sagrosanti u li, minflok ja\u0127sbu b&#8217;mo\u0127\u0127hom, i\u0121ibu ru\u0127hom qishom mer\u0127la mog\u0127o\u017c.<\/p>\n<p>&nbsp;<\/p>\n<p><img class=\"aligncenter size-full wp-image-104484\" src=\"https:\/\/manueldelia.com\/wp-content\/uploads\/2021\/10\/TrollFace-scaled.jpg\" alt=\"\" width=\"2560\" height=\"1440\" srcset=\"https:\/\/manueldelia.com\/wp-content\/uploads\/2021\/10\/TrollFace-200x113.jpg 200w, https:\/\/manueldelia.com\/wp-content\/uploads\/2021\/10\/TrollFace-300x169.jpg 300w, https:\/\/manueldelia.com\/wp-content\/uploads\/2021\/10\/TrollFace-400x225.jpg 400w, https:\/\/manueldelia.com\/wp-content\/uploads\/2021\/10\/TrollFace-600x338.jpg 600w, https:\/\/manueldelia.com\/wp-content\/uploads\/2021\/10\/TrollFace-768x432.jpg 768w, https:\/\/manueldelia.com\/wp-content\/uploads\/2021\/10\/TrollFace-800x450.jpg 800w, https:\/\/manueldelia.com\/wp-content\/uploads\/2021\/10\/TrollFace-scaled.jpg 1024w, https:\/\/manueldelia.com\/wp-content\/uploads\/2021\/10\/TrollFace-1200x675.jpg 1200w, https:\/\/manueldelia.com\/wp-content\/uploads\/2021\/10\/TrollFace-1536x864.jpg 1536w\" sizes=\"(max-width: 2560px) 100vw, 2560px\" \/><\/p>\n","protected":false},"excerpt":{"rendered":"<p>Jidher li mhux bi\u017c\u017cejjed g\u0127all-membri ta&#8217; dan il-gvern il-kwa\u017ci \u010bertezza li \u010b-\u010bens li g\u0127andhom fuq is-si\u0121\u0121u tas-setg\u0127a ser ji\u0121\u0121eddidilhom g\u0127al 5 snin o\u0127ra. Xorta wa\u0127da j\u0127ossu l-\u0127tie\u0121a li l-qilla tat-trolls jinfexxuha fuq l-avversarji tag\u0127hom li ta&#8217; sikwit itemmu n-nuqqas ta&#8217; argumenti li j\u0121ibu bil-kliem \u201cerbg\u0127in elf\u201d u bi stampa ta&#8217; ringiela lumi. Araw ftit x&#8217;g\u0127o\u0121bu [&hellip;]<\/p>\n","protected":false},"author":1,"featured_media":104485,"comment_status":"open","ping_status":"open","sticky":false,"template":"","format":"standard","meta":[],"categories":[54],"tags":[],"_links":{"self":[{"href":"https:\/\/manueldelia.com\/mt\/wp-json\/wp\/v2\/posts\/104496\/"}],"collection":[{"href":"https:\/\/manueldelia.com\/mt\/wp-json\/wp\/v2\/posts\/"}],"about":[{"href":"https:\/\/manueldelia.com\/mt\/wp-json\/wp\/v2\/types\/post\/"}],"author":[{"embeddable":true,"href":"https:\/\/manueldelia.com\/mt\/wp-json\/wp\/v2\/users\/1\/"}],"replies":[{"embeddable":true,"href":"https:\/\/manueldelia.com\/mt\/wp-json\/wp\/v2\/comments\/?post=104496"}],"version-history":[{"count":5,"href":"https:\/\/manueldelia.com\/mt\/wp-json\/wp\/v2\/posts\/104496\/revisions\/"}],"predecessor-version":[{"id":104508,"href":"https:\/\/manueldelia.com\/mt\/wp-json\/wp\/v2\/posts\/104496\/revisions\/104508\/"}],"wp:featuredmedia":[{"embeddable":true,"href":"https:\/\/manueldelia.com\/mt\/wp-json\/wp\/v2\/media\/104485\/"}],"wp:attachment":[{"href":"https:\/\/manueldelia.com\/mt\/wp-json\/wp\/v2\/media\/?parent=104496"}],"wp:term":[{"taxonomy":"category","embeddable":true,"href":"https:\/\/manueldelia.com\/mt\/wp-json\/wp\/v2\/categories\/?post=104496"},{"taxonomy":"post_tag","embeddable":true,"href":"https:\/\/manueldelia.com\/mt\/wp-json\/wp\/v2\/tags\/?post=104496"}],"curies":[{"name":"wp","href":"https:\/\/api.w.org\/{rel}","templated":true}]}}