{"id":104568,"date":"2021-10-25T10:55:51","date_gmt":"2021-10-25T08:55:51","guid":{"rendered":"https:\/\/manueldelia.com\/?p=104568"},"modified":"2021-10-26T10:13:21","modified_gmt":"2021-10-26T08:13:21","slug":"la-jibza-minn-dellu-u-lanqas-mhu-gifa-huwa-biss-kriminal","status":"publish","type":"post","link":"https:\/\/manueldelia.com\/mt\/2021\/10\/la-jibza-minn-dellu-u-lanqas-mhu-gifa-huwa-biss-kriminal\/","title":{"rendered":"La jib\u017ca&#8217; minn dellu u lanqas m&#8217;hu \u0121ifa. Huwa biss kriminal."},"content":{"rendered":"<p><img class=\"aligncenter size-full wp-image-104561\" src=\"https:\/\/manueldelia.com\/wp-content\/uploads\/2021\/10\/joseph-muscat-konrad-mizzi-3-1.png\" alt=\"\" width=\"620\" height=\"348\" srcset=\"https:\/\/manueldelia.com\/wp-content\/uploads\/2021\/10\/joseph-muscat-konrad-mizzi-3-1-200x112.png 200w, https:\/\/manueldelia.com\/wp-content\/uploads\/2021\/10\/joseph-muscat-konrad-mizzi-3-1-300x168.png 300w, https:\/\/manueldelia.com\/wp-content\/uploads\/2021\/10\/joseph-muscat-konrad-mizzi-3-1-400x225.png 400w, https:\/\/manueldelia.com\/wp-content\/uploads\/2021\/10\/joseph-muscat-konrad-mizzi-3-1-600x337.png 600w, https:\/\/manueldelia.com\/wp-content\/uploads\/2021\/10\/joseph-muscat-konrad-mizzi-3-1.png 620w\" sizes=\"(max-width: 620px) 100vw, 620px\" \/><\/p>\n<p>Ara ma jkunx hemm min jg\u0127addilu minn mo\u0127\u0127u li Konrad Mizzi jinsab be\u017cg\u0127an mill-Kumitat Parlamentari dwar il-Kontijiet Pubbli\u010bi. Il-bi\u017ca&#8217; m&#8217;g\u0127andha x&#8217;taqsam xejn. Li kieku kien be\u017cg\u0127an, kien jattendi g\u0127as-seduta u kien jimbarazza lilu nnifsu hu u jwie\u0121eb ripetutament li &#8220;jag\u0127\u017cel li ma jwe\u0121ibx&#8221; jew kien iqabbad lill-avukat biex iwie\u0121eb f&#8217;dan is-sens floku. Konrad Mizzi jaf sewwa li hemm bosta partitarji Laburisti li l-\u0121jufija tieg\u0127u j\u0127arsu lejha b\u0127ala xi forma ta&#8217; eroi\u017cmu u sfida f&#8217;wi\u010b\u010b in-Nazzjonalisti. Dawn lill-PN tant jobog\u0127duh li, jag\u0127mel x&#8217;jag\u0127mel, Konrad Mizzi jibqg\u0127u jxommuh ifu\u0127.<\/p>\n<p>Issa stqarr li jkun lest li jwie\u0121eb fit-3 ta&#8217; Novembru g\u0127all-mistoqsijiet tal-PAC dwar kwistjonijiet li ilhom is-snin li xxandru u li, b\u0127ala ministru &#8211; anki li kieku m&#8217;g\u0127amel xejn \u0127a\u017cin &#8211; kien ilu li jaf bihom.<\/p>\n<p>Din hi r-ra\u0121uni l-g\u0127ala n-nies ming\u0127aliha li jinsab be\u017cg\u0127an. U qed jidher li xi \u0127add tarraflu li l-Parlament wasal biex ixolji &#8211; u mieg\u0127u l-PAC &#8211; u mbag\u0127ad kollox imut fuq ommu. Qisu Jerry die\u0127el f&#8217;toqba wara \u0121irja b&#8217;ilsienu barra ma jmurx Tom jil\u0127aq jaqbe\u017c fuqu.<\/p>\n<p>L-affarijiet ma jimxux b&#8217;dan il-mod. X&#8217;aktarx li dak li qed jag\u0127ti l-pariri lil Konrad Mizzi qed jg\u0127idlu li wara l-elezzjoni xorta ser ikun hemm Parlament. U x&#8217;aktarx li l-PN ser ikun fl-Oppo\u017cizzjoni u g\u0127aldaqstant xorta ser ikunu huma li jibqg\u0127u jmexxu x-xog\u0127ol tal-PAC. I\u017cda fil-Parlament li jmiss hu mhux ser ikun membru u g\u0127aldaqstant tal-PAC ikunu jistg\u0127u j\u0121ieg\u0127luh jixhed jew isibuh \u0127ati ta&#8217; disprezz. Dan g\u0127alissa ma jistg\u0127ux jag\u0127mluh g\u0127aliex Kumitat Parlamentari ma jistax\u00a0 &#8211; stramba ferm din! &#8211; i\u0121ieg\u0127el membru parlamentari li jixhed.<\/p>\n<p>Konrad Mizzi ma jinsabx be\u017cg\u0127an. L-g\u0127emil tieg\u0127u huwa msejjes fuq id-disprezz u fuq xi ftit \u0127sibijiet strate\u0121i\u010bi mnebb\u0127in mill-esperjenza tieg\u0127u tal-2017.<\/p>\n<p>Ix-xewqa ta&#8217; Konrad Mizzi hi mhux biss li tal-Labour jer\u0121g\u0127u jirb\u0127u l-elezzjoni \u0121enerali i\u017cda li n-Nazzjonalisti jer\u0121g\u0127u jitlewmu bejniethom b\u0127alma kienu g\u0127amlu wara l-elezzjoni tal-2017. G\u0127al darb&#8217;o\u0127ra, ma tibqax moda l-ka\u010b\u010ba kontra ministri korrotti u l-\u0121lied fi \u0127dan il-PN jer\u0121a&#8217; jqajjem l-argument li n-nies ftit jimpurtaha mill-korruzzjoni. U l-politi\u010bi Nazzjonalisti li mexxew il-\u0121lieda kontra l-kriminali jer\u0121g\u0127u ji\u0121u mwarrba mill-partit tag\u0127hom stess.<\/p>\n<p>U g\u0127al darb&#8217;o\u0127ra Konrad Mizzi jqisuh b\u0127ala eroj.<\/p>\n<p>Il-pro\u010bess demokratiku f&#8217;Malta qed jintu\u017ca b\u0127ala g\u0127odda mit-tiranni biex tinqered id-demokrazija u dan g\u0127aliex ftit huma dawk li jo\u0127or\u0121u g\u0127onqhom biex jikkundannaw dan l-a\u0121ir. L-elezzjonijiet \u0121enerali, minflok opportunit\u00e0 f&#8217;idejn l-elettorat biex isse\u0127\u0127 il-bidla u biex ji\u0121\u0121eddu l-aspirazzjonijiet favur so\u010bjet\u00e0 \u0121usta, saru massakri tal-inno\u010benti. Minflok okka\u017cjonijiet li jnisslu sens ta&#8217; bi\u017ca&#8217; f&#8217;dawk li huma korrotti, l-elezzjonijiet \u0121enerali saru pro\u010bess ta&#8217; purifikazzjoni g\u0127all-dawk il-partiti li jwarrbu lil min jheddidhom.<\/p>\n<p>M&#8217;hemmx demokrazija f&#8217;pajji\u017c fejn ministru tal-gvern b\u0127alma huwa Konrad Mizzi jinqabad fi skandlu ta&#8217; tix\u0127im u ta&#8217; korruzzjoni u jibqa&#8217; qisu mhux hu.<\/p>\n<p>Il-Pulizija jidher li qed tirrifjuta li t\u0127arrku u qed tirrifjuta wkoll li tnaddaflu ismu. Konrad Mizzi qed ji\u010b\u0127ad dak li qed ji\u0121i akku\u017cat bih u qed jirrifjuta wkoll li jiddefendi lilu nnifsu. Tal-Labour ke\u010b\u010bewh &#8216;il barra i\u017cda baqg\u0127u jiddefenduh u jipprote\u0121uh.<\/p>\n<p>Dan qed jag\u0127mluh mhux g\u0127aliex jinsabu be\u017cg\u0127ana i\u017cda g\u0127aliex jafu li fl-a\u0127\u0127ar mill-a\u0127\u0127ar l-im\u0121iba kontradittorja tag\u0127hom mhix ser i\u0121\u0121enninhom. I\u017cda \u0121\u0121ennen lilna, ti\u017colana u \u0121\u0121eg\u0127elna niddubitaw a\u0127niex ni\u0121\u0121ennu a\u0127na stess.<\/p>\n<p>Din la hi \u0121jufija u lanqas mhi injoranza. Dan il-\u0121enn huwa wie\u0127ed studjat. Konrad Mizzi jinsab xalata. U meta tasal l-elezzjoni ser tid\u0127ak da\u0127ka twila hekk kif dawk li seraqhom \u0127ajjin jo\u0127or\u0121u bix-xemg\u0127at f&#8217;idejhom biex jag\u0127tuh qima.<\/p>\n<p>Jekk b\u0127ala poplu m&#8217;g\u0127andniex il-\u0127ila li ni\u010b\u0127du m\u0121iba b\u0127al din, inkunu qed na\u010bettawha b&#8217;mod indirett. U meta nag\u0127mlu dan, id-disprezz ta&#8217; Konrad Mizzi fil-konfront tag\u0127na jkun \u0127aqqna.<\/p>\n<p>Qtajt qalbi? Jiddispja\u010bini jekk qed ninstema&#8217; li qtajt qalbi. Jien g\u0127andi le\u0127en u vot u ser inkompli nu\u017cahom bit-tama li g\u0127ad jasal \u017cmien li jkun hemm bi\u017c\u017cejjed persuni li jaqblu mieg\u0127i li min jid\u0127ol g\u0127all-\u0127ajja pubblika m&#8217;g\u0127andux i\u0121ib ru\u0127u b\u0127al Konrad Mizzi. U g\u0127andhom jib\u017cg\u0127u minn min iqabbilhom mieg\u0127u.<\/p>\n","protected":false},"excerpt":{"rendered":"<p>Ara ma jkunx hemm min jg\u0127addilu minn mo\u0127\u0127u li Konrad Mizzi jinsab be\u017cg\u0127an mill-Kumitat Parlamentari dwar il-Kontijiet Pubbli\u010bi. Il-bi\u017ca&#8217; m&#8217;g\u0127andha x&#8217;taqsam xejn. Li kieku kien be\u017cg\u0127an, kien jattendi g\u0127as-seduta u kien jimbarazza lilu nnifsu hu u jwie\u0121eb ripetutament li &#8220;jag\u0127\u017cel li ma jwe\u0121ibx&#8221; jew kien iqabbad lill-avukat biex iwie\u0121eb f&#8217;dan is-sens floku. Konrad Mizzi jaf [&hellip;]<\/p>\n","protected":false},"author":1,"featured_media":104562,"comment_status":"open","ping_status":"open","sticky":false,"template":"","format":"standard","meta":[],"categories":[54],"tags":[],"_links":{"self":[{"href":"https:\/\/manueldelia.com\/mt\/wp-json\/wp\/v2\/posts\/104568\/"}],"collection":[{"href":"https:\/\/manueldelia.com\/mt\/wp-json\/wp\/v2\/posts\/"}],"about":[{"href":"https:\/\/manueldelia.com\/mt\/wp-json\/wp\/v2\/types\/post\/"}],"author":[{"embeddable":true,"href":"https:\/\/manueldelia.com\/mt\/wp-json\/wp\/v2\/users\/1\/"}],"replies":[{"embeddable":true,"href":"https:\/\/manueldelia.com\/mt\/wp-json\/wp\/v2\/comments\/?post=104568"}],"version-history":[{"count":5,"href":"https:\/\/manueldelia.com\/mt\/wp-json\/wp\/v2\/posts\/104568\/revisions\/"}],"predecessor-version":[{"id":104592,"href":"https:\/\/manueldelia.com\/mt\/wp-json\/wp\/v2\/posts\/104568\/revisions\/104592\/"}],"wp:featuredmedia":[{"embeddable":true,"href":"https:\/\/manueldelia.com\/mt\/wp-json\/wp\/v2\/media\/104562\/"}],"wp:attachment":[{"href":"https:\/\/manueldelia.com\/mt\/wp-json\/wp\/v2\/media\/?parent=104568"}],"wp:term":[{"taxonomy":"category","embeddable":true,"href":"https:\/\/manueldelia.com\/mt\/wp-json\/wp\/v2\/categories\/?post=104568"},{"taxonomy":"post_tag","embeddable":true,"href":"https:\/\/manueldelia.com\/mt\/wp-json\/wp\/v2\/tags\/?post=104568"}],"curies":[{"name":"wp","href":"https:\/\/api.w.org\/{rel}","templated":true}]}}