{"id":10475,"date":"2018-09-10T19:05:23","date_gmt":"2018-09-10T17:05:23","guid":{"rendered":"https:\/\/manueldelia.com\/?p=10475"},"modified":"2018-09-15T15:09:09","modified_gmt":"2018-09-15T13:09:09","slug":"lill-barranin-iqfulhom-qalilna","status":"publish","type":"post","link":"https:\/\/manueldelia.com\/mt\/2018\/09\/lill-barranin-iqfulhom-qalilna\/","title":{"rendered":"&#8216;Lill-barranin iqfulhom&#8217;, qalilna."},"content":{"rendered":"<p><img class=\"aligncenter size-full wp-image-10379\" src=\"https:\/\/manueldelia.com\/wp-content\/uploads\/2018\/09\/46b192ed12d2a8c2c8e08071621a4d5f84947e14-1536500342-5b952276-620x348.jpg\" alt=\"\" width=\"620\" height=\"424\" srcset=\"https:\/\/manueldelia.com\/wp-content\/uploads\/2018\/09\/46b192ed12d2a8c2c8e08071621a4d5f84947e14-1536500342-5b952276-620x348-300x205.jpg 300w, https:\/\/manueldelia.com\/wp-content\/uploads\/2018\/09\/46b192ed12d2a8c2c8e08071621a4d5f84947e14-1536500342-5b952276-620x348-395x270.jpg 395w, https:\/\/manueldelia.com\/wp-content\/uploads\/2018\/09\/46b192ed12d2a8c2c8e08071621a4d5f84947e14-1536500342-5b952276-620x348.jpg 620w\" sizes=\"(max-width: 620px) 100vw, 620px\" \/><\/p>\n<p><a href=\"https:\/\/www.timesofmalta.com\/articles\/view\/20180909\/local\/labour-is-a-threat-to-malta-adrian-delia.688763\" target=\"_blank\" rel=\"noopener\">Is-sej\u0127a ta&#8217; Adrian Delia biex il-Maltin \u201clill-barranin jiqfulhom\u201d<\/a> hi wa\u0127da tassew tal-mist\u0127ija. Politiku jibda&#8217; jmiss il-qieg\u0127 meta jittanta jikklassifika l-membri tal-komunit\u00e0 f&#8217;taqsimiet g\u0127alihom u fl-istess waqt ikattar il-firda u jo\u0127loq il-mibg\u0127eda lejn dawk li huma vulnerabbli.<\/p>\n<p>Meta sena ilu tfa\u010b\u010ba fix-xena Adrian Delia u nieda kampanja \u0127arxa\u00a0 b\u0127allikieku kien xi manigold, mill-ewwel deher \u010bar li l-PN kien se jersaq lejn il-lemin. M&#8217;hemmx dubju li dawk l-ir\u0121iel li kellu madwaru, li qajla kienu jittolleraw xi forma ta&#8217; kritika lejn il-benjamin tag\u0127hom, ma kinux se joqg\u0127odu jiddiskutu bil-kalma kollha kwistjonijiet b\u0127alma huma l-integrazzjoni, l-moderazzjoni u s-solidarjet\u00e0.<\/p>\n<p>Kull diskors dwar il-\u0127tie\u0121a tas-sigurt\u00e0 jittappan bl-isku\u017ca tas-soltu tar-razzisti: \u2018Jien mhux razzist\u2019. I\u017cda je\u0127tie\u0121 li jsir \u2018xi \u0127a\u0121a\u2019.<\/p>\n<p>Wie\u0127ed mill-kandidati uffi\u010bjali g\u0127all-elezzjonijiet Ewropej li hu appo\u0121\u0121jat mit-tmexxija, Dione Borg, bil-mikrofonu f&#8217;idu libes il-kappell ta&#8217; \u0121urnalista tal-partit u kappell ie\u0127or hu u jimra\u0127 fil-pjazez waqt il-festi. Hu \u017car il-\u0126amrun u espriema l-inkwiet tieg\u0127u g\u0127all-fatt li persuni ta&#8217; \u0121ilda skura qed imexxu \u0127wienet li jbieg\u0127u prodotti mportati minn pajji\u017chom u li dan qed ihedded is-sigurt\u00e0.<\/p>\n<p>Ir-rapporti drammati\u010bi li qed jixxandru dwar \u0121lied fit-toroq qed ikebbsu r-razzi\u017cmu. Il-\u0121lied bejn persuni li g\u0127andhom karna\u0121jon skur qed jitpin\u0121a li hu ta&#8217; periklu aktar serju g\u0127an-nies mill-\u0121lied bejn persuni li g\u0127andhom \u0121ilda bajda.<\/p>\n<p>Din hi \u0127a\u0121a verament tal-mist\u0127ija. M&#8217;g\u0127andniex xi ng\u0127idu, se jkun hemm min jixlini li qed nag\u0127mel il-\u0127sara lil adrian Delia u lit-tmexxija tieg\u0127u tal-PN. Tal-Kull \u0126add fil-fatt inkludieni f&#8217;<em>cartoon<\/em> ma&#8217; o\u0127rajn ilkoll lesti bis-sejf f&#8217;idejna.<\/p>\n<p>Jien ma nista&#8217; qatt nappo\u0121\u0121ja partit politiku li jipprova jisfrutta l-bi\u017ca&#8217; mill-baranin bil-g\u0127an li jikseb il-voti. Din hija kwistjoni ta&#8217; prin\u010bipju u mhux dwar Adrian Delia jew xi fazzjoni li hemm fil-PN. Nhar il-\u0126add li g\u0127adda fil-ka\u017cin tal-PN ta&#8217; \u0126al Tarxien ma kienx hemm Dione Borg biss i\u010bap\u010bap. Michael Briguglio, kandidat ie\u0127or tal-PN g\u0127all-elezzjonijiet Ewropej u attivist tas-so\u010bjet\u00e0 \u010bivili, kien \u0126al Tarxien ukoll u wera&#8217; l-approvazzjoni tieg\u0127u g\u0127al dan id-diskors tal-wa\u0127x. Dan jien ma nistax nifhmu.<\/p>\n<p>Hemm ukoll Nickie Vella de Fremaux li pubblikament meriet lil \u017cew\u0121ha fil-Facebook. Kitbet li \u017cew\u0121ha ma messux irrefera g\u0127all-istorja dwar it-tarbija abbandunata biex isa\u0127\u0127a\u0127 l-argument tieg\u0127u li l-pajji\u017c tilef ir-ru\u0127 tieg\u0127u. Kif fhimtha jien, hi qalet li \u017cew\u0121ha \u017cbalja meta rrefera g\u0127al azzjoni ta&#8217; mara li g\u0127andha karna\u0121jon abjad. U li kieku t-tarbija abbandunata kellha karna\u0121jon skur, ma konniex nag\u0127mlu l-e\u010b\u010bezzjonijiet.<\/p>\n<p>Diversi NGO&#8217;s li ja\u0127dmu mar-refu\u0121jati <a href=\"http:\/\/www.humanrightsplatform.org.mt\/press-release\/anti-migrant-discourse-is-contrary-to-the-nations-values-joint-ngo-statement-reacting-to-comments-made-by-the-leader-of-the-opposition\/\" target=\"_blank\" rel=\"noopener\">ma qag\u0127dux jog\u0127moduha<\/a> u qalu li l-Kap tal-Oppo\u017cizzjoni qed jirkeb il-karru ta&#8217; razzi\u017cmu u li jmissu jist\u0127i.<\/p>\n<p>Din il-kwalit\u00e0 ta&#8217; politika hi msejsa fuq il-gideb: je\u0127lu lkoll kemm huma g\u0127ax inzertaw &#8220;barranin&#8221;. Hi msejsa fuq talba vaga biex issir &#8220;xi \u0127a\u0121a&#8221; ming\u0127ajr ma ssir talba spe\u010bifika. Hi msejsa fuq l-illu\u017cjoni li jekk persuni ta&#8217; karna\u0121jon iswed ni\u017colawhom, \u0127ajjet dawk il-foqra li g\u0127andhom \u0121ilda bajda tista&#8217; b&#8217;xi mod titjieb. Din il-politika sserra\u0127 fuq il-periklu: dak hu li qed ji\u0121ri fl-Italja ta\u0127t Matteo Salvini fejn in-nies qed ji\u0121u m\u0127ajjra i\u0121ibu ru\u0127\u0127om b&#8217;mod passjonali biex, wara li titwarrab is-solidarjet\u00e0 umana, tidda\u0127\u0127al il-mibg\u0127eda u anki l-vjolenza.<\/p>\n<p>Ftit minuti ilu Therese Commodini Cachia kitbet fil-Facebook u, g\u0127alkemm ma kkritikatx direttament lill-mexxej tal-partit tag\u0127ha, g\u0127amlet tag\u0127ha l-istqarrija tal-NGO&#8217;s u appellat biex jieqfu d-diskorsi politi\u010bi dwar ir-razez.<\/p>\n<p>Din minn dejjem kienet il-politika tal-PN u, sa fejn naf jien, il-politika qatt ma nbidlet. Il-PN m&#8217;huwiex jer\u0121a&#8217; lura g\u0127all-g\u0127eruq tieg\u0127u, i\u017cda qieg\u0127ed jabbandunahom. Biex il-politika tkun forza favur is-sewwa u b&#8217;ri\u017cq il-bini ta&#8217; so\u010bjet\u00e0 \u0121usta, ma tista&#8217; qatt tikklassifika l-bnedmin.<\/p>\n<p>Ir-razzi\u017cmu i\u0121ib l-in\u0121ustizzja u je\u0127tie\u0121 li ni\u0121\u0121ildulu bis-s\u0127i\u0127.<\/p>\n<p>&nbsp;<\/p>\n","protected":false},"excerpt":{"rendered":"<p>Is-sej\u0127a ta&#8217; Adrian Delia biex il-Maltin \u201clill-barranin jiqfulhom\u201d hi wa\u0127da tassew tal-mist\u0127ija. Politiku jibda&#8217; jmiss il-qieg\u0127 meta jittanta jikklassifika l-membri tal-komunit\u00e0 f&#8217;taqsimiet g\u0127alihom u fl-istess waqt ikattar il-firda u jo\u0127loq il-mibg\u0127eda lejn dawk li huma vulnerabbli. Meta sena ilu tfa\u010b\u010ba fix-xena Adrian Delia u nieda kampanja \u0127arxa\u00a0 b\u0127allikieku kien xi manigold, mill-ewwel deher \u010bar li [&hellip;]<\/p>\n","protected":false},"author":1,"featured_media":10379,"comment_status":"open","ping_status":"open","sticky":false,"template":"","format":"standard","meta":[],"categories":[54],"tags":[],"_links":{"self":[{"href":"https:\/\/manueldelia.com\/mt\/wp-json\/wp\/v2\/posts\/10475\/"}],"collection":[{"href":"https:\/\/manueldelia.com\/mt\/wp-json\/wp\/v2\/posts\/"}],"about":[{"href":"https:\/\/manueldelia.com\/mt\/wp-json\/wp\/v2\/types\/post\/"}],"author":[{"embeddable":true,"href":"https:\/\/manueldelia.com\/mt\/wp-json\/wp\/v2\/users\/1\/"}],"replies":[{"embeddable":true,"href":"https:\/\/manueldelia.com\/mt\/wp-json\/wp\/v2\/comments\/?post=10475"}],"version-history":[{"count":5,"href":"https:\/\/manueldelia.com\/mt\/wp-json\/wp\/v2\/posts\/10475\/revisions\/"}],"predecessor-version":[{"id":10529,"href":"https:\/\/manueldelia.com\/mt\/wp-json\/wp\/v2\/posts\/10475\/revisions\/10529\/"}],"wp:featuredmedia":[{"embeddable":true,"href":"https:\/\/manueldelia.com\/mt\/wp-json\/wp\/v2\/media\/10379\/"}],"wp:attachment":[{"href":"https:\/\/manueldelia.com\/mt\/wp-json\/wp\/v2\/media\/?parent=10475"}],"wp:term":[{"taxonomy":"category","embeddable":true,"href":"https:\/\/manueldelia.com\/mt\/wp-json\/wp\/v2\/categories\/?post=10475"},{"taxonomy":"post_tag","embeddable":true,"href":"https:\/\/manueldelia.com\/mt\/wp-json\/wp\/v2\/tags\/?post=10475"}],"curies":[{"name":"wp","href":"https:\/\/api.w.org\/{rel}","templated":true}]}}