{"id":105686,"date":"2021-12-09T10:03:22","date_gmt":"2021-12-09T09:03:22","guid":{"rendered":"https:\/\/manueldelia.com\/?p=105686"},"modified":"2021-12-12T17:19:48","modified_gmt":"2021-12-12T16:19:48","slug":"galantom-bi-flus-haddiehor","status":"publish","type":"post","link":"https:\/\/manueldelia.com\/mt\/2021\/12\/galantom-bi-flus-haddiehor\/","title":{"rendered":"Galantom bi flus \u0127addie\u0127or"},"content":{"rendered":"<p><img class=\"aligncenter size-full wp-image-105665\" src=\"https:\/\/manueldelia.com\/wp-content\/uploads\/2021\/12\/file.aspx_-1.jpeg\" alt=\"\" width=\"630\" height=\"340\" srcset=\"https:\/\/manueldelia.com\/wp-content\/uploads\/2021\/12\/file.aspx_-1-200x108.jpeg 200w, https:\/\/manueldelia.com\/wp-content\/uploads\/2021\/12\/file.aspx_-1-300x162.jpeg 300w, https:\/\/manueldelia.com\/wp-content\/uploads\/2021\/12\/file.aspx_-1-400x216.jpeg 400w, https:\/\/manueldelia.com\/wp-content\/uploads\/2021\/12\/file.aspx_-1-600x324.jpeg 600w, https:\/\/manueldelia.com\/wp-content\/uploads\/2021\/12\/file.aspx_-1.jpeg 630w\" sizes=\"(max-width: 630px) 100vw, 630px\" \/> <a href=\"https:\/\/timesofmalta.com\/articles\/view\/ho-ho-hotel-tourism-staff-planned-luxury-stay-over-christmas.920200\" target=\"_blank\" rel=\"noopener\">Jidher li tat-Times of Malta g\u0127adhom kemm iffrankaw kemxa flus \u0121mielha lill-kaxxa ta&#8217; Malta<\/a>. Kemxa li tal-Awtorit\u00e0 tat-Turi\u017cmu kienu ser iberbqu fuq lukanda lussu\u017ca g\u0127all-allo\u0121\u0121 tal-impjegati tag\u0127ha li ser ikunu xog\u0127ol fil-Villa\u0121\u0121 tal-Milied.<\/p>\n<p>M&#8217;g\u0127andix g\u0127alfejn noqg\u0127od nid\u0127ol fid-dettalji biex nispjega li tal-Awtorit\u00e0 tat-Turi\u017cmu din id-de\u010bi\u017cjoni ma kellhomx xi jriduha. L-assurdit\u00e0 komplew ni\u017c\u017cluha lejn il-qieg\u0127.<\/p>\n<p>Madankollu je\u0127tie\u0121 li wie\u0127ed jistaqsi dwar jekk is-CEO tal-Awtorit\u00e0 tat-Turi\u017cmu Johann Buttigieg kienx approva din id-de\u010bi\u017cjoni qabel il-Ministru sar jaf biha sforz il-mistoqsijiet li sarulu mill-membri tal-istampa, liema mistoqsijiet imbag\u0127ad \u0121eg\u0127luh i\u0127assrilhom kollox. Dan huwa l-istess bniedem li b\u0127ala CEO kien kera ajruplan privat biex setg\u0127et tin\u0121ieb f&#8217;Malta minn Sqallija membru tal-bord tal-Awtorit\u00e0 tal-Ippjanar biex setg\u0127et tivvota dwar de\u010bi\u017cjoni tal-istess Awtorit\u00e0.<\/p>\n<p>Jidher li dan il-bniedem tg\u0127idx kemm huwa galantom bi flus \u0127addie\u0127or. Imissu jid\u0127ol g\u0127an-negozju u jonfoq flusu fih. Minn butu.<\/p>\n","protected":false},"excerpt":{"rendered":"<p>Jidher li tat-Times of Malta g\u0127adhom kemm iffrankaw kemxa flus \u0121mielha lill-kaxxa ta&#8217; Malta. Kemxa li tal-Awtorit\u00e0 tat-Turi\u017cmu kienu ser iberbqu fuq lukanda lussu\u017ca g\u0127all-allo\u0121\u0121 tal-impjegati tag\u0127ha li ser ikunu xog\u0127ol fil-Villa\u0121\u0121 tal-Milied. M&#8217;g\u0127andix g\u0127alfejn noqg\u0127od nid\u0127ol fid-dettalji biex nispjega li tal-Awtorit\u00e0 tat-Turi\u017cmu din id-de\u010bi\u017cjoni ma kellhomx xi jriduha. L-assurdit\u00e0 komplew ni\u017c\u017cluha lejn il-qieg\u0127. Madankollu [&hellip;]<\/p>\n","protected":false},"author":1,"featured_media":105666,"comment_status":"open","ping_status":"open","sticky":false,"template":"","format":"standard","meta":[],"categories":[54],"tags":[],"_links":{"self":[{"href":"https:\/\/manueldelia.com\/mt\/wp-json\/wp\/v2\/posts\/105686\/"}],"collection":[{"href":"https:\/\/manueldelia.com\/mt\/wp-json\/wp\/v2\/posts\/"}],"about":[{"href":"https:\/\/manueldelia.com\/mt\/wp-json\/wp\/v2\/types\/post\/"}],"author":[{"embeddable":true,"href":"https:\/\/manueldelia.com\/mt\/wp-json\/wp\/v2\/users\/1\/"}],"replies":[{"embeddable":true,"href":"https:\/\/manueldelia.com\/mt\/wp-json\/wp\/v2\/comments\/?post=105686"}],"version-history":[{"count":2,"href":"https:\/\/manueldelia.com\/mt\/wp-json\/wp\/v2\/posts\/105686\/revisions\/"}],"predecessor-version":[{"id":105714,"href":"https:\/\/manueldelia.com\/mt\/wp-json\/wp\/v2\/posts\/105686\/revisions\/105714\/"}],"wp:featuredmedia":[{"embeddable":true,"href":"https:\/\/manueldelia.com\/mt\/wp-json\/wp\/v2\/media\/105666\/"}],"wp:attachment":[{"href":"https:\/\/manueldelia.com\/mt\/wp-json\/wp\/v2\/media\/?parent=105686"}],"wp:term":[{"taxonomy":"category","embeddable":true,"href":"https:\/\/manueldelia.com\/mt\/wp-json\/wp\/v2\/categories\/?post=105686"},{"taxonomy":"post_tag","embeddable":true,"href":"https:\/\/manueldelia.com\/mt\/wp-json\/wp\/v2\/tags\/?post=105686"}],"curies":[{"name":"wp","href":"https:\/\/api.w.org\/{rel}","templated":true}]}}