{"id":106064,"date":"2022-01-14T11:46:07","date_gmt":"2022-01-14T10:46:07","guid":{"rendered":"https:\/\/manueldelia.com\/?p=106064"},"modified":"2022-01-14T20:29:09","modified_gmt":"2022-01-14T19:29:09","slug":"l-ghaqdiet-dwar-il-liberta-tal-istampa-lill-robert-abela-jghidulu-li-jinsabu-bsebgha-ghajnejn-fuqu","status":"publish","type":"post","link":"https:\/\/manueldelia.com\/mt\/2022\/01\/l-ghaqdiet-dwar-il-liberta-tal-istampa-lill-robert-abela-jghidulu-li-jinsabu-bsebgha-ghajnejn-fuqu\/","title":{"rendered":"L-g\u0127aqdiet dwar il-libert\u00e0 tal-istampa lil Robert Abela jg\u0127idulu li jinsabu b&#8217;seba&#8217; g\u0127ajnejn fuqu"},"content":{"rendered":"<p>Din li \u0121ejja hi stqarrija maqluba g\u0127all-Malti li xandru llum l-g\u0127aqdiet non-governattivi favur il-libert\u00e0 tal-istampa wara li l-gvern \u0127abbar il-\u0127olqien ta&#8217; &#8220;kumitat ta&#8217; esperti&#8221; li g\u0127andu jirrakkomanda mi\u017curi biex tissa\u0127\u0127a\u0127 il-libert\u00e0 tal-istampa f&#8217;Malta.<\/p>\n<p><img class=\"size-full wp-image-11380\" src=\"https:\/\/manueldelia.com\/wp-content\/uploads\/2018\/10\/WhatsApp-Image-2018-10-04-at-23.26.43.jpeg\" alt=\"\" width=\"1024\" height=\"768\" srcset=\"https:\/\/manueldelia.com\/wp-content\/uploads\/2018\/10\/WhatsApp-Image-2018-10-04-at-23.26.43-300x225.jpeg 300w, https:\/\/manueldelia.com\/wp-content\/uploads\/2018\/10\/WhatsApp-Image-2018-10-04-at-23.26.43-360x270.jpeg 360w, https:\/\/manueldelia.com\/wp-content\/uploads\/2018\/10\/WhatsApp-Image-2018-10-04-at-23.26.43-768x576.jpeg 768w, https:\/\/manueldelia.com\/wp-content\/uploads\/2018\/10\/WhatsApp-Image-2018-10-04-at-23.26.43.jpeg 1024w\" sizes=\"(max-width: 1024px) 100vw, 1024px\" \/><\/p>\n<p>L-g\u0127aqdiet tag\u0127na jirreferu g\u0127all-<a href=\"https:\/\/www.gov.mt\/en\/Government\/DOI\/Press%20Releases\/PublishingImages\/Pages\/2022\/01\/11\/pr220024\/pr220024a.pdf\">a\u0127bar<\/a> li l-Prim Ministru Robert Abela \u0127atar Kumitat ta&#8217; Esperti bil-g\u0127an li jitwettqu r-rakkomandazzjonijiet tal-Im\u0127allfin tal-inkjesta pubblika dwar il-qtil ta&#8217; Daphne Caruana Galizia. Ir-rakkomandazzjonijiet tal-Im\u0127allfin tal-inkjesta jinkludu l-g\u0127arfien legali tal-\u0121urnali\u017cmu b\u0127ala r-raba&#8217; pilastru ta&#8217; demokrazija u l-\u0127tie\u0121a tal-\u0127olqien ta&#8217; ambjent li jippermetti l-\u0121urnali\u017cmu \u0127ieles kif ukoll mi\u017curi biex ji\u0121u mi\u0121\u0121ielda l-impunit\u00e0, l-korruzzjoni u l-abbu\u017c tal-poter.<\/p>\n<p>Fil-laqg\u0127at u l-kuntatti li kellna mal-Prim Ministru Abela, l-g\u0127aqdiet tag\u0127na sa\u0127qu dwar il-\u0127tie\u0121a li l-Kumitat ta&#8217; Esperti jing\u0127ata indipendenza s\u0127i\u0127a biex ji\u0121i \u017cgurat li t-termini ta&#8217; riferenza tal-Kummissjoni jil\u0127qu livelli internazzjonali u li l-kompo\u017cizzjoni tal-membri tal-Kummissjoni tkun tirrifletti l-kompetenzi tal-istampa u r-rwol li din tassumi f&#8217;demokrazija: l-g\u0127arfien u l-esperjenza li huma me\u0127tie\u0121a biex b&#8217;mod effettiv ji\u0121i mwettaq l-iskop kollu tar-responsabbiltajiet. Ninsabu m\u0127assba bin-nuqqas ta&#8217; konsultazzjoni trasparenti mas-so\u010bjet\u00e0 \u010bivili u ma&#8217; g\u0127aqdiet ewlenin li g\u0127andhom interess f&#8217;dan il-pro\u010bess. Lill-Prim Ministru in\u0127e\u0121\u0121uh sabiex jikkonsulta b&#8217;mod \u0121enwin u trasparenti, partikolarment billi jxandar l-abbozzi tal-li\u0121ijiet li g\u0127andhom x&#8217;jaqsmu mal-libert\u00e0 tal-istampa.<\/p>\n<p>Fil-laqg\u0127a li kellna fil-Belt Valletta f&#8217;Ottubru tal-2021 dwar it-twettiq tar-rakkomandazzjonijiet tal-Im\u0127allfin tal-inkjesta pubblika, tlabna lill-Prim Ministru Abela biex iserr\u0127ilna rasna li ser joqg\u0127od lura milli jie\u0127u mi\u017curi li jkomplu jirregolaw lill-\u0121urnali\u017cmu, li ser jg\u0127addi li\u0121ijiet komprensivi kontra <em>Strategic Lawsuits against Public Participation\u00a0<\/em>(SLAPPs), li ser jitjieb l-a\u010b\u010bess g\u0127all-informazzjoni, li ser iniedi konsultazzjoni u djalogu kontinwu u trasparenti mas-so\u010bjet\u00e0 \u010bivili u mal-g\u0127aqdiet tal-\u0121urnalisti sabiex tinbidel il-kultura dwar kif huma stmati l-\u0121urnalisti f&#8217;Malta &#8211; inklu\u017c li ting\u0127ata protezzjoni a\u0127jar lill-\u0121urnalisti sabiex ikunu f&#8217;po\u017cizzjoni a\u0127jar li jwettqu xog\u0127olhom fis-sigurt\u00e0. Nistennew li l-pro\u010bess li bi\u0127siebu jmexxi l-Kumitat ta&#8217; Esperti ser iwettaq dawn l-aspirazzjonijiet.<\/p>\n<p>L-g\u0127aqdiet tag\u0127na ser jg\u0127arblu mill-qrib ix-xog\u0127ol, il-pro\u010bess u r-ri\u017cultati tal-\u0127idma tal-Kumitat ta&#8217; Esperti, liema \u0127idma g\u0127andha tkun \u0127ielsa mill-ind\u0127il tal-gvern u marbuta mal-qafas tal-obbligi internazzjonali ta&#8217; Malta dwar id-drittijiet tal-bniedem, partikolarment il-Konvenzjoni Ewropea tad-Drittijiet tal-Bniedem, ir-rakkomandazzjonijiet tal-Kunsill tal-Ewropa, partikolarment ir-Rakkomandazzjoni <a href=\"https:\/\/www.coe.int\/en\/web\/freedom-expression\/committee-of-ministers-adopted-texts\/-\/asset_publisher\/aDXmrol0vvsU\/content\/recommendation-cm-rec-2016-4-of-the-committee-of-ministers-to-member-states-on-the-protection-of-journalism-and-safety-of-journalists-and-other-media-\">CM\/Rec(2016)4 dwar il-protezzjoni tal-\u0121urnali\u017cmu u sigurt\u00e0 tal-\u0121urnalisti u ta&#8217; \u0127addiema o\u0127ra <\/a>u\u00a0<a href=\"https:\/\/digital-strategy.ec.europa.eu\/en\/library\/recommendation-protection-safety-and-empowerment-journalists\">r-Rakkomandazzjoni tal-Kummissjoni Ewropea dwar il-protezzjoni, is-sigurt\u00e0 u s-setg\u0127at tal-\u0121urnalisti<\/a>.<\/p>\n<p>G\u0127alkemm l-istedina li g\u0127amilna lill-Prim Ministru biex ja\u010b\u010betta l-g\u0127ajnuna teknika tag\u0127na sal-lum g\u0127adha ma ntlaqg\u0127etx, a\u0127na lesti li nibqg\u0127u noffru l-g\u0127ajnuna tag\u0127na.<\/p>\n<p><em>ARTIKLU 9<\/em><\/p>\n<p><em>Association of European Journalists (AEJ)<\/em><\/p>\n<p><em>Committee to Protect Journalists (CPJ)<\/em><\/p>\n<p><em>European Centre for Press and Media Freedom (ECPMF)<\/em><\/p>\n<p><em>European Federation of Journalists (EFJ)<\/em><\/p>\n<p><em>IFEX<\/em><\/p>\n<p><em>Index on Censorship<\/em><\/p>\n<p><em>International Press Institute (IPI)<\/em><\/p>\n<p><em>PEN International<\/em><\/p>\n<p><em>Reporters Without Borders (RSF)<\/em><\/p>\n","protected":false},"excerpt":{"rendered":"<p>Din li \u0121ejja hi stqarrija maqluba g\u0127all-Malti li xandru llum l-g\u0127aqdiet non-governattivi favur il-libert\u00e0 tal-istampa wara li l-gvern \u0127abbar il-\u0127olqien ta&#8217; &#8220;kumitat ta&#8217; esperti&#8221; li g\u0127andu jirrakkomanda mi\u017curi biex tissa\u0127\u0127a\u0127 il-libert\u00e0 tal-istampa f&#8217;Malta. L-g\u0127aqdiet tag\u0127na jirreferu g\u0127all-a\u0127bar li l-Prim Ministru Robert Abela \u0127atar Kumitat ta&#8217; Esperti bil-g\u0127an li jitwettqu r-rakkomandazzjonijiet tal-Im\u0127allfin tal-inkjesta pubblika dwar il-qtil [&hellip;]<\/p>\n","protected":false},"author":1,"featured_media":11381,"comment_status":"open","ping_status":"open","sticky":false,"template":"","format":"standard","meta":[],"categories":[54],"tags":[],"_links":{"self":[{"href":"https:\/\/manueldelia.com\/mt\/wp-json\/wp\/v2\/posts\/106064\/"}],"collection":[{"href":"https:\/\/manueldelia.com\/mt\/wp-json\/wp\/v2\/posts\/"}],"about":[{"href":"https:\/\/manueldelia.com\/mt\/wp-json\/wp\/v2\/types\/post\/"}],"author":[{"embeddable":true,"href":"https:\/\/manueldelia.com\/mt\/wp-json\/wp\/v2\/users\/1\/"}],"replies":[{"embeddable":true,"href":"https:\/\/manueldelia.com\/mt\/wp-json\/wp\/v2\/comments\/?post=106064"}],"version-history":[{"count":5,"href":"https:\/\/manueldelia.com\/mt\/wp-json\/wp\/v2\/posts\/106064\/revisions\/"}],"predecessor-version":[{"id":106077,"href":"https:\/\/manueldelia.com\/mt\/wp-json\/wp\/v2\/posts\/106064\/revisions\/106077\/"}],"wp:featuredmedia":[{"embeddable":true,"href":"https:\/\/manueldelia.com\/mt\/wp-json\/wp\/v2\/media\/11381\/"}],"wp:attachment":[{"href":"https:\/\/manueldelia.com\/mt\/wp-json\/wp\/v2\/media\/?parent=106064"}],"wp:term":[{"taxonomy":"category","embeddable":true,"href":"https:\/\/manueldelia.com\/mt\/wp-json\/wp\/v2\/categories\/?post=106064"},{"taxonomy":"post_tag","embeddable":true,"href":"https:\/\/manueldelia.com\/mt\/wp-json\/wp\/v2\/tags\/?post=106064"}],"curies":[{"name":"wp","href":"https:\/\/api.w.org\/{rel}","templated":true}]}}