{"id":106368,"date":"2022-01-20T09:42:27","date_gmt":"2022-01-20T08:42:27","guid":{"rendered":"https:\/\/manueldelia.com\/?p=106368"},"modified":"2022-01-20T18:40:12","modified_gmt":"2022-01-20T17:40:12","slug":"qed-iheddu-bis-saltna-tal-manigoldi","status":"publish","type":"post","link":"https:\/\/manueldelia.com\/mt\/2022\/01\/qed-iheddu-bis-saltna-tal-manigoldi\/","title":{"rendered":"Qed jheddu bis-saltna tal-manigoldi"},"content":{"rendered":"<p><img class=\"aligncenter size-full wp-image-106357\" src=\"https:\/\/manueldelia.com\/wp-content\/uploads\/2022\/01\/file.aspx_-1.jpeg\" alt=\"\" width=\"630\" height=\"340\" srcset=\"https:\/\/manueldelia.com\/wp-content\/uploads\/2022\/01\/file.aspx_-1-200x108.jpeg 200w, https:\/\/manueldelia.com\/wp-content\/uploads\/2022\/01\/file.aspx_-1-300x162.jpeg 300w, https:\/\/manueldelia.com\/wp-content\/uploads\/2022\/01\/file.aspx_-1-400x216.jpeg 400w, https:\/\/manueldelia.com\/wp-content\/uploads\/2022\/01\/file.aspx_-1-600x324.jpeg 600w, https:\/\/manueldelia.com\/wp-content\/uploads\/2022\/01\/file.aspx_-1.jpeg 630w\" sizes=\"(max-width: 630px) 100vw, 630px\" \/><\/p>\n<p>Nixtieq nag\u0127mel xi osservazzjonijiet dwar ir-rimarki li g\u0127amlu Joseph Muscat u Robert Abela wara li lbiera\u0127 il-Puliizja wettqet tfittxija fir-residenza tal-eks Prim Ministru. Dawn lissnu l-istess affarijiet u dan x&#8217;aktarx ifisser li ftiehmu minn qabel x&#8217;kienu ser jg\u0127idu.<\/p>\n<p><a href=\"https:\/\/timesofmalta.com\/articles\/view\/police-search-joseph-muscats-home-as-part-of-vitals-corruption-probe.928798\" target=\"_blank\" rel=\"noopener\">Dan li \u0121ej intqal minn Joseph Muscat lil tat-<em>Times of Malta<\/em>:<\/a><\/p>\n<p>\u201cMuscat qal li l-fidu\u010bja tieg\u0127u fl-inkjesta issa \u0127adet daqqa ta&#8217; \u0127arta g\u0127aliex l-offerta li kien g\u0127amel biex jixhed dwar \u0127lasijiet li saru f&#8217;Novembru kienet \u0121iet mi\u010b\u0127uda.\u201d<\/p>\n<p><a href=\"https:\/\/www.maltatoday.com.mt\/news\/national\/114501\/watch_prime_minister_reacts_to_joseph_muscat_police_raid_institutions_have_to_safeguard_trust_placed_in_them#.Yekb8C8w01I\" target=\"_blank\" rel=\"noopener\">U lil tal-<em>Malta Today<\/em>, Robert Abela qalilhom hekk:<\/a><\/p>\n<p>\u201cIl-PM Robert Abela qal li g\u0127andu fidu\u010bja s\u0127i\u0127a fl-istituzzjonijiet, i\u017cda sa\u0127aq li din il-fidu\u010bja dawn g\u0127andhom jib\u017cg\u0127u g\u0127aliha.\u201d<\/p>\n<p>Ejjew nag\u0127mluha \u010bara u tonda &#8211; g\u0127alkemm kellha tkun \u010bara kristall mill-bidu nett.<\/p>\n<p>Il-fidu\u010bja tas-suspettat ma tid\u0127ol xejn fejn g\u0127andhom x&#8217;jaqsmu l-investigazzjonijiet kriminali. Mhix importanti l-fehma ta&#8217; min ikun mixli b&#8217;delitt kriminali dwar jekk im\u0127allef g\u0127andux ikun fdat jew le. Min ikun ta\u0127t suspett m&#8217;g\u0127andux is-setg\u0127a li jidde\u010biedi g\u0127andhomx ikellmuh meta ssir tfittxija f&#8217;daru jew jekk jog\u0127\u0121bux jew le dak li jidde\u010biedu l-investigaturi, l-prosekuturi, l-\u0121urati u l-im\u0127allfin, dment dejjem li jibqg\u0127u fil-limiti tal-legalit\u00e0. U jekk is-suspettat ja\u0127seb li xi \u0127a\u0121a mhix sew, ma jkunx hu li jidde\u010biedi x&#8217;g\u0127andu jsir. G\u0127andu kull dritt jilmenta i\u017cda ma jistax jag\u0127\u017cel hu lil min g\u0127andu jag\u0127mel l-ilment jew jistenna li jsib lil xi \u0127add fdat biex jag\u0127mel l-ilment mieg\u0127u.<\/p>\n<p>Mhix rilevanti l-fidu\u010bja (jew in-nuqqas tag\u0127ha) li Joseph Muscat g\u0127andu fl-inkjesta.<\/p>\n<p>Ir-rimarki li g\u0127adda Robert Abela huma aktar serji. Dan wissa li l-fidu\u010bja li g\u0127andu fl-istituzzjonijiet g\u0127andha ti\u0121i m\u0127arsa u, g\u0127aldaqstant, wissa li din tista&#8217; tintilef. U b&#8217;daqshekk? L-awtorit\u00e0 li g\u0127andha ma\u0121istrat mhix mog\u0127tija lilu mill-prim ministru u ma jkun jimporta xejn affattu jekk il-prim ministru jafdax lill-ma\u0121istrat jew le. Id-dritt u d-dmir ta&#8217; ma\u0121istrat hu li tag\u0127mel xog\u0127olha skont il-li\u0121i ma tiddependix mhux mill-fidu\u010bja\u00a0 (jew in-nuqqas tag\u0127ha) tal-prim ministru. Mhix rilevanti l-fidu\u010bja ta&#8217; Robert Abela u l-prim ministru jkun qed jintimida u jabbu\u017ca mis-setg\u0127a tieg\u0127u meta jitkellem dwar awtorit\u00e0 li fil-fatt m&#8217;g\u0127andux.<\/p>\n<p>Fil-konfront ta&#8217; xi ministru tal-gvern, Robert Abela jista&#8217; jitlef il-fidu\u010bja tieg\u0127u g\u0127aliex il-\u0127atra ta&#8217; ministru tiddependi mill-fidu\u010bja li g\u0127andu jkollu l-prim ministru. I\u017cda ma\u0121istrat huwa totalment u assolutament indipendenti mill-prim ministru. G\u0127allinqas hekk g\u0127andu jkun f&#8217;demokrazija fejn issaltan il-li\u0121i.<\/p>\n<p>Issa qed ni\u0121u mhedda bis-saltna tal-manigoldi. Jason Micallef issa \u017cied le\u0127nu mal-kor ta&#8217; Laburisti sal-Mewt li qed isej\u0127u biex isiru protesti fit-toroq kontra l-Ma\u0121istrat u l-Pulizija. Pajji\u017cna qed ji\u0121i mhedded mill-kriminali li \u0127atfu pajji\u017cna b&#8217;kolp ta&#8217; stat populist u bil-qerda tal-istituzzjonijiet demokrati\u010bi.<\/p>\n<p>Qed nilag\u0127bu man-nar. Joseph Muscat u Robert Abela jippreferu jarawna mwerwrin. Qed jag\u0127mlu pressjoni fuq il-Ma\u0121istrat u fuq il-Pulizija li qed ja\u0127dmu fuq dan il-ka\u017c bit-theddida li eluf ta&#8217; Laburisti rrabjati g\u0127ad jin\u017clu fit-toroq. Muscat u Abela qed jittamaw li din it-theddida ser tkun bi\u017c\u017cejjed u li mhux ser ikollhom i\u0127ollu l-mostru mir-riedni.<\/p>\n<p>I\u017cda jidher li mostru ser jit\u0127ajru j\u0127olluh jekk, f&#8217;din il-fa\u017ci unika fl-istorja ri\u010benti tag\u0127na, ikun hemm min jinsisti li jag\u0127mel xog\u0127lu u jsus wara l-kriminali sakemm dawn jispi\u010b\u010baw fil-\u0127abs.<\/p>\n<p>Dan huwa mument delikat ferm.<\/p>\n","protected":false},"excerpt":{"rendered":"<p>Nixtieq nag\u0127mel xi osservazzjonijiet dwar ir-rimarki li g\u0127amlu Joseph Muscat u Robert Abela wara li lbiera\u0127 il-Puliizja wettqet tfittxija fir-residenza tal-eks Prim Ministru. Dawn lissnu l-istess affarijiet u dan x&#8217;aktarx ifisser li ftiehmu minn qabel x&#8217;kienu ser jg\u0127idu. Dan li \u0121ej intqal minn Joseph Muscat lil tat-Times of Malta: \u201cMuscat qal li l-fidu\u010bja tieg\u0127u fl-inkjesta [&hellip;]<\/p>\n","protected":false},"author":1,"featured_media":106358,"comment_status":"open","ping_status":"open","sticky":false,"template":"","format":"standard","meta":[],"categories":[54],"tags":[],"_links":{"self":[{"href":"https:\/\/manueldelia.com\/mt\/wp-json\/wp\/v2\/posts\/106368\/"}],"collection":[{"href":"https:\/\/manueldelia.com\/mt\/wp-json\/wp\/v2\/posts\/"}],"about":[{"href":"https:\/\/manueldelia.com\/mt\/wp-json\/wp\/v2\/types\/post\/"}],"author":[{"embeddable":true,"href":"https:\/\/manueldelia.com\/mt\/wp-json\/wp\/v2\/users\/1\/"}],"replies":[{"embeddable":true,"href":"https:\/\/manueldelia.com\/mt\/wp-json\/wp\/v2\/comments\/?post=106368"}],"version-history":[{"count":5,"href":"https:\/\/manueldelia.com\/mt\/wp-json\/wp\/v2\/posts\/106368\/revisions\/"}],"predecessor-version":[{"id":106383,"href":"https:\/\/manueldelia.com\/mt\/wp-json\/wp\/v2\/posts\/106368\/revisions\/106383\/"}],"wp:featuredmedia":[{"embeddable":true,"href":"https:\/\/manueldelia.com\/mt\/wp-json\/wp\/v2\/media\/106358\/"}],"wp:attachment":[{"href":"https:\/\/manueldelia.com\/mt\/wp-json\/wp\/v2\/media\/?parent=106368"}],"wp:term":[{"taxonomy":"category","embeddable":true,"href":"https:\/\/manueldelia.com\/mt\/wp-json\/wp\/v2\/categories\/?post=106368"},{"taxonomy":"post_tag","embeddable":true,"href":"https:\/\/manueldelia.com\/mt\/wp-json\/wp\/v2\/tags\/?post=106368"}],"curies":[{"name":"wp","href":"https:\/\/api.w.org\/{rel}","templated":true}]}}