{"id":106415,"date":"2022-01-21T09:50:01","date_gmt":"2022-01-21T08:50:01","guid":{"rendered":"https:\/\/manueldelia.com\/?p=106415"},"modified":"2022-01-21T17:40:00","modified_gmt":"2022-01-21T16:40:00","slug":"il-ligijiet-ma-jghoddux-ghall-alla-taghhom-4","status":"publish","type":"post","link":"https:\/\/manueldelia.com\/mt\/2022\/01\/il-ligijiet-ma-jghoddux-ghall-alla-taghhom-4\/","title":{"rendered":"Il-li\u0121ijiet ma jg\u0127oddux g\u0127all-alla tag\u0127hom (4)"},"content":{"rendered":"<p><img class=\"aligncenter size-full wp-image-106396\" src=\"https:\/\/manueldelia.com\/wp-content\/uploads\/2022\/01\/e7238454b8bbb9e68ea16a670a2026e3d908183c-1632906679-f1cf240e-960x640-1.jpeg\" alt=\"\" width=\"960\" height=\"640\" srcset=\"https:\/\/manueldelia.com\/wp-content\/uploads\/2022\/01\/e7238454b8bbb9e68ea16a670a2026e3d908183c-1632906679-f1cf240e-960x640-1-200x133.jpeg 200w, https:\/\/manueldelia.com\/wp-content\/uploads\/2022\/01\/e7238454b8bbb9e68ea16a670a2026e3d908183c-1632906679-f1cf240e-960x640-1-300x200.jpeg 300w, https:\/\/manueldelia.com\/wp-content\/uploads\/2022\/01\/e7238454b8bbb9e68ea16a670a2026e3d908183c-1632906679-f1cf240e-960x640-1-400x267.jpeg 400w, https:\/\/manueldelia.com\/wp-content\/uploads\/2022\/01\/e7238454b8bbb9e68ea16a670a2026e3d908183c-1632906679-f1cf240e-960x640-1-600x400.jpeg 600w, https:\/\/manueldelia.com\/wp-content\/uploads\/2022\/01\/e7238454b8bbb9e68ea16a670a2026e3d908183c-1632906679-f1cf240e-960x640-1-768x512.jpeg 768w, https:\/\/manueldelia.com\/wp-content\/uploads\/2022\/01\/e7238454b8bbb9e68ea16a670a2026e3d908183c-1632906679-f1cf240e-960x640-1-800x533.jpeg 800w, https:\/\/manueldelia.com\/wp-content\/uploads\/2022\/01\/e7238454b8bbb9e68ea16a670a2026e3d908183c-1632906679-f1cf240e-960x640-1.jpeg 960w\" sizes=\"(max-width: 960px) 100vw, 960px\" \/>Anki meta wie\u0127ed i\u017comm f&#8217;mo\u0127\u0127u l-\u0127akma li kien hemm fuq l-istituzzjonijiet fi \u017cmien Joseph Muscat, na\u0127seb li issa wasalna f&#8217;punt fejn id-dg\u0127jufija tas-saltna tad-dritt qed narawha tkompli ti\u017cdied. Armat bis-setg\u0127at kollha tal-gvern u tal-partit fil-gvern, Robert Abela issa qed jiskredita l-pro\u010bess \u0121udizzjarju billi jixlih li hu parti\u0121\u0121jan u f&#8217;konfoffa mal-PN.<\/p>\n<p>Mill-\u0127a\u017cin ser immorru g\u0127all-ag\u0127ar. Sakemm lin-nies tieg\u0127u Robert Abela ma jdurx fuqhom u jg\u0127idilhom dak li dejjem jg\u0127id lilna: <strong>\u0127allu lill-istituzzjonijiet ja\u0127dmu<\/strong>.<\/p>\n<p>Minn dan l-istadju &#8216;l quddiem, kull rakkomandazzjoni ma\u0121isterjali ipotetika biex ji\u0121i m\u0127arrek Joseph Muscat ser tintlaqa&#8217; mit-twemmin tas-setta ta&#8217; madwaru li Joseph Muscat huwa vittma li qed ji\u0121i vittimizzat g\u0127alxejn. Ser jivvintaw mitt \u0127a\u0121a biex &#8220;jippruvaw&#8221; li l-eroj tag\u0127hjom hu vittma ta&#8217; in\u0121ustizzja. Tiftakru kemm-il darba kienu jistaqsu:<em> &#8220;fejn hu l-laptop<\/em>&#8220;? Issa ser jibdew jirrepetu: <em>&#8220;g\u0127aliex lit-tfal \u0127adtulhom il-mobiles&#8221;<\/em>? Dawn ji\u0121u jaqg\u0127u u jqumu li t-twe\u0121iba g\u0127al din il-mistoqsija hi li dak li se\u0127\u0127 kien lo\u0121iku u minn ewl id-dinja. Jekk tas-setta Muscatjana jidhrilhom li qed issir in\u0121ustizzja mal-alla tag\u0127hom, g\u0127andhom is-setg\u0127a li jag\u0127mlu \u0127afna aktar milli jxandru r-rabja tag\u0127hom fuq Facebook. Jidher \u010bar li, g\u0127aliex issa Joseph Muscat qed jara l-manetti mdendlin quddiemu, lin-nies tieg\u0127u qed i\u017commhom g\u0127al-lest fuq ponot subg\u0127ajhom g\u0127ax jista&#8217; jasal mument li fih isej\u0127ilhom biex jeg\u0127lbu lill-forzi tal-ordni permezz tal-vjolenza.<\/p>\n<p>Wara li ssir ir-rakkomandazzjoni mill-Ma\u0121istrat, ikun hemm il-\u0127tie\u0121a li l-Avukat \u0120enerali jidde\u010biedi g\u0127andhiex isse\u0127\u0127 ta\u0127rika, il-Pulizija tkun trid tidde\u010biedi g\u0127andhomx isiru l-arresti, ikun je\u0127tie\u0121 li l-mixli jittella&#8217; quddiem Ma\u0121istrat jew Im\u0127allef u jista&#8217; jag\u0127ti l-ka\u017c li l-mixli jkollu jag\u0127mel \u017cmien maqful il-\u0127abs. Sadattant, f&#8217;dawn l-istadja kollha, it-theddida tal-vjolenza qed tinstema&#8217; tidwi dejjem aktar. Numru ta&#8217; uffi\u010bjali pubbli\u010bi &#8211; bosta minnhom g\u0127adhom mhux identifikati &#8211; qed ji\u0121u mwissija, flimkien mal-Ma\u0121istrat inkwirenti, li fejn jid\u0127ol Joseph Muscat m&#8217;g\u0127andhomx ji\u0121u mmexxija mil-li\u0121i u mill-kuxjenza tag\u0127hom: il-li\u0121i u l-kuxjenza mhumiex rilevanti. Joseph Muscat \u0127add ma jista&#8217; jmissu. U, skont il-qaddejja ta&#8217; Muscat, ikun \u0127a\u017cin g\u0127alihom jekk jintmess. Voluntiera hemm bir-rimi: Jason Micallef, Jeffrey Pullicino Orlando, Emmanuel Cuschieri u Karl Stagno Navarra.<\/p>\n<p>U l-qassis il-kbir Robert Abela, minkejja li mhuwiex japprova dan kollu, qed juri li huwa lest li jissagrifika r-regoli ba\u017ci\u010bi tad-demokrazija.<\/p>\n<p>G\u0127aliex jaf li, jekk ma ji\u017cfinx g\u0127ad-daqq tag\u0127hom, iduru g\u0127alih u jibilg\u0127uh.<\/p>\n<p>&nbsp;<\/p>\n","protected":false},"excerpt":{"rendered":"<p>Anki meta wie\u0127ed i\u017comm f&#8217;mo\u0127\u0127u l-\u0127akma li kien hemm fuq l-istituzzjonijiet fi \u017cmien Joseph Muscat, na\u0127seb li issa wasalna f&#8217;punt fejn id-dg\u0127jufija tas-saltna tad-dritt qed narawha tkompli ti\u017cdied. Armat bis-setg\u0127at kollha tal-gvern u tal-partit fil-gvern, Robert Abela issa qed jiskredita l-pro\u010bess \u0121udizzjarju billi jixlih li hu parti\u0121\u0121jan u f&#8217;konfoffa mal-PN. Mill-\u0127a\u017cin ser immorru g\u0127all-ag\u0127ar. Sakemm [&hellip;]<\/p>\n","protected":false},"author":1,"featured_media":106397,"comment_status":"open","ping_status":"open","sticky":false,"template":"","format":"standard","meta":[],"categories":[54],"tags":[],"_links":{"self":[{"href":"https:\/\/manueldelia.com\/mt\/wp-json\/wp\/v2\/posts\/106415\/"}],"collection":[{"href":"https:\/\/manueldelia.com\/mt\/wp-json\/wp\/v2\/posts\/"}],"about":[{"href":"https:\/\/manueldelia.com\/mt\/wp-json\/wp\/v2\/types\/post\/"}],"author":[{"embeddable":true,"href":"https:\/\/manueldelia.com\/mt\/wp-json\/wp\/v2\/users\/1\/"}],"replies":[{"embeddable":true,"href":"https:\/\/manueldelia.com\/mt\/wp-json\/wp\/v2\/comments\/?post=106415"}],"version-history":[{"count":5,"href":"https:\/\/manueldelia.com\/mt\/wp-json\/wp\/v2\/posts\/106415\/revisions\/"}],"predecessor-version":[{"id":106424,"href":"https:\/\/manueldelia.com\/mt\/wp-json\/wp\/v2\/posts\/106415\/revisions\/106424\/"}],"wp:featuredmedia":[{"embeddable":true,"href":"https:\/\/manueldelia.com\/mt\/wp-json\/wp\/v2\/media\/106397\/"}],"wp:attachment":[{"href":"https:\/\/manueldelia.com\/mt\/wp-json\/wp\/v2\/media\/?parent=106415"}],"wp:term":[{"taxonomy":"category","embeddable":true,"href":"https:\/\/manueldelia.com\/mt\/wp-json\/wp\/v2\/categories\/?post=106415"},{"taxonomy":"post_tag","embeddable":true,"href":"https:\/\/manueldelia.com\/mt\/wp-json\/wp\/v2\/tags\/?post=106415"}],"curies":[{"name":"wp","href":"https:\/\/api.w.org\/{rel}","templated":true}]}}