{"id":107187,"date":"2022-02-11T08:50:49","date_gmt":"2022-02-11T07:50:49","guid":{"rendered":"https:\/\/manueldelia.com\/?p=107187"},"modified":"2022-02-11T20:20:25","modified_gmt":"2022-02-11T19:20:25","slug":"il-platt-iqazzu-u-jirremetti-fih-izda-xorta-jaghzel-jiekol-minnu","status":"publish","type":"post","link":"https:\/\/manueldelia.com\/mt\/2022\/02\/il-platt-iqazzu-u-jirremetti-fih-izda-xorta-jaghzel-jiekol-minnu\/","title":{"rendered":"Il-platt iqa\u017c\u017cu u jirremetti fih, i\u017cda xorta jag\u0127\u017cel li jiekol minnu"},"content":{"rendered":"<p><img class=\"aligncenter size-full wp-image-107176\" src=\"https:\/\/manueldelia.com\/wp-content\/uploads\/2022\/02\/1e1283b6929f669da7fe32958e63788de2bfac44-1575786696-5dec98c8-960x640-1.jpg\" alt=\"\" width=\"960\" height=\"1228\" srcset=\"https:\/\/manueldelia.com\/wp-content\/uploads\/2022\/02\/1e1283b6929f669da7fe32958e63788de2bfac44-1575786696-5dec98c8-960x640-1-200x256.jpg 200w, https:\/\/manueldelia.com\/wp-content\/uploads\/2022\/02\/1e1283b6929f669da7fe32958e63788de2bfac44-1575786696-5dec98c8-960x640-1-235x300.jpg 235w, https:\/\/manueldelia.com\/wp-content\/uploads\/2022\/02\/1e1283b6929f669da7fe32958e63788de2bfac44-1575786696-5dec98c8-960x640-1-400x512.jpg 400w, https:\/\/manueldelia.com\/wp-content\/uploads\/2022\/02\/1e1283b6929f669da7fe32958e63788de2bfac44-1575786696-5dec98c8-960x640-1-600x768.jpg 600w, https:\/\/manueldelia.com\/wp-content\/uploads\/2022\/02\/1e1283b6929f669da7fe32958e63788de2bfac44-1575786696-5dec98c8-960x640-1-768x982.jpg 768w, https:\/\/manueldelia.com\/wp-content\/uploads\/2022\/02\/1e1283b6929f669da7fe32958e63788de2bfac44-1575786696-5dec98c8-960x640-1-800x1023.jpg 800w, https:\/\/manueldelia.com\/wp-content\/uploads\/2022\/02\/1e1283b6929f669da7fe32958e63788de2bfac44-1575786696-5dec98c8-960x640-1.jpg 801w\" sizes=\"(max-width: 960px) 100vw, 960px\" \/><\/p>\n<p>Sur Desmond Zammit Marmara, nies b\u0127ali u b\u0127alek li nemmnu bis-s\u0127i\u0127 fid-demokrazija je\u0127tie\u0121 li darba g\u0127al dejjem na\u010b\u010bettaw il-fatt li d-destin tag\u0127na jinsab f&#8217;idejn dawk li int sejja\u0127tilhom \u201cidjoti bla mo\u0127\u0127&#8221;. Bi \u0127siebni wkoll nu\u017ca l-kliem tieg\u0127ek stess biex infisser kif ikunu dawk fostna li mhumiex idjoti bla mo\u0127\u0127: ji\u0121ifieri l-\u201cintellettwali\u201d. Skont int, din mhix xi tifsira elitista i\u017cda wa\u0127da dwar min m&#8217;huwiex bla mo\u0127\u0127.<\/p>\n<p>Jekk int rasek mistrie\u0127a li g\u0127andek mo\u0127\u0127 biex ta\u0127seb, tie\u0127odhiex kontra tieg\u0127i jekk jien nag\u0127mel b\u0127alek. I\u017cda hawn mhux bi \u0127siebni nikteb fuqi nnifsi. Bi \u0127siebni nikteb fuqek. U peress li int m&#8217;intix wie\u0127ed ta&#8217; bla mo\u0127\u0127 u tqis lilek innifsek b\u0127ala wie\u0127ed mill-&#8220;Laburisti intellettwali&#8221; &#8211;\u00a0 a\u0127firli jekk taqbadni g\u0127axwa \u010bkejkna malli nisma&#8217; kontradizzjoni b\u0127al din &#8211; l-artiklu tieg\u0127ek ta&#8217; dalg\u0127odu li xxandar fit-<em>Times of Malta<\/em> je\u0127tie\u0121 li wie\u0127ed ig\u0127arblu sewwa. B\u0127ala bniedem li tqis lilek innifsek b&#8217;intellettwali, g\u0127andek id-dmir u r-responsabbilt\u00e0 li dak li tikteb tiktbu bis-sens.<\/p>\n<p>Fi ftit kliem, int irra\u0121unajt bil-mod li ser insemmi (<a href=\"https:\/\/timesofmalta.com\/articles\/view\/labours-dissident-silent-minority-desmond-zammit-marmara.933598\" target=\"_blank\" rel=\"noopener\">araw l-artiklu hawn<\/a>):<\/p>\n<ol>\n<li>Int ktibt li m&#8217;g\u0127andek xejn x&#8217;taqsam ma&#8217; intellettwali Laburisti li int x\u0127ett f&#8217;\u017cew\u0121 kategoriji. Fl-ewwel kategorija hemm dawk li tqa\u017c\u017cu b&#8217;dak li qed jag\u0127mel il-Partit Laburista i\u017cda li &#8211; bil-maqlub g\u0127al dak li qed tag\u0127mel int &#8211; jippreferu li jsoddu \u0127alqhom g\u0127ax jib\u017cg\u0127u li l-Partit jista&#8217; jirriskja li jitlef is-setg\u0127a. Fit-tieni kategorija hemm dawk li, hu x&#8217;inhu l-intellett li g\u0127andhom, qed jg\u0127umu fil-\u0127ama u fit-tajn li jqa\u017c\u017ce\u017c lil dawk li ja\u0127sbuha b\u0127alek, u li fi kliem ie\u0127or huma jew idjoti bla mo\u0127\u0127 libsin ta&#8217; intellettwali jew inkella gradwati tal-universit\u00e0 li huma m\u010bappsin bil-korruzzjoni.<\/li>\n<li>Fil-Partit Laburista hemm aktar idjoti bla mo\u0127\u0127 milli hemm intellettwali u g\u0127aldaqstant, minkejja l-ambizzjonijiet ideolo\u0121i\u010bi ta&#8217; nies b\u0127alek, il-Partit jinsab miexi fit-triq li jriduh jimxi fiha l-idjoti u mhux fit-triq li int jidhirlek li g\u0127andu jimxi fiha.<\/li>\n<li>Talli a\u017c\u017cardajt tifta\u0127 \u0127alqek u kkritikajt lill-Partit Laburista, sibt ma&#8217; wi\u010b\u010bek azzjonijiet ta&#8217; tpattija u ta&#8217; intimidazzjoni u b&#8217;hekk ing\u0127ataw ra\u0121un dawk il-\u0121wejjef\u00a0 li saddew \u0127alqhom g\u0127ax be\u017cg\u0127u mill-konsegwenzi li kieku kellhom jag\u0127\u017clu li jift\u0127u \u0127alqhom.<\/li>\n<li>Is-setg\u0127a tal-Labour ma tridx taraha titnaqqas, se ter\u0121a&#8217; tivvota lill-Partit Laburista fl-elezzjoni li \u0121ejja u tixtieq li \u0127addie\u0127or jag\u0127mel b\u0127alek.<\/li>\n<\/ol>\n<p>Jekk int ta\u0127seb li f&#8217;dawn il-\u0127sibijiet te\u017cisti xi sekwenza lo\u0121ika, postok huwa mat-tliet kategoriji f&#8217;daqqa u dan minkejja l-fatt li ktibt li int m&#8217;g\u0127andek xejn x&#8217;taqsam mag\u0127hom. Imqa\u017c\u017ce\u017c kemm tinsab inqa\u017c\u017ce\u017c bil-Partit Laburista, int tinsab be\u017cg\u0127an jekk ma tibqax tag\u0127tih l-appo\u0121\u0121. Tinsab kemm tinsab di\u017cappuntat li l-Partit Laburista llum m&#8217;g\u0127adux laburista, xorta wa\u0127da bqajt ixxejjer il-bandiera tieg\u0127u u xorta wa\u0127da bqajt t\u0127e\u0121\u0121e\u0121 lin-nies jivvutawlu. Kbir kemm jista&#8217; huwa kbir l-intellett tieg\u0127ek &#8211; u kbir kemm jidher kbir dan l-intellett paragunat ma&#8217; dak li g\u0127andhom l-idjoti ta&#8217; bla mo\u0127\u0127 &#8211; xorta bqajt \u0127a\u0121a wa\u0127da mag\u0127hom bit-tir li tikkonservalhom is-setg\u0127a.<\/p>\n<p>Int u tag\u0127mel dan, fi kliemek stess, qed tkompli tappo\u0121\u0121ja l-politika &#8220;populista&#8221;, il-\u201cgimmicks\u201d b\u0127alma hu \u010b-\u010bekk ta&#8217; \u20ac100 lil kul\u0127add u dan minflok it-tfassil ta&#8217; politika li twassal biex il-\u0121id jitqassam b&#8217;mod aktar \u0121ust u, g\u0127a\u0121eb tal-g\u0127e\u0121ubijiet, \u201caktar korruzzjoni fil-\u0127ajja pubblika u b&#8217;isem\u00a0 pajji\u017cna jkompli nie\u017cel fil-\u0127ama kemm lokalment kif ukoll f&#8217;g\u0127ajnejn id-dinja.\u201d<\/p>\n<p>Lil dawn l-idjoti ta&#8217; bla mo\u0127\u0127 &#8211; kien hemm ukoll min g\u0127ajjarhom \u0120a\u0127an &#8211; int xlejthom li g\u0127arrqu lill-pajji\u017c fil-\u0127mie\u0121 u fil-\u0127ama sforz l-im\u0121iba tag\u0127hom. U, minkejja dan, m&#8217;g\u0127andekx il-\u0127ila li tag\u0127mel u\u017cu mis-setg\u0127a li jag\u0127tik il-vot, mill-intellett li tippretendi li g\u0127andek, mill-e\u017cempju ta&#8217; politi\u010bi Laburisti tal-img\u0127oddi u l-kuntatti li g\u0127andek fosthom u mit-twemmin politiku tieg\u0127ek u dan bil-g\u0127an li \u0121\u0121ib il-bidla.<\/p>\n<p>Il-platt li g\u0127andek quddiemek iqa\u017c\u017cek, qed tirrimetti fih, i\u017cda qed tikkonvin\u010bi lilek innifsek pubblikament li m&#8217;g\u0127andek ebda g\u0127a\u017cla \u0127lief li tiekol dak li hemm fil-platt, bir-remettar b&#8217;kollox.<\/p>\n<p>Fi ftit kliem, l-idjota ta&#8217; bla mo\u0127\u0127 mhuwa \u0127add \u0127lief int stess.<\/p>\n<p>U sakemm int issegwi l-konklu\u017cjoni lo\u0121ika tal-premessi tieg\u0127ek, idjota bla mo\u0127\u0127 ser tibqa&#8217;.<\/p>\n<p>\u0120aladarba l-Partit Laburista qed iqa\u017c\u017cek, qed jittradixxi t-twemmin tieg\u0127ek u fih qed issaltan ma\u0121\u0121oranza li qed tkaxkrek lejn irkejjen li ma tixtieqx tmur fihom, f&#8217;demokrazija jibqag\u0127lek biss \u017cew\u0121 g\u0127a\u017cliet: jew tivvota g\u0127al partit ie\u0127or jew inkella arma partit g\u0127alik.<\/p>\n","protected":false},"excerpt":{"rendered":"<p>Sur Desmond Zammit Marmara, nies b\u0127ali u b\u0127alek li nemmnu bis-s\u0127i\u0127 fid-demokrazija je\u0127tie\u0121 li darba g\u0127al dejjem na\u010b\u010bettaw il-fatt li d-destin tag\u0127na jinsab f&#8217;idejn dawk li int sejja\u0127tilhom \u201cidjoti bla mo\u0127\u0127&#8221;. Bi \u0127siebni wkoll nu\u017ca l-kliem tieg\u0127ek stess biex infisser kif ikunu dawk fostna li mhumiex idjoti bla mo\u0127\u0127: ji\u0121ifieri l-\u201cintellettwali\u201d. Skont int, din mhix [&hellip;]<\/p>\n","protected":false},"author":1,"featured_media":107177,"comment_status":"open","ping_status":"closed","sticky":false,"template":"","format":"standard","meta":[],"categories":[54],"tags":[],"_links":{"self":[{"href":"https:\/\/manueldelia.com\/mt\/wp-json\/wp\/v2\/posts\/107187\/"}],"collection":[{"href":"https:\/\/manueldelia.com\/mt\/wp-json\/wp\/v2\/posts\/"}],"about":[{"href":"https:\/\/manueldelia.com\/mt\/wp-json\/wp\/v2\/types\/post\/"}],"author":[{"embeddable":true,"href":"https:\/\/manueldelia.com\/mt\/wp-json\/wp\/v2\/users\/1\/"}],"replies":[{"embeddable":true,"href":"https:\/\/manueldelia.com\/mt\/wp-json\/wp\/v2\/comments\/?post=107187"}],"version-history":[{"count":5,"href":"https:\/\/manueldelia.com\/mt\/wp-json\/wp\/v2\/posts\/107187\/revisions\/"}],"predecessor-version":[{"id":107198,"href":"https:\/\/manueldelia.com\/mt\/wp-json\/wp\/v2\/posts\/107187\/revisions\/107198\/"}],"wp:featuredmedia":[{"embeddable":true,"href":"https:\/\/manueldelia.com\/mt\/wp-json\/wp\/v2\/media\/107177\/"}],"wp:attachment":[{"href":"https:\/\/manueldelia.com\/mt\/wp-json\/wp\/v2\/media\/?parent=107187"}],"wp:term":[{"taxonomy":"category","embeddable":true,"href":"https:\/\/manueldelia.com\/mt\/wp-json\/wp\/v2\/categories\/?post=107187"},{"taxonomy":"post_tag","embeddable":true,"href":"https:\/\/manueldelia.com\/mt\/wp-json\/wp\/v2\/tags\/?post=107187"}],"curies":[{"name":"wp","href":"https:\/\/api.w.org\/{rel}","templated":true}]}}