{"id":107563,"date":"2022-02-21T12:10:41","date_gmt":"2022-02-21T11:10:41","guid":{"rendered":"https:\/\/manueldelia.com\/?p=107563"},"modified":"2022-02-21T20:46:34","modified_gmt":"2022-02-21T19:46:34","slug":"l-ewwel-jum-2-il-mexxejja","status":"publish","type":"post","link":"https:\/\/manueldelia.com\/mt\/2022\/02\/l-ewwel-jum-2-il-mexxejja\/","title":{"rendered":"L-ewwel jum (2): Il-mexxejja"},"content":{"rendered":"<p><img class=\"aligncenter size-full wp-image-107512\" src=\"https:\/\/manueldelia.com\/wp-content\/uploads\/2022\/02\/file.aspx_.jpeg\" alt=\"\" width=\"630\" height=\"340\" srcset=\"https:\/\/manueldelia.com\/wp-content\/uploads\/2022\/02\/file.aspx_-200x108.jpeg 200w, https:\/\/manueldelia.com\/wp-content\/uploads\/2022\/02\/file.aspx_-300x162.jpeg 300w, https:\/\/manueldelia.com\/wp-content\/uploads\/2022\/02\/file.aspx_-400x216.jpeg 400w, https:\/\/manueldelia.com\/wp-content\/uploads\/2022\/02\/file.aspx_-600x324.jpeg 600w, https:\/\/manueldelia.com\/wp-content\/uploads\/2022\/02\/file.aspx_.jpeg 630w\" sizes=\"(max-width: 630px) 100vw, 630px\" \/><\/p>\n<p>Ikun banalit\u00e0 tal-politika lokali li tqis lill-elezzjonijiet Maltin b\u0127ala elezzjonijiet presidenzjali f&#8217;sistema parlamentari. Dom Mintoff kien ix-xempju tad-demago\u0121ija post-kolonjali. Fil-bidu tat-tmexxija tieg\u0127u Eddie Fenech Adami kien jitpin\u0121a fl-istampa Laburista b\u0127ala tarbija bil-\u0127arqa u dan sabiex jitwassal il-messa\u0121\u0121 li bejnu u bejn Mintoff ma kienx hemm paragun.<\/p>\n<p>Mal-medda ta\u017c-\u017cmien, Eddie Fenech Adami kiber fl-istatura politika u fl-1992, fir-ritratti kienu jidher i\u0127ares dritt f&#8217;g\u0127ajnejn in-nies u dak kien kulma kellhom b\u017conn jag\u0127mlu l-PN. Alfred Sant u Lawrence Gonzi \u0121ew ippre\u017centati qishom artisti f&#8217;xi dramm u wi\u010b\u010bhom kont tarah kullimkien anki f&#8217;dawk il-bliet u l-ir\u0127ula li fihom ma kinux qed jikkontestaw.<\/p>\n<p>L-ist\u0127arri\u0121 fl-2017 kien \u010bar. Joseph Muscat kien attrazzjoni elettorali g\u0127all-partit tieg\u0127u li Simon Busuttil ma kienx g\u0127al tieg\u0127u. Tal-Labour \u010bappsu wi\u010b\u010b u isem il-mexxej tag\u0127hom ma&#8217; kullimkien, bil-kampanja nfisha msej\u0127a &#8220;josephmuscat.com&#8221;. Il-kampanja tal-PN ma w\u017catx &#8220;Jien nag\u0127\u017cel lil Simon Busuttil&#8221;. Minflok u\u017caw &#8220;Jien nag\u0127\u017cel Malta&#8221;.<\/p>\n<p>Il-fehma kienet li f&#8217;g\u0127a\u017cla bejn Muscat u Busuttil, bosta aktar kienu ser jag\u0127\u017clu lil Muscat. Forsi f&#8217;g\u0127a\u017cla bejn Muscat u Malta, numru minnhom jag\u0127\u017clu lil Malta.<\/p>\n<p>Dalg\u0127odu Malta qamet b&#8217;isem Robert Abela m\u010bappas kullimkien, fuq dawk il-billboards li ilhom 6 xhur jirreklamaw il-film awards jew xi gherf Presidenzjali dwar l-g\u0127aqda tag\u0127na waqt il-pandemija. Issa \u0127lief Robert Abela, Robert Abela, Robert Abela kullimkien m&#8217;a\u0127niex naraw. U hekk probabbli se nibqg\u0127u naraw g\u0127at-33 jum li \u0121ejjin.<\/p>\n<p>Bla dubju ta&#8217; xejn li l-appo\u0121\u0121 li jgawdi l-mexxej Laburista, g\u0127alkemm fit-triq tan-ni\u017cla, baqa&#8217; g\u0127oli \u0127afna u bil-wisq og\u0127la minn ta&#8217; Bernard Grech. G\u0127all-Partit Laburista, il-vanta\u0121\u0121 li jgawdi Abela fil-konfront ta&#8217; Grech huwa sod.<\/p>\n<p>Imma wara l-esperjenza tal-elezzjoni tal-2017, jidher li qed issir emfasi \u017cejda fuq il-kwalitajiet tal-mexxej. Sewwa jag\u0127mlu l-mexxejja meta jfakkruna li \u0127admu tajjeb fil-kariga ta&#8217; prim ministru u li \u0127aqqhom jer\u0121g\u0127u jkunu eletti, jew meta l-mexxejja jg\u0127idulna li t-ti\u0121rija g\u0127all-\u0127atra ta&#8217; Prim Ministru hija weg\u0127da ta&#8217; gvern a\u0127jar. G\u0127alhekk ikollna kampanji elettorali.<\/p>\n<p>I\u017cda Joseph Muscat u Robert Abela qed jippruvaw ibellg\u0127u l-idea li m&#8217;hemmx alternattiva g\u0127alihom. Il-messa\u0121\u0121 li jridu jwasslu hu li g\u0127andhom jing\u0127ataw mandat ie\u0127or u dan minkejja kull dubju li jista&#8217; jkollhom il-votanti dwarhom.<\/p>\n<p>Il-lezzjoni tar-reb\u0127a elettorali ta&#8217; Joseph Muscat hija biss konferma li elezzjoni twassal biss sa \u010bertu punt. Reb\u0127a ma t\u0127assarx dak kollu li jkunu jixtiequ ja\u0127bu &#8211; g\u0127allinqas mhux g\u0127al dejjem. Reb\u0127a mill-\u0121did ma tfissirx ma\u0127fra ta&#8217; dnubiethom.<\/p>\n<p>Bernard Grech huwa pjuttost \u0121did. Imexxi partit mi\u017cg\u0127ud bi dg\u0127jufijiet li se nitkellem dwarhom aktar tard f&#8217;din is-sensiela u g\u0127adu ma rnexxilux iqajjem l-entu\u017cja\u017cmu g\u0127alih u g\u0127all-partit tieg\u0127u. G\u0127andu 33 jum biex ibiddel dan kollu. Sakemm ma jitlifx b&#8217;mar\u0121ini akbar minn ta&#8217; qablu, ma tantx g\u0127andu ta&#8217; xiex jag\u0127ti prova u wisq inqas g\u0127andu x&#8217;jitlef.<\/p>\n<p>G\u0127andu l-lussu li jista&#8217; jibqa&#8217; seren matul din il-kampanja, li jidher kalm u li jaf x&#8217;hemm b\u017conn isir. Jekk jirre\u017cisti t-tentazzjoni li jwieg\u0127ed il-mirakli (li se jo\u0127ro\u0121na mill-greylisting fi tliet xhur, pere\u017cempju, jew li se jer\u0121a&#8217; jibni t-tempju fi 3 ijiem) jista&#8217; jippre\u017centa ru\u0127u b\u0127ala dak li g\u0127andna b\u017conn: alternattiva g\u0127al Robert Abela &#8211; dak li jintilef\u00a0 fil-paniku, li jie\u0127u g\u0127alih mix-xejn, li huwa nervu\u017c i\u017c\u017cejjed.<\/p>\n","protected":false},"excerpt":{"rendered":"<p>Ikun banalit\u00e0 tal-politika lokali li tqis lill-elezzjonijiet Maltin b\u0127ala elezzjonijiet presidenzjali f&#8217;sistema parlamentari. Dom Mintoff kien ix-xempju tad-demago\u0121ija post-kolonjali. Fil-bidu tat-tmexxija tieg\u0127u Eddie Fenech Adami kien jitpin\u0121a fl-istampa Laburista b\u0127ala tarbija bil-\u0127arqa u dan sabiex jitwassal il-messa\u0121\u0121 li bejnu u bejn Mintoff ma kienx hemm paragun. Mal-medda ta\u017c-\u017cmien, Eddie Fenech Adami kiber fl-istatura politika u [&hellip;]<\/p>\n","protected":false},"author":1,"featured_media":107513,"comment_status":"open","ping_status":"closed","sticky":false,"template":"","format":"standard","meta":[],"categories":[54],"tags":[],"_links":{"self":[{"href":"https:\/\/manueldelia.com\/mt\/wp-json\/wp\/v2\/posts\/107563\/"}],"collection":[{"href":"https:\/\/manueldelia.com\/mt\/wp-json\/wp\/v2\/posts\/"}],"about":[{"href":"https:\/\/manueldelia.com\/mt\/wp-json\/wp\/v2\/types\/post\/"}],"author":[{"embeddable":true,"href":"https:\/\/manueldelia.com\/mt\/wp-json\/wp\/v2\/users\/1\/"}],"replies":[{"embeddable":true,"href":"https:\/\/manueldelia.com\/mt\/wp-json\/wp\/v2\/comments\/?post=107563"}],"version-history":[{"count":4,"href":"https:\/\/manueldelia.com\/mt\/wp-json\/wp\/v2\/posts\/107563\/revisions\/"}],"predecessor-version":[{"id":107575,"href":"https:\/\/manueldelia.com\/mt\/wp-json\/wp\/v2\/posts\/107563\/revisions\/107575\/"}],"wp:featuredmedia":[{"embeddable":true,"href":"https:\/\/manueldelia.com\/mt\/wp-json\/wp\/v2\/media\/107513\/"}],"wp:attachment":[{"href":"https:\/\/manueldelia.com\/mt\/wp-json\/wp\/v2\/media\/?parent=107563"}],"wp:term":[{"taxonomy":"category","embeddable":true,"href":"https:\/\/manueldelia.com\/mt\/wp-json\/wp\/v2\/categories\/?post=107563"},{"taxonomy":"post_tag","embeddable":true,"href":"https:\/\/manueldelia.com\/mt\/wp-json\/wp\/v2\/tags\/?post=107563"}],"curies":[{"name":"wp","href":"https:\/\/api.w.org\/{rel}","templated":true}]}}