{"id":107781,"date":"2022-02-26T08:03:53","date_gmt":"2022-02-26T07:03:53","guid":{"rendered":"https:\/\/manueldelia.com\/?p=107781"},"modified":"2022-02-26T12:53:52","modified_gmt":"2022-02-26T11:53:52","slug":"is-6-jum-prim-ministru-vavu","status":"publish","type":"post","link":"https:\/\/manueldelia.com\/mt\/2022\/02\/is-6-jum-prim-ministru-vavu\/","title":{"rendered":"Is-6 jum: prim ministru vavu"},"content":{"rendered":"<p><img class=\"aligncenter size-full wp-image-107759\" src=\"https:\/\/manueldelia.com\/wp-content\/uploads\/2022\/02\/Screenshot-2022-02-26-at-08.00.22.png\" alt=\"\" width=\"1510\" height=\"1238\" srcset=\"https:\/\/manueldelia.com\/wp-content\/uploads\/2022\/02\/Screenshot-2022-02-26-at-08.00.22-200x164.png 200w, https:\/\/manueldelia.com\/wp-content\/uploads\/2022\/02\/Screenshot-2022-02-26-at-08.00.22-300x246.png 300w, https:\/\/manueldelia.com\/wp-content\/uploads\/2022\/02\/Screenshot-2022-02-26-at-08.00.22-400x328.png 400w, https:\/\/manueldelia.com\/wp-content\/uploads\/2022\/02\/Screenshot-2022-02-26-at-08.00.22-600x492.png 600w, https:\/\/manueldelia.com\/wp-content\/uploads\/2022\/02\/Screenshot-2022-02-26-at-08.00.22-768x630.png 768w, https:\/\/manueldelia.com\/wp-content\/uploads\/2022\/02\/Screenshot-2022-02-26-at-08.00.22-800x656.png 800w, https:\/\/manueldelia.com\/wp-content\/uploads\/2022\/02\/Screenshot-2022-02-26-at-08.00.22.png 1024w, https:\/\/manueldelia.com\/wp-content\/uploads\/2022\/02\/Screenshot-2022-02-26-at-08.00.22-1200x984.png 1200w\" sizes=\"(max-width: 1510px) 100vw, 1510px\" \/>Dan li \u0121ej huwa dak li m&#8217;g\u0127andekx tag\u0127mel meta tisfronda dar \u017cew\u0121 bibien &#8216;il bog\u0127od mid-dar tieg\u0127ek u jinqatlu n-nies li jkun hemm fiha. Ma tag\u0127milx festin biex tifra\u0127 g\u0127all-fatt li s-saqaf tad-dar tieg\u0127ek ma sfrondax. U lill-\u0121irien ma tmurx tg\u0127idilhom li int tinsab kuntent li d-dar tieg\u0127ek mhix e\u017catt bieb ma&#8217; bieb mad-dar im\u0121arrfa u g\u0127aldaqstant m&#8217;g\u0127andekx g\u0127alfejn toqg\u0127od ittella&#8217; l-puntali biex is-saqaf tieg\u0127ek ikollu fuqiex iserra\u0127 f&#8217;ka\u017c li l-\u0127sara fid-dar im\u0121arrfa taffettwa wkoll lil tieg\u0127ek.<\/p>\n<p>Ilbiera\u0127, bis-sa\u0127\u0127a tar-rimarki insensittivi u tal-vavi li g\u0127adda, Robert Abela \u017celaq fin-niexef. Kien g\u0127adu kemm irritorna lura lejn Malta minn laqg\u0127a ur\u0121enti tal-kapijiet tal-gvern tal-Unjoni Ewropea li fiha kellu l-opportunit\u00e0 li jisma&#8217; lill-President Ukren jg\u0127id li dik setg\u0127et tkun l-a\u0127\u0127ar darba li seta&#8217; jindirizzahom. Il-belt kapitali tal-pajji\u017c Kyiv jidher li dalwaqt ser tkun okkupata minn wa\u0127da mill-aktar armati b&#8217;sa\u0127\u0127ithom fid-dinja. Il-Presidnet Ukren kien qieg\u0127ed biex li jin\u017ca&#8217; l-glekk u l-ingravata biex jilbes ilbies g\u0127all-\u0121lied u biex ikun jista&#8217; jing\u0127aqad mal-voluntiera, bosta minnhom ming\u0127ajr ta\u0127ri\u0121 militari, biex jirre\u017cisti lill-inva\u017curi fit-triqat ta&#8217; Kyiv, triq triq.<\/p>\n<p>U, g\u0127al \u0121ie\u0127na, Robert Abela \u0121ie biex jg\u0127idilna kemm i\u0127ossu xxurtjat li hu m&#8217;g\u0127andux g\u0127alfejn jilbes ilbies g\u0127all-\u0121lied. U li m&#8217;g\u0127andux g\u0127alfejn joqg\u0127od i\u0127abbel rasu li qed fit-tmun ta&#8217; pajji\u017c li jinsab vi\u010bin dik il-gwerra. X&#8217;aktarx li ser ikun hemm eluf &#8211; jekk mhux miljuni &#8211; ta&#8217; bnedmin li ser ikollhom i\u0121orru \u0127wejji\u0121hom u jlebbtu &#8216;l barra minn pajji\u017chom. Il-Polonja, l-Ungerija, s-Slovakkja u r-Rumanija qed i\u0127ejju biex jilqg\u0127u dawn il-miljuni ta&#8217; refu\u0121jati. U g\u0127al darb&#8217;o\u0127ra fl-istorja twila tag\u0127hom, flimkien mal-Finlandja, l-Estonja, il-Latvja u l-Litwanja, ser ikollhom jg\u0127ixu bieb ma&#8217; bieb ma&#8217; Imperu Russu aggressiv u espansjonista li jrid i\u0127assar l-apparat tas-sigurt\u00e0 li nbena wara t-tmiem tal-Gwerra l-Bierda.<\/p>\n<p>U, o\u0127ro\u0121 il-g\u0127a\u0121eb, kulma kellu xi jg\u0127id Robert Abela kien li mnalla a\u0127na m&#8217;g\u0127andniex x&#8217;naqsmu! Aqtg\u0127u kemm ser je\u0127duh bis-serjet\u00e0 l-pajji\u017ci l-o\u0127ra tal-Unjoni Ewropea meta ner\u0121g\u0127u n\u0127abbtu wi\u010b\u010bna mal-migrazzjoni lejn xtutna ta&#8217; dawk li jkunu qed ja\u0127arbu mill-\u0121u\u0127 u mill-iskjavit\u00f9 fil-Libja fuq bi\u010b\u010ba qoxra tal-ba\u0127ar! A\u0127sbu ftit dwar kemm il-paniku li jkun fih g\u0127ad jinstema&#8217; patetiku u ironiku hu u j\u017comm &#8216;il barra mix-xtut tag\u0127na l-migranti fuq il-qxur tal-ba\u0127ar bejn sema u ilma u dan sabiex\u00a0 \u201cis-serenit\u00e0, s-ser\u0127an tal-mo\u0127\u0127 u l-pa\u010bi&#8221; &#8211; kif huwa stess iddeskriva l-indifferenza tal-mist\u0127ija tieg\u0127u &#8211; ma jintilfux.<\/p>\n<p>Jekk ser ikollna l-ardir li nibqg\u0127u &#8220;sereni&#8221; waqt li g\u0127addejja gwerra mhux tant &#8216;il bog\u0127od mill-fruntiera Ewropea li naqsmu ma&#8217; \u0127addie\u0127or u jekk il-mexxej tag\u0127na ser jitkellem f&#8217;isimna qisu xi sindku hu u jistqarr li \u0121aladarba li lilna l-gwerra ma messitniex, allura kollox sew, is-serenit\u00e0 ser nitilfuha minn ta\u0127t \u0127alqna \u0127afna aktar malajr milli ja\u0127seb. Sakemm faqqg\u0127et din il-gwerra, konna ng\u0127idu li g\u0127andna prim ministru li jinsab mg\u0127obbi bl-effetti tal-kompromessi li kien g\u0127amel fl-img\u0127oddi, b&#8217;mod partikolari l-kompromess li bis-sa\u0127\u0127a tieg\u0127u \u0127a post Joseph Muscat biex ikompli jag\u0127tih il-kenn.<\/p>\n<p>Hekk kif qed jinbidel ix-xenarju politiku, mal-medda ta\u017c-\u017cmien g\u0127ad jisg\u0127obbina li g\u0127andna prim ministru li mhuwa xejn \u0127lief vavu.<\/p>\n","protected":false},"excerpt":{"rendered":"<p>Dan li \u0121ej huwa dak li m&#8217;g\u0127andekx tag\u0127mel meta tisfronda dar \u017cew\u0121 bibien &#8216;il bog\u0127od mid-dar tieg\u0127ek u jinqatlu n-nies li jkun hemm fiha. Ma tag\u0127milx festin biex tifra\u0127 g\u0127all-fatt li s-saqaf tad-dar tieg\u0127ek ma sfrondax. U lill-\u0121irien ma tmurx tg\u0127idilhom li int tinsab kuntent li d-dar tieg\u0127ek mhix e\u017catt bieb ma&#8217; bieb mad-dar im\u0121arrfa [&hellip;]<\/p>\n","protected":false},"author":1,"featured_media":107760,"comment_status":"open","ping_status":"closed","sticky":false,"template":"","format":"standard","meta":[],"categories":[54],"tags":[],"_links":{"self":[{"href":"https:\/\/manueldelia.com\/mt\/wp-json\/wp\/v2\/posts\/107781\/"}],"collection":[{"href":"https:\/\/manueldelia.com\/mt\/wp-json\/wp\/v2\/posts\/"}],"about":[{"href":"https:\/\/manueldelia.com\/mt\/wp-json\/wp\/v2\/types\/post\/"}],"author":[{"embeddable":true,"href":"https:\/\/manueldelia.com\/mt\/wp-json\/wp\/v2\/users\/1\/"}],"replies":[{"embeddable":true,"href":"https:\/\/manueldelia.com\/mt\/wp-json\/wp\/v2\/comments\/?post=107781"}],"version-history":[{"count":5,"href":"https:\/\/manueldelia.com\/mt\/wp-json\/wp\/v2\/posts\/107781\/revisions\/"}],"predecessor-version":[{"id":107788,"href":"https:\/\/manueldelia.com\/mt\/wp-json\/wp\/v2\/posts\/107781\/revisions\/107788\/"}],"wp:featuredmedia":[{"embeddable":true,"href":"https:\/\/manueldelia.com\/mt\/wp-json\/wp\/v2\/media\/107760\/"}],"wp:attachment":[{"href":"https:\/\/manueldelia.com\/mt\/wp-json\/wp\/v2\/media\/?parent=107781"}],"wp:term":[{"taxonomy":"category","embeddable":true,"href":"https:\/\/manueldelia.com\/mt\/wp-json\/wp\/v2\/categories\/?post=107781"},{"taxonomy":"post_tag","embeddable":true,"href":"https:\/\/manueldelia.com\/mt\/wp-json\/wp\/v2\/tags\/?post=107781"}],"curies":[{"name":"wp","href":"https:\/\/api.w.org\/{rel}","templated":true}]}}