{"id":107848,"date":"2022-02-28T08:50:46","date_gmt":"2022-02-28T07:50:46","guid":{"rendered":"https:\/\/manueldelia.com\/?p=107848"},"modified":"2022-02-28T14:06:58","modified_gmt":"2022-02-28T13:06:58","slug":"solidarjeta-a-la-maltija","status":"publish","type":"post","link":"https:\/\/manueldelia.com\/mt\/2022\/02\/solidarjeta-a-la-maltija\/","title":{"rendered":"Solidarjet\u00e0 a la Maltija"},"content":{"rendered":"<p>Ag\u0127tu daqqa t&#8217;g\u0127ajn lejn ir-ritratt ta&#8217; hawn isfer me\u0127ud mill-Facebook. Jekk m&#8217;intix tifhem l-argument li nixtieq inwassal, kompli aqra&#8217; aktar &#8216;l isfel. \u0126u nifs qawwi &#8216;l \u0121ewwa u, kif ng\u0127idu bil-Malti, araw ftit x&#8217;razza ta&#8217; nies hawn ji\u0121ru mas-saqajn li g\u0127alihom issallab Kristu.<\/p>\n<p><img class=\"aligncenter size-full wp-image-107836\" src=\"https:\/\/manueldelia.com\/wp-content\/uploads\/2022\/02\/WhatsApp-Image-2022-02-28-at-8.37.47-AM.jpeg\" alt=\"\" width=\"473\" height=\"1024\" srcset=\"https:\/\/manueldelia.com\/wp-content\/uploads\/2022\/02\/WhatsApp-Image-2022-02-28-at-8.37.47-AM-139x300.jpeg 139w, https:\/\/manueldelia.com\/wp-content\/uploads\/2022\/02\/WhatsApp-Image-2022-02-28-at-8.37.47-AM-200x433.jpeg 200w, https:\/\/manueldelia.com\/wp-content\/uploads\/2022\/02\/WhatsApp-Image-2022-02-28-at-8.37.47-AM-400x866.jpeg 400w, https:\/\/manueldelia.com\/wp-content\/uploads\/2022\/02\/WhatsApp-Image-2022-02-28-at-8.37.47-AM.jpeg 473w\" sizes=\"(max-width: 473px) 100vw, 473px\" \/><\/p>\n<p>G\u0127adek ma fhimtx?<\/p>\n<p>Ippermettuli nispjega. Tal-Lovin Malta kkwotaw diskors li g\u0127amel ilbiera\u0127 David Casa. Diskors li matulu stqarr li Malta g\u0127andha tag\u0127ti kenn lil dawk li qed ja\u0127arbu mill-madmad ta&#8217; Vladimir Putin.<\/p>\n<p>\u010aerta Nicole Spiteri &#8211; mhux importanti min hi, i\u017cda ejjew ng\u0127idu li din tirrappre\u017centa \u010bertu fehma fost il-poplu &#8211; twie\u0121eb lil David Casa u tg\u0127idlu li jekk jidhirlu li r-refu\u0121jati Ukreni g\u0127andhom jing\u0127ataw il-kenn f&#8217;Malta, jmissu j\u017commhom f&#8217;daru. G\u0127aliex, taf int, mhux sew li l-karozzi tal-linja tag\u0127na jkunu mimlijin sa ru\u0127 ommhom, jew min jaf g\u0127al liema ra\u0121uni xenofobika kitbet li kitbet.<\/p>\n<p>L-ironija ewlenija hi li jekk wie\u0127ed jifli l-profil ta&#8217; Nicole Spiteri, g\u0127andu jintaba\u0127 li din qieg\u0127det il-bandiera Ukrena ta\u0127t ir-ritratt tag\u0127ha. Dan hu wie\u0127ed mill-\u0127afna filters li jittellg\u0127u fil-Facebook minn \u017cmien g\u0127al \u017cmien, f&#8217;dan il-ka\u017c b\u0127ala turija ta&#8217; solidarjet\u00e0 g\u0127at-tbatijiet li jinsab g\u0127addej minnhom il-poplu Ukren. I\u017cda g\u0127al din l-imbierka ta&#8217; Nicole Spiteri, jidher li dik il-bandiera hi moda, b\u0127al, ng\u0127idu a\u0127na, l-aktar kuluri popolari biex ti\u017cbog\u0127 difrejk.<\/p>\n<p>Aqraw imbag\u0127ad it-twe\u0121iba ta&#8217; Edward Muscat. Seta&#8217; llimita ru\u0127u g\u0127al-emoji jg\u0127atti wi\u010b\u010bu b&#8217;idejh, jew seta&#8217; kiteb &#8216;ara g\u0127al min issallab Kristu!&#8217;.<\/p>\n<p>Ta\u0127sbux li mentalit\u00e0 b\u0127al din hi xi fula f&#8217;qarg\u0127a.<\/p>\n","protected":false},"excerpt":{"rendered":"<p>Ag\u0127tu daqqa t&#8217;g\u0127ajn lejn ir-ritratt ta&#8217; hawn isfer me\u0127ud mill-Facebook. Jekk m&#8217;intix tifhem l-argument li nixtieq inwassal, kompli aqra&#8217; aktar &#8216;l isfel. \u0126u nifs qawwi &#8216;l \u0121ewwa u, kif ng\u0127idu bil-Malti, araw ftit x&#8217;razza ta&#8217; nies hawn ji\u0121ru mas-saqajn li g\u0127alihom issallab Kristu. G\u0127adek ma fhimtx? Ippermettuli nispjega. Tal-Lovin Malta kkwotaw diskors li g\u0127amel ilbiera\u0127 [&hellip;]<\/p>\n","protected":false},"author":1,"featured_media":107837,"comment_status":"open","ping_status":"closed","sticky":false,"template":"","format":"standard","meta":[],"categories":[54],"tags":[],"_links":{"self":[{"href":"https:\/\/manueldelia.com\/mt\/wp-json\/wp\/v2\/posts\/107848\/"}],"collection":[{"href":"https:\/\/manueldelia.com\/mt\/wp-json\/wp\/v2\/posts\/"}],"about":[{"href":"https:\/\/manueldelia.com\/mt\/wp-json\/wp\/v2\/types\/post\/"}],"author":[{"embeddable":true,"href":"https:\/\/manueldelia.com\/mt\/wp-json\/wp\/v2\/users\/1\/"}],"replies":[{"embeddable":true,"href":"https:\/\/manueldelia.com\/mt\/wp-json\/wp\/v2\/comments\/?post=107848"}],"version-history":[{"count":5,"href":"https:\/\/manueldelia.com\/mt\/wp-json\/wp\/v2\/posts\/107848\/revisions\/"}],"predecessor-version":[{"id":107857,"href":"https:\/\/manueldelia.com\/mt\/wp-json\/wp\/v2\/posts\/107848\/revisions\/107857\/"}],"wp:featuredmedia":[{"embeddable":true,"href":"https:\/\/manueldelia.com\/mt\/wp-json\/wp\/v2\/media\/107837\/"}],"wp:attachment":[{"href":"https:\/\/manueldelia.com\/mt\/wp-json\/wp\/v2\/media\/?parent=107848"}],"wp:term":[{"taxonomy":"category","embeddable":true,"href":"https:\/\/manueldelia.com\/mt\/wp-json\/wp\/v2\/categories\/?post=107848"},{"taxonomy":"post_tag","embeddable":true,"href":"https:\/\/manueldelia.com\/mt\/wp-json\/wp\/v2\/tags\/?post=107848"}],"curies":[{"name":"wp","href":"https:\/\/api.w.org\/{rel}","templated":true}]}}