{"id":107850,"date":"2022-02-28T09:49:33","date_gmt":"2022-02-28T08:49:33","guid":{"rendered":"https:\/\/manueldelia.com\/?p=107850"},"modified":"2022-02-28T21:15:34","modified_gmt":"2022-02-28T20:15:34","slug":"it-8-jum-prim-ministru-li-jgawdi-minn-negozju-ma-kriminali","status":"publish","type":"post","link":"https:\/\/manueldelia.com\/mt\/2022\/02\/it-8-jum-prim-ministru-li-jgawdi-minn-negozju-ma-kriminali\/","title":{"rendered":"It-8 jum: Prim Ministru li jgawdi minn negozju ma&#8217; kriminali"},"content":{"rendered":"<p><img class=\"aligncenter size-full wp-image-107844\" src=\"https:\/\/manueldelia.com\/wp-content\/uploads\/2022\/02\/82196518_2760102480699874_7390290844009365504_o.jpg\" alt=\"\" width=\"679\" height=\"322\" srcset=\"https:\/\/manueldelia.com\/wp-content\/uploads\/2022\/02\/82196518_2760102480699874_7390290844009365504_o-200x95.jpg 200w, https:\/\/manueldelia.com\/wp-content\/uploads\/2022\/02\/82196518_2760102480699874_7390290844009365504_o-300x142.jpg 300w, https:\/\/manueldelia.com\/wp-content\/uploads\/2022\/02\/82196518_2760102480699874_7390290844009365504_o-400x190.jpg 400w, https:\/\/manueldelia.com\/wp-content\/uploads\/2022\/02\/82196518_2760102480699874_7390290844009365504_o-600x285.jpg 600w, https:\/\/manueldelia.com\/wp-content\/uploads\/2022\/02\/82196518_2760102480699874_7390290844009365504_o.jpg 679w\" sizes=\"(max-width: 679px) 100vw, 679px\" \/><\/p>\n<p>L-im\u0121iba ta&#8217; Robert Abela fit-twettiq tal-professjoni tieg\u0127u mhix a\u010b\u010bettabbli. Joseph Muscat kellu wi\u010b\u010bu jaqilg\u0127u u kellu drawwa li jirrepeti l-kliem: &#8220;min ma ji\u0121\u0121ilidx il-korruzzjoni huwa korrott&#8221;.<\/p>\n<p>Ikolli nammetti li g\u0127andu ra\u0121un. Dan ifisser li l-Membri Parlamentari Laburisti, it-tmexxija tal-partit, l-impjegati tal-partit u dawk kollha (x&#8217;aktarx il-bi\u010b\u010ba l-kbira tal-poplu) li ser jivvutaw lill-Partit Laburista ftit tal-\u0121img\u0127at o\u0127ra, dawk li qed jinjoraw l-istejjer li qed ixxandar it-<em>Times<\/em> <em>of Malta<\/em> dwar in-negozji ta&#8217; Robert Abela mal-allegat kriminal Christian Borg, huma korrotti. Di\u0121\u00e0 huwa kundannabbli l-fatt li, b&#8217;azzjoniethom jew bin-nuqqas ta&#8217; azzjoni tag\u0127hom, qed jinkora\u0121ixxu l-\u0127asil tal-flus u l-eva\u017cjoni tat-taxxa. I\u017cda lil kull \u010bittadin, sa\u0127ansitra anki lil dak li jaspira li jsir prim ministru, qed jg\u0127idulu biex ifarfar mir-responsabbilt\u00e0 morali primarja li ma jikkoperax mal-kriminali.<\/p>\n<p><a href=\"https:\/\/timesofmalta.com\/articles\/view\/revealed-abela-pocketed-45000-from-deal-with-suspected-criminal.937587\" target=\"_blank\" rel=\"noopener\">Ag\u0127tu daqqa t&#8217;g\u0127ajn lejn l-istorja li xxandret illum fit-<em>Times of Malta<\/em> dwar it-tieni ka\u017c ta&#8217; bejg\u0127 ta&#8217; proprjet\u00e0 li bis-sa\u0127\u0127a tag\u0127ha Robert Abela g\u0127amel qlig\u0127 immedjat fuq art li sidha kien Christian Borg,<\/a> ir-ra\u0121el suspettat b&#8217;im\u0121iba illegali u li wettaq delitti vjolenti. <a href=\"https:\/\/manueldelia.com\/2022\/02\/this-is-a-truel\/\" target=\"_blank\" rel=\"noopener\">F&#8217;wa\u0127da mill-kitbiet tieg\u0127i, kont spjegajt kif qerq b\u0127al dan ise\u0127\u0127 bil-g\u0127an li ma tit\u0127allasx it-taxxa u biex tippermetti lill-avukati li jit\u0127allsu bagatella minn kriminali bi flus misruqin jew me\u0127udin b&#8217;qerq ming\u0127and il-vittmi tag\u0127hom.<\/a><\/p>\n<p>Meta tat-<em>Times of Malta<\/em> lil Robert Abela talbuh ir-ra\u0121uni g\u0127ala ma kinitx \u0121ietu f&#8217;mo\u0127\u0127u li jistaqsi lil Christian Borg minn fejn kien akkwista l-flus biex seta&#8217; jixtri dawk il-proprjetajiet kollha u dan fi \u017cmien li kien g\u0127adu naqra ta&#8217; \u017cag\u0127\u017cug\u0127, Robert Abela stqarr li kien xog\u0127ol in-nutar u mhux xog\u0127lu li ji\u017cgura li l-flus u\u017cati minn Borg g\u0127an-negozju kienu nodfa.<\/p>\n<p>Sofistrija u log\u0127ob bil-kliem b\u0127al dawn nistennew li jag\u0127milhom kriminal li jkun ittella&#8217; l-qorti. \u010aertament ma nistennewhomx lanqas ming\u0127and waiter f&#8217;ristorant li jistqarr li mhux xog\u0127lu li jie\u0127u ordnijiet g\u0127al xorb ming\u0127and il-klijenti. A\u0127seb u ara kemm g\u0127andna nistennewhom ming\u0127and avukat li huwa marbut professjonalment u etikament li j\u0127ares il-li\u0121ijiet kif ukoll marbut legalment (b\u0127alna lkoll) li ma jilqax o\u0121\u0121etti misruqin jew li ja\u010b\u010betta \u0127las bi flus misruqin. A\u0127seb u ara ming\u0127and bniedem li g\u0127andu l-kariga ta&#8217; prim ministru.<\/p>\n<p>M&#8217;g\u0127andniex xi ng\u0127idu, ta\u0127sbux li Robert Abela \u0127ass xi sens ta&#8217; mist\u0127ija hekk kif ixxandru dawn l-istejjer u dan g\u0127aliex, b\u0127ala dixxiplu ta&#8217; Joseph Muscat, jippretendi li \u0127add ma jista&#8217; g\u0127alih.<\/p>\n<p>Anke jekk l-istejjer li xandret it-<em>Times of Malta<\/em> mhumiex ser jibdlu l-fehmiet dwar min g\u0127andu jin\u0127atar prim ministru erba&#8217; \u0121img\u0127at o\u0127ra, im\u0121iba b\u0127al din tibqa&#8217; \u0127a\u017cina u ina\u010b\u010bettabbli. Hi wirja kundannabbli o\u0127ra tal-moralit\u00e0 kollettiva tag\u0127na u tal-im\u0121iba tag\u0127na b\u0127ala so\u010bjet\u00e0. Hi wirja wkoll tas-sa\u0127\u0127a u s-setg\u0127a li g\u0127andhom il-kriminali, li g\u0127andhom prim ministri (jew prim ministri futuri) ja\u0127dmu g\u0127alihom u li jift\u0127ulhom il-bibien bera\u0127 g\u0127at-twettiq tal-kriminalit\u00e0 tag\u0127hom.<\/p>\n<p>Is-skiet perfett u l-indifferenza\u00a0 &#8211; jekk mhux ukoll l-ammirazzjoni g\u0127al min wera l-\u0127ila biex jimpala l-miljuni ming\u0127ajr ma jkun \u0127adem g\u0127alihom &#8211; huwa xhieda \u0127ajja tar-ra\u0121uni g\u0127ala Malta hija Stat tal-Mafja u g\u0127ala Robert Abela huwa l-prim ministru tag\u0127ha.<\/p>\n","protected":false},"excerpt":{"rendered":"<p>L-im\u0121iba ta&#8217; Robert Abela fit-twettiq tal-professjoni tieg\u0127u mhix a\u010b\u010bettabbli. Joseph Muscat kellu wi\u010b\u010bu jaqilg\u0127u u kellu drawwa li jirrepeti l-kliem: &#8220;min ma ji\u0121\u0121ilidx il-korruzzjoni huwa korrott&#8221;. Ikolli nammetti li g\u0127andu ra\u0121un. Dan ifisser li l-Membri Parlamentari Laburisti, it-tmexxija tal-partit, l-impjegati tal-partit u dawk kollha (x&#8217;aktarx il-bi\u010b\u010ba l-kbira tal-poplu) li ser jivvutaw lill-Partit Laburista ftit tal-\u0121img\u0127at [&hellip;]<\/p>\n","protected":false},"author":1,"featured_media":107845,"comment_status":"open","ping_status":"closed","sticky":false,"template":"","format":"standard","meta":[],"categories":[54],"tags":[],"_links":{"self":[{"href":"https:\/\/manueldelia.com\/mt\/wp-json\/wp\/v2\/posts\/107850\/"}],"collection":[{"href":"https:\/\/manueldelia.com\/mt\/wp-json\/wp\/v2\/posts\/"}],"about":[{"href":"https:\/\/manueldelia.com\/mt\/wp-json\/wp\/v2\/types\/post\/"}],"author":[{"embeddable":true,"href":"https:\/\/manueldelia.com\/mt\/wp-json\/wp\/v2\/users\/1\/"}],"replies":[{"embeddable":true,"href":"https:\/\/manueldelia.com\/mt\/wp-json\/wp\/v2\/comments\/?post=107850"}],"version-history":[{"count":5,"href":"https:\/\/manueldelia.com\/mt\/wp-json\/wp\/v2\/posts\/107850\/revisions\/"}],"predecessor-version":[{"id":107865,"href":"https:\/\/manueldelia.com\/mt\/wp-json\/wp\/v2\/posts\/107850\/revisions\/107865\/"}],"wp:featuredmedia":[{"embeddable":true,"href":"https:\/\/manueldelia.com\/mt\/wp-json\/wp\/v2\/media\/107845\/"}],"wp:attachment":[{"href":"https:\/\/manueldelia.com\/mt\/wp-json\/wp\/v2\/media\/?parent=107850"}],"wp:term":[{"taxonomy":"category","embeddable":true,"href":"https:\/\/manueldelia.com\/mt\/wp-json\/wp\/v2\/categories\/?post=107850"},{"taxonomy":"post_tag","embeddable":true,"href":"https:\/\/manueldelia.com\/mt\/wp-json\/wp\/v2\/tags\/?post=107850"}],"curies":[{"name":"wp","href":"https:\/\/api.w.org\/{rel}","templated":true}]}}