{"id":109803,"date":"2022-06-09T09:08:01","date_gmt":"2022-06-09T07:08:01","guid":{"rendered":"https:\/\/manueldelia.com\/?p=109803"},"modified":"2022-06-19T20:09:00","modified_gmt":"2022-06-19T18:09:00","slug":"fadal-xi-halliel-jew-frodist-li-ghadu-ma-giex-mistieden-jippoza-ghar-ritratti-fkastilja","status":"publish","type":"post","link":"https:\/\/manueldelia.com\/mt\/2022\/06\/fadal-xi-halliel-jew-frodist-li-ghadu-ma-giex-mistieden-jippoza-ghar-ritratti-fkastilja\/","title":{"rendered":"Fadal xi \u0127alliel jew frodist li g\u0127adu ma \u0121iex mistieden jippo\u017ca g\u0127ar-ritratti f&#8217;Kastilja?"},"content":{"rendered":"<p style=\"font-weight: 400;\"><img class=\"aligncenter size-full wp-image-109795\" src=\"https:\/\/manueldelia.com\/wp-content\/uploads\/2022\/06\/Screenshot-2022-06-09-at-09.06.54.png\" alt=\"\" width=\"1374\" height=\"850\" srcset=\"https:\/\/manueldelia.com\/wp-content\/uploads\/2022\/06\/Screenshot-2022-06-09-at-09.06.54-200x124.png 200w, https:\/\/manueldelia.com\/wp-content\/uploads\/2022\/06\/Screenshot-2022-06-09-at-09.06.54-300x186.png 300w, https:\/\/manueldelia.com\/wp-content\/uploads\/2022\/06\/Screenshot-2022-06-09-at-09.06.54-400x247.png 400w, https:\/\/manueldelia.com\/wp-content\/uploads\/2022\/06\/Screenshot-2022-06-09-at-09.06.54-600x371.png 600w, https:\/\/manueldelia.com\/wp-content\/uploads\/2022\/06\/Screenshot-2022-06-09-at-09.06.54-768x475.png 768w, https:\/\/manueldelia.com\/wp-content\/uploads\/2022\/06\/Screenshot-2022-06-09-at-09.06.54-800x495.png 800w, https:\/\/manueldelia.com\/wp-content\/uploads\/2022\/06\/Screenshot-2022-06-09-at-09.06.54.png 1024w, https:\/\/manueldelia.com\/wp-content\/uploads\/2022\/06\/Screenshot-2022-06-09-at-09.06.54-1200x742.png 1200w\" sizes=\"(max-width: 1374px) 100vw, 1374px\" \/><\/p>\n<p style=\"font-weight: 400;\"><a href=\"https:\/\/www.maltatoday.com.mt\/news\/national\/117201\/prime_minister_was_lawyer_to_talqasab_dealership_involved_in_mileage_racket#.YqGb_i8RqX2\" target=\"_blank\" rel=\"noopener\">Tal-<em>Malta Today<\/em> xandru ritratt li sabu fil-<em>Facebook<\/em> ta&#8217; wie\u0127ed minn dawk li allegatament bg\u0127absu bl-arlo\u0121\u0121i f&#8217;karrozzi sekondaman li nbieg\u0127u jippo\u017ca ma&#8217; Robert Abela fl-uffi\u010b\u010bju tieg\u0127u f&#8217;Kastilja.<\/a> Jirri\u017culta li Robert Abela kien l-avukat ta&#8217; dan il-bniedem.<\/p>\n<p style=\"font-weight: 400;\">Robert Abela kien ukoll l-avukat ta&#8217; allegat frodist ie\u0127or &#8211; Christian Borg &#8211; li jmexxi negozju tal-kiri tal-karrozzi li allegatament intu\u017ca biex ja\u0127bi l-\u0127asil tal-flus ma\u0127mu\u0121in.<\/p>\n<p style=\"font-weight: 400;\">Robert Abela kien ukoll l-avukat ta&#8217; Joseph Muscat. L-uffi\u010b\u010bju tal-prim ministru sar qisu l-bit\u0127a fejn jin\u0121abru l-\u0127allelin kull filg\u0127odu fil-\u0127abs.<\/p>\n<p style=\"font-weight: 400;\">Mill-mod kif jesprimi ru\u0127u, tist\u0127ajjel li Robert Abela jippretendi li \u0127add ma kellu g\u0127alxiex ikemmex xufftejh kull darba li kien jag\u0127ti s-servizzi legali tieg\u0127u lill-\u0127allelin meta kien ja\u0127dem ta&#8217; avukat. I\u017cda din mhix xi kritika b\u0127al dik li ssir lil kirurgu li jkun isalva \u0127ajjet \u0127alliel li jkollu qalbu dg\u0127ajfa.<\/p>\n<p style=\"font-weight: 400;\">Jidher li li prim ministru tag\u0127na kien imfittex sewwa g\u0127as-servizzi tieg\u0127u minn dawk li kienu jisirqu lill-gvern, li issa jinsab immexxi minnu. Jidher \u010bar ukoll li Robert Abela kien jispe\u010bjalizza fil-pariri li kien jag\u0127ti lill-kriminali &#8220;puliti&#8221; li kienu jwettqu atti frawdolenti ta&#8217; \u010bertu kobor.<\/p>\n<p style=\"font-weight: 400;\">Nag\u0127milha \u010bara li b&#8217;ebda mod ma jien qed nissu\u0121\u0121erixxi li Robert Abela kien jag\u0127ti pariri lill-\u0127allelin dwar kif g\u0127andhom imexxu l-attivit\u00e0 kriminali tag\u0127hom. Hu biss jista&#8217; jg\u0127id jekk qatt qabi\u017cx il-fruntieri tal-im\u0121iba etika. Madankollu wie\u0127ed ma jistax jinjora l-fatt li g\u0127all-\u0127allelin u g\u0127all-frodisti kien g\u0127ajn ta&#8217; wens. Dan il-wens sabuh hekk kif qabbduh biex jiddefendihom b\u0127ala avukat. U &#8211; ag\u0127ar minn hekk &#8211; dawn fittxew li jindehsu mieg\u0127u minn dakinhar li ma setax ikompli jag\u0127tihom il-pariri legali g\u0127aliex kien le\u0127aq prim ministru.<\/p>\n<p style=\"font-weight: 400;\">Mill-<em>Malta Today<\/em>: \u201cMistoqsi x&#8217;kienet ir-ra\u0121uni g\u0127ala kienet saret laqg\u0127a f&#8217;Kastilja ma&#8217; Alex Spiteri, kelliem g\u0127al Abela stqarr li \u2018l-Prim Ministru b&#8217;mod regolari ji\u0121i mitlub &#8211; b\u0127al f&#8217;dan il-ka\u017c &#8211; li jiltaqa&#8217; ma&#8217; diversi persuni u organizzazzjonijiet minn kull sfera tal-\u0127ajja\u2019. G\u0127a\u017cel li ma jelaborax fuq dan.\u201d<\/p>\n<p style=\"font-weight: 400;\">Ma jkunx a\u0127jar jekk ma tkomplux tg\u0127adduna bi\u017c-\u017cmien? Minn kull sfera tal-\u0127ajja? Il-Prim Ministru jidher li jag\u0127\u017cel b&#8217;reqqa kbira ma&#8217; min jiltaqa&#8217;. Naf b&#8217;NGOs li ilhom \u017cmien twil jitkarrbu biex jiltaqg\u0127u ma&#8217; Robert Abela u li baqg\u0127u sal-lum b&#8217;xiber imnie\u0127er. Naf ukoll b&#8217;\u0121urnalisti li g\u0127amlulu g\u0127exieren ta&#8217; talbiet biex jintervistawh u li sal-lum baqg\u0127u ji\u0121u injorati.<\/p>\n<p style=\"font-weight: 400;\">I\u017cda mbag\u0127ad lil bejjieg\u0127 ta&#8217; karrozzi sekondaman (dejjem bir-rispett kollu lejn din il-kategorija ta&#8217; persuni) li ma messu qatt \u0121ie fdat, jift\u0127ulu bera\u0127 il-bibien kollha tal-uffi\u010b\u010bju tal-prim ministru u jie\u0127du r-ritratti mieg\u0127u li mbag\u0127ad malajr isibu ru\u0127hom imxandrin fil-<em>Facebook. <\/em>M&#8217;g\u0127andniex xi ng\u0127idu, ritratti mi\u0121budin bil-\u0127sieb li jag\u0127tu lit-tba\u017cwir u t-ta\u0127wid tieg\u0127u t-timbru tal-kredibilit\u00e0 tal-uffi\u010b\u010bju tal-og\u0127la uffi\u010bjal tal-gvern.<\/p>\n<p style=\"font-weight: 400;\">G\u0127aliex Robert Abela x&#8217;aktarx jippretendi li kellu kull dritt li jestendi l-\u0127iliet legali tieg\u0127u lejn dawn il-\u0127allelin u frodisti. Nimma\u0121ina li xi \u0127add dan ix-xog\u0127ol je\u0127tie\u0121 li jag\u0127mlu u, qabel le\u0127aq prim ministru, Robert Abela ma kellux g\u0127alfejn joqg\u0127od jispjega ru\u0127u dwar lil liema klijenti g\u0127a\u017cel li jbig\u0127 ru\u0127u.<\/p>\n<p style=\"font-weight: 400;\">I\u017cda issa l-istorja hi g\u0127al kollox bil-maqlub. F&#8217;dak ir-ritratt, Robert Abela ma \u0127oloqx dubji dwar il-kredibilit\u00e0 personali tieg\u0127u, li hi dik li hi. I\u017cda \u0127amme\u0121 isem ir-Repubblika ta&#8217; Malta.<\/p>\n<p style=\"font-weight: 400;\">U g\u0127aliex hawn bosta li jifmuha li l-prim ministru ma kellux g\u0127alfejn i\u0127ossu imbarazzat b&#8217;dak ir-ritratt, malajr nifhmu r-ra\u0121uni l-g\u0127ala b\u0127ala pajji\u017c komplejna ni\u017c\u017cersqu &#8216;l isfel.<\/p>\n","protected":false},"excerpt":{"rendered":"<p>Tal-Malta Today xandru ritratt li sabu fil-Facebook ta&#8217; wie\u0127ed minn dawk li allegatament bg\u0127absu bl-arlo\u0121\u0121i f&#8217;karrozzi sekondaman li nbieg\u0127u jippo\u017ca ma&#8217; Robert Abela fl-uffi\u010b\u010bju tieg\u0127u f&#8217;Kastilja. Jirri\u017culta li Robert Abela kien l-avukat ta&#8217; dan il-bniedem. Robert Abela kien ukoll l-avukat ta&#8217; allegat frodist ie\u0127or &#8211; Christian Borg &#8211; li jmexxi negozju tal-kiri tal-karrozzi li allegatament [&hellip;]<\/p>\n","protected":false},"author":1,"featured_media":109796,"comment_status":"open","ping_status":"closed","sticky":false,"template":"","format":"standard","meta":[],"categories":[54],"tags":[],"_links":{"self":[{"href":"https:\/\/manueldelia.com\/mt\/wp-json\/wp\/v2\/posts\/109803\/"}],"collection":[{"href":"https:\/\/manueldelia.com\/mt\/wp-json\/wp\/v2\/posts\/"}],"about":[{"href":"https:\/\/manueldelia.com\/mt\/wp-json\/wp\/v2\/types\/post\/"}],"author":[{"embeddable":true,"href":"https:\/\/manueldelia.com\/mt\/wp-json\/wp\/v2\/users\/1\/"}],"replies":[{"embeddable":true,"href":"https:\/\/manueldelia.com\/mt\/wp-json\/wp\/v2\/comments\/?post=109803"}],"version-history":[{"count":5,"href":"https:\/\/manueldelia.com\/mt\/wp-json\/wp\/v2\/posts\/109803\/revisions\/"}],"predecessor-version":[{"id":110019,"href":"https:\/\/manueldelia.com\/mt\/wp-json\/wp\/v2\/posts\/109803\/revisions\/110019\/"}],"wp:featuredmedia":[{"embeddable":true,"href":"https:\/\/manueldelia.com\/mt\/wp-json\/wp\/v2\/media\/109796\/"}],"wp:attachment":[{"href":"https:\/\/manueldelia.com\/mt\/wp-json\/wp\/v2\/media\/?parent=109803"}],"wp:term":[{"taxonomy":"category","embeddable":true,"href":"https:\/\/manueldelia.com\/mt\/wp-json\/wp\/v2\/categories\/?post=109803"},{"taxonomy":"post_tag","embeddable":true,"href":"https:\/\/manueldelia.com\/mt\/wp-json\/wp\/v2\/tags\/?post=109803"}],"curies":[{"name":"wp","href":"https:\/\/api.w.org\/{rel}","templated":true}]}}