{"id":11017,"date":"2018-09-26T19:07:31","date_gmt":"2018-09-26T17:07:31","guid":{"rendered":"https:\/\/manueldelia.com\/?p=11017"},"modified":"2018-09-27T09:56:10","modified_gmt":"2018-09-27T07:56:10","slug":"dmirna-li-nipprotestaw","status":"publish","type":"post","link":"https:\/\/manueldelia.com\/mt\/2018\/09\/dmirna-li-nipprotestaw\/","title":{"rendered":"Dmirna li nipprotestaw"},"content":{"rendered":"<p>\u0126add m&#8217;hu jag\u0127mel mafkar g\u0127al Daphne Caruana Galizia, <a href=\"https:\/\/www.timesofmalta.com\/articles\/view\/20180926\/opinion\/a-memorial-to-daphne-martin-scicluna.690046\" target=\"_blank\" rel=\"noopener\">Sur Martin Scicluna<\/a>. Ibqa&#8217; \u010bert li \u0127a\u0121a b\u0127al din ma kinitx tin\u017clilha g\u0127asel. Il-kwistjoni kollha hi dwar protesta ta&#8217; dawk li qed jesi\u0121u li ssir \u0121ustizzja minkejja l-oppressjoni tal-gvern. Il-post fejn dawn jiltaqg\u0127u biex jipprotestaw u ll-mod dwar kif dawn jipprotestaw m&#8217;humiex daqstant rilevanti.<\/p>\n<p>Min hu sin\u010bier ma jista&#8217; qatt ji\u0121\u0121ustifika is-soppressjoni ta&#8217; protesta pa\u010bifika.<\/p>\n<p>U kull min g\u0127andu anki xrara ta&#8217; kburija g\u0127andu jipparte\u010bipa fil-protesti. Kuljum fis-satra tal-lejl il-protesta ta\u010b-\u010bittadini ji\u010b\u010bensurawha. U kull jum i\u010b-\u010bittadini jer\u0121g\u0127u jipprotestaw biex i\u017commu t-tama \u0127ajja.<\/p>\n<p>Dan huwa ritratt ta&#8217; misra\u0127 l-Assedju l-Kbir il-lejl li g\u0127adda. Sa dalg\u0127odu re\u0121g\u0127u ne\u0127\u0127ew kollox.<\/p>\n<p><img class=\"aligncenter size-full wp-image-10986\" src=\"https:\/\/manueldelia.com\/wp-content\/uploads\/2018\/09\/42545100_10161008904035596_984900335287926784_n.jpg\" alt=\"\" width=\"720\" height=\"960\" srcset=\"https:\/\/manueldelia.com\/wp-content\/uploads\/2018\/09\/42545100_10161008904035596_984900335287926784_n-203x270.jpg 203w, https:\/\/manueldelia.com\/wp-content\/uploads\/2018\/09\/42545100_10161008904035596_984900335287926784_n-225x300.jpg 225w, https:\/\/manueldelia.com\/wp-content\/uploads\/2018\/09\/42545100_10161008904035596_984900335287926784_n.jpg 720w\" sizes=\"(max-width: 720px) 100vw, 720px\" \/><\/p>\n","protected":false},"excerpt":{"rendered":"<p>\u0126add m&#8217;hu jag\u0127mel mafkar g\u0127al Daphne Caruana Galizia, Sur Martin Scicluna. Ibqa&#8217; \u010bert li \u0127a\u0121a b\u0127al din ma kinitx tin\u017clilha g\u0127asel. Il-kwistjoni kollha hi dwar protesta ta&#8217; dawk li qed jesi\u0121u li ssir \u0121ustizzja minkejja l-oppressjoni tal-gvern. Il-post fejn dawn jiltaqg\u0127u biex jipprotestaw u ll-mod dwar kif dawn jipprotestaw m&#8217;humiex daqstant rilevanti. Min hu sin\u010bier [&hellip;]<\/p>\n","protected":false},"author":1,"featured_media":10986,"comment_status":"open","ping_status":"open","sticky":false,"template":"","format":"standard","meta":[],"categories":[54],"tags":[],"_links":{"self":[{"href":"https:\/\/manueldelia.com\/mt\/wp-json\/wp\/v2\/posts\/11017\/"}],"collection":[{"href":"https:\/\/manueldelia.com\/mt\/wp-json\/wp\/v2\/posts\/"}],"about":[{"href":"https:\/\/manueldelia.com\/mt\/wp-json\/wp\/v2\/types\/post\/"}],"author":[{"embeddable":true,"href":"https:\/\/manueldelia.com\/mt\/wp-json\/wp\/v2\/users\/1\/"}],"replies":[{"embeddable":true,"href":"https:\/\/manueldelia.com\/mt\/wp-json\/wp\/v2\/comments\/?post=11017"}],"version-history":[{"count":2,"href":"https:\/\/manueldelia.com\/mt\/wp-json\/wp\/v2\/posts\/11017\/revisions\/"}],"predecessor-version":[{"id":11037,"href":"https:\/\/manueldelia.com\/mt\/wp-json\/wp\/v2\/posts\/11017\/revisions\/11037\/"}],"wp:featuredmedia":[{"embeddable":true,"href":"https:\/\/manueldelia.com\/mt\/wp-json\/wp\/v2\/media\/10986\/"}],"wp:attachment":[{"href":"https:\/\/manueldelia.com\/mt\/wp-json\/wp\/v2\/media\/?parent=11017"}],"wp:term":[{"taxonomy":"category","embeddable":true,"href":"https:\/\/manueldelia.com\/mt\/wp-json\/wp\/v2\/categories\/?post=11017"},{"taxonomy":"post_tag","embeddable":true,"href":"https:\/\/manueldelia.com\/mt\/wp-json\/wp\/v2\/tags\/?post=11017"}],"curies":[{"name":"wp","href":"https:\/\/api.w.org\/{rel}","templated":true}]}}