{"id":110179,"date":"2022-06-30T14:00:56","date_gmt":"2022-06-30T12:00:56","guid":{"rendered":"https:\/\/manueldelia.com\/?p=110179"},"modified":"2022-06-30T19:30:58","modified_gmt":"2022-06-30T17:30:58","slug":"zball-iehor-il-mafja-qed-issib-il-wens","status":"publish","type":"post","link":"https:\/\/manueldelia.com\/mt\/2022\/06\/zball-iehor-il-mafja-qed-issib-il-wens\/","title":{"rendered":"&#8220;\u017bball&#8221; ie\u0127or. Il-mafja qed issib il-wens?"},"content":{"rendered":"<p><img class=\"aligncenter size-full wp-image-110175\" src=\"https:\/\/manueldelia.com\/wp-content\/uploads\/2022\/06\/pr192670b.jpg\" alt=\"\" width=\"2048\" height=\"1422\" srcset=\"https:\/\/manueldelia.com\/wp-content\/uploads\/2022\/06\/pr192670b-200x139.jpg 200w, https:\/\/manueldelia.com\/wp-content\/uploads\/2022\/06\/pr192670b-300x208.jpg 300w, https:\/\/manueldelia.com\/wp-content\/uploads\/2022\/06\/pr192670b-400x278.jpg 400w, https:\/\/manueldelia.com\/wp-content\/uploads\/2022\/06\/pr192670b-600x417.jpg 600w, https:\/\/manueldelia.com\/wp-content\/uploads\/2022\/06\/pr192670b-768x533.jpg 768w, https:\/\/manueldelia.com\/wp-content\/uploads\/2022\/06\/pr192670b-800x555.jpg 800w, https:\/\/manueldelia.com\/wp-content\/uploads\/2022\/06\/pr192670b.jpg 1024w, https:\/\/manueldelia.com\/wp-content\/uploads\/2022\/06\/pr192670b-1200x833.jpg 1200w, https:\/\/manueldelia.com\/wp-content\/uploads\/2022\/06\/pr192670b-1536x1067.jpg 1536w\" sizes=\"(max-width: 2048px) 100vw, 2048px\" \/><\/p>\n<p><a href=\"https:\/\/www.maltatoday.com.mt\/news\/court_and_police\/117591\/court_blames_prosecution_for_collapse_of_extradition_of_alleged_ndrangheta_drug_smuggler#.Yr2Oey8RqCQ\" target=\"_blank\" rel=\"noopener\">Illum (allegat) mafju\u017c ie\u0127or g\u0127addieha lixxa u lebbet &#8216;il barra mill-g\u0127atba tal-qorti qisu mhux hu u dan min\u0127abba &#8220;\u017cball&#8221; tal-uffi\u010b\u010bju tal-Avukat \u0120enerali.<\/a><\/p>\n<p>Dan \u017cgur mhux ser jie\u0127u g\u0127alih u j\u0127arrikni talli sejja\u0127tlu (allegat) mafju\u017c. John Spiteri hu mfittex mill-prosekuturi Taljani b&#8217;rabta mat-traffikar tad-drogi min-na\u0127a tal-Ndrangheta. Dawn \u0127asbu li kien irnexxielhom jonsbuh u li l-pro\u010beduri ta\u0127t il-li\u0121ijiet tal-Unjoni Ewropea kienu ser iwasslu biex Spiteri jitqabbad l-ewwel titjira biex b&#8217;hekk jg\u0127addi g\u0127al ta\u0127t il-kustodja tag\u0127hom.<\/p>\n<p>I\u017cda sabu ostaklu fil-forma ta&#8217; Victoria Buttigieg.<\/p>\n<p>L-uffi\u010b\u010bju tal-Avukat \u0120enerali ssottmetta dokumenti \u017cbaljati li ppermettew lil Spiteri jg\u0127addiha lixxa u jo\u0127ro\u0121 liberat. \u0120ew pre\u017centati dokumenti \u017cbaljati jew g\u0127aliex fl-uffi\u010b\u010bju tal-Avukat \u0120enerali m&#8217;hemm \u0127add li g\u0127andu l-\u0127ila li jaqra l-li\u0121ijiet u japplika l-pro\u010bedura korretta jew inkella l-qrati tag\u0127na saru bejta tal-protezzjoni tal-mafja. Li jfisser li jekk int imsie\u0127eb mal-mafja, ser tg\u0127addiha lixxa.<\/p>\n<p>Kemm g\u0127ad iridu jsiru praspar b\u0127al dawn qabel xi \u0127add jassumi r-responsabbilt\u00e0?<\/p>\n<p>Kemm g\u0127ad iridu jin\u0127elsu kriminali qabel titwaqqaf darba g\u0127al dejjem din il-kummiedja tra\u0121ika?<\/p>\n","protected":false},"excerpt":{"rendered":"<p>Illum (allegat) mafju\u017c ie\u0127or g\u0127addieha lixxa u lebbet &#8216;il barra mill-g\u0127atba tal-qorti qisu mhux hu u dan min\u0127abba &#8220;\u017cball&#8221; tal-uffi\u010b\u010bju tal-Avukat \u0120enerali. Dan \u017cgur mhux ser jie\u0127u g\u0127alih u j\u0127arrikni talli sejja\u0127tlu (allegat) mafju\u017c. John Spiteri hu mfittex mill-prosekuturi Taljani b&#8217;rabta mat-traffikar tad-drogi min-na\u0127a tal-Ndrangheta. Dawn \u0127asbu li kien irnexxielhom jonsbuh u li l-pro\u010beduri ta\u0127t [&hellip;]<\/p>\n","protected":false},"author":1,"featured_media":110176,"comment_status":"open","ping_status":"closed","sticky":false,"template":"","format":"standard","meta":[],"categories":[54],"tags":[],"_links":{"self":[{"href":"https:\/\/manueldelia.com\/mt\/wp-json\/wp\/v2\/posts\/110179\/"}],"collection":[{"href":"https:\/\/manueldelia.com\/mt\/wp-json\/wp\/v2\/posts\/"}],"about":[{"href":"https:\/\/manueldelia.com\/mt\/wp-json\/wp\/v2\/types\/post\/"}],"author":[{"embeddable":true,"href":"https:\/\/manueldelia.com\/mt\/wp-json\/wp\/v2\/users\/1\/"}],"replies":[{"embeddable":true,"href":"https:\/\/manueldelia.com\/mt\/wp-json\/wp\/v2\/comments\/?post=110179"}],"version-history":[{"count":3,"href":"https:\/\/manueldelia.com\/mt\/wp-json\/wp\/v2\/posts\/110179\/revisions\/"}],"predecessor-version":[{"id":110191,"href":"https:\/\/manueldelia.com\/mt\/wp-json\/wp\/v2\/posts\/110179\/revisions\/110191\/"}],"wp:featuredmedia":[{"embeddable":true,"href":"https:\/\/manueldelia.com\/mt\/wp-json\/wp\/v2\/media\/110176\/"}],"wp:attachment":[{"href":"https:\/\/manueldelia.com\/mt\/wp-json\/wp\/v2\/media\/?parent=110179"}],"wp:term":[{"taxonomy":"category","embeddable":true,"href":"https:\/\/manueldelia.com\/mt\/wp-json\/wp\/v2\/categories\/?post=110179"},{"taxonomy":"post_tag","embeddable":true,"href":"https:\/\/manueldelia.com\/mt\/wp-json\/wp\/v2\/tags\/?post=110179"}],"curies":[{"name":"wp","href":"https:\/\/api.w.org\/{rel}","templated":true}]}}