{"id":111299,"date":"2022-09-01T08:56:18","date_gmt":"2022-09-01T06:56:18","guid":{"rendered":"https:\/\/manueldelia.com\/?p=111299"},"modified":"2022-09-02T15:46:32","modified_gmt":"2022-09-02T13:46:32","slug":"hames-snin","status":"publish","type":"post","link":"https:\/\/manueldelia.com\/mt\/2022\/09\/hames-snin\/","title":{"rendered":"\u0126ames snin"},"content":{"rendered":"<p><img class=\"aligncenter size-full wp-image-111262\" src=\"https:\/\/manueldelia.com\/wp-content\/uploads\/2022\/09\/Daphne.jpg.webp\" alt=\"\" width=\"1089\" height=\"500\" srcset=\"https:\/\/manueldelia.com\/wp-content\/uploads\/2022\/09\/Daphne.jpg-200x92.webp 200w, https:\/\/manueldelia.com\/wp-content\/uploads\/2022\/09\/Daphne.jpg-300x138.webp 300w, https:\/\/manueldelia.com\/wp-content\/uploads\/2022\/09\/Daphne.jpg-400x184.webp 400w, https:\/\/manueldelia.com\/wp-content\/uploads\/2022\/09\/Daphne.jpg-600x275.webp 600w, https:\/\/manueldelia.com\/wp-content\/uploads\/2022\/09\/Daphne.jpg-768x353.webp 768w, https:\/\/manueldelia.com\/wp-content\/uploads\/2022\/09\/Daphne.jpg-800x367.webp 800w, https:\/\/manueldelia.com\/wp-content\/uploads\/2022\/09\/Daphne.jpg-1024x470.webp 1024w, https:\/\/manueldelia.com\/wp-content\/uploads\/2022\/09\/Daphne.jpg.webp 1089w\" sizes=\"(max-width: 1089px) 100vw, 1089px\" \/><\/p>\n<p>Ix-xahar id-die\u0127el se nfakkru l-\u0127ames sena minn meta l-qattiela ta&#8217; Daphne Caruana Galizia brutalment \u0127asdu lil \u0127ajjitha kif ukoll lix-xog\u0127ol tag\u0127ha. F&#8217;Ottubru se nag\u0127lqu \u0127ames snin nissieltu flimkien g\u0127al \u0121ustizzja kemm g\u0127aliha kif ukoll g\u0127al familtha u g\u0127al pajji\u017cna. \u0120lieda li g\u0127adha ma ntemmitx u li fadlilha snin twal qabel tintemm.<\/p>\n<p>Repubblika, #occupyjustice, u din il-website, kif g\u0127amilna kull xahar g\u0127al dawn l-a\u0127\u0127ar 60 xahar, se niltaqg\u0127u biex ni\u010b\u010belebraw lil \u0127ajjitha u lil xog\u0127olha u biex nipprotestaw l-ag\u0127ar in\u0121ustizzja li sarilha minn pajji\u017c ingrat. In\u0127e\u0121\u0121ukom i\u017c\u017commu d-data tas-16 ta&#8217; Ottubru u l-\u0121ranet ta&#8217; qabel liberi sabiex tkunu tistg\u0127u tie\u0127du sehem fl-attivitajiet importanti li se norganizzaw. Se jing\u0127aqdu mag\u0127na numru ta&#8217; mistednin distinti barranin li b\u0127alna g\u0127andhom ammirazzjoni g\u0127al Daphne u biex juru r-rabja tag\u0127hom g\u0127ad-dewmien li qed ikun hemm biex issir \u0121ustizzja mag\u0127ha.<\/p>\n<p>Bosta individwi u organzzazzjonijiet f&#8217;Malta u barra minn xtutna wkoll se jfakkru dan l-anniversarju tra\u0121iku u importanti. Wa\u0127da minn dawn hi l-organizzazzjoni Sko\u010b\u010bi\u017ca PEN li se tag\u0127mel velja g\u0127al Daphne Caruana Galizia quddiem il-Parlament Sko\u010b\u010bi\u017c f&#8217;Holyrood. Din l-attivit\u00e0 se ssir fis-16 ta&#8217; Settembru u ser tiftah xahar ta&#8217; attivitajiet ta&#8217; tifkira.<\/p>\n<p><a href=\"https:\/\/scottishpen.org\/vigil-for-daphne-caruana-galizia\/\" target=\"_blank\" rel=\"noopener\">Tista&#8217; taqra aktar dwar din l-attivit\u00e0 hawnhekk.<\/a><\/p>\n<p>In\u0127e\u0121\u0121ukom tag\u0127tu l-appo\u0121\u0121 tag\u0127kom g\u0127al dawn l-attivitajiet bil-pre\u017cenza tag\u0127kom u b&#8217;kull mod ie\u0127or li tistg\u0127u.<\/p>\n","protected":false},"excerpt":{"rendered":"<p>Ix-xahar id-die\u0127el se nfakkru l-\u0127ames sena minn meta l-qattiela ta&#8217; Daphne Caruana Galizia brutalment \u0127asdu lil \u0127ajjitha kif ukoll lix-xog\u0127ol tag\u0127ha. F&#8217;Ottubru se nag\u0127lqu \u0127ames snin nissieltu flimkien g\u0127al \u0121ustizzja kemm g\u0127aliha kif ukoll g\u0127al familtha u g\u0127al pajji\u017cna. \u0120lieda li g\u0127adha ma ntemmitx u li fadlilha snin twal qabel tintemm. Repubblika, #occupyjustice, u din [&hellip;]<\/p>\n","protected":false},"author":1,"featured_media":111263,"comment_status":"open","ping_status":"closed","sticky":false,"template":"","format":"standard","meta":[],"categories":[54],"tags":[],"_links":{"self":[{"href":"https:\/\/manueldelia.com\/mt\/wp-json\/wp\/v2\/posts\/111299\/"}],"collection":[{"href":"https:\/\/manueldelia.com\/mt\/wp-json\/wp\/v2\/posts\/"}],"about":[{"href":"https:\/\/manueldelia.com\/mt\/wp-json\/wp\/v2\/types\/post\/"}],"author":[{"embeddable":true,"href":"https:\/\/manueldelia.com\/mt\/wp-json\/wp\/v2\/users\/1\/"}],"replies":[{"embeddable":true,"href":"https:\/\/manueldelia.com\/mt\/wp-json\/wp\/v2\/comments\/?post=111299"}],"version-history":[{"count":5,"href":"https:\/\/manueldelia.com\/mt\/wp-json\/wp\/v2\/posts\/111299\/revisions\/"}],"predecessor-version":[{"id":111326,"href":"https:\/\/manueldelia.com\/mt\/wp-json\/wp\/v2\/posts\/111299\/revisions\/111326\/"}],"wp:featuredmedia":[{"embeddable":true,"href":"https:\/\/manueldelia.com\/mt\/wp-json\/wp\/v2\/media\/111263\/"}],"wp:attachment":[{"href":"https:\/\/manueldelia.com\/mt\/wp-json\/wp\/v2\/media\/?parent=111299"}],"wp:term":[{"taxonomy":"category","embeddable":true,"href":"https:\/\/manueldelia.com\/mt\/wp-json\/wp\/v2\/categories\/?post=111299"},{"taxonomy":"post_tag","embeddable":true,"href":"https:\/\/manueldelia.com\/mt\/wp-json\/wp\/v2\/tags\/?post=111299"}],"curies":[{"name":"wp","href":"https:\/\/api.w.org\/{rel}","templated":true}]}}