{"id":11186,"date":"2018-09-28T13:21:55","date_gmt":"2018-09-28T11:21:55","guid":{"rendered":"https:\/\/manueldelia.com\/?p=11186"},"modified":"2018-09-30T09:56:22","modified_gmt":"2018-09-30T07:56:22","slug":"30-gurnalist-taljan-bsejha-lil-kollegi-taghhom-biex-jinghaqdu-maghhom-flaqgha-li-se-ssir-fmalta-fis-16-ta-ottubru","status":"publish","type":"post","link":"https:\/\/manueldelia.com\/mt\/2018\/09\/30-gurnalist-taljan-bsejha-lil-kollegi-taghhom-biex-jinghaqdu-maghhom-flaqgha-li-se-ssir-fmalta-fis-16-ta-ottubru\/","title":{"rendered":"30 \u0121urnalist Taljan b&#8217;sej\u0127a lil kollegi tag\u0127hom biex jing\u0127aqdu mag\u0127hom f&#8217;laqg\u0127a li se ssir f&#8217;Malta fis-16 ta&#8217; Ottubru"},"content":{"rendered":"<p>Ftit jiem o\u0127ra tkun g\u0127addiet sena mill-qtil ta&#8217; Daphne Caruana Galizia. Tletin \u0121urnalist Taljan \u0127ar\u0121u sej\u0127a lil kollegi fl-istess professjoni biex fis-16 ta&#8217; Ottubru jkunu f&#8217;Malta. Il-\u0121urnalisti qed jinsistu li ssir \u0121ustizzja ma&#8217; dawk li kkummissjonaw l-assassinju tag\u0127ha.<\/p>\n<p><img class=\"aligncenter size-full wp-image-11169\" src=\"https:\/\/manueldelia.com\/wp-content\/uploads\/2018\/09\/manifesto_daphne_feo.jpg\" alt=\"\" width=\"788\" height=\"634\" srcset=\"https:\/\/manueldelia.com\/wp-content\/uploads\/2018\/09\/manifesto_daphne_feo-300x241.jpg 300w, https:\/\/manueldelia.com\/wp-content\/uploads\/2018\/09\/manifesto_daphne_feo-336x270.jpg 336w, https:\/\/manueldelia.com\/wp-content\/uploads\/2018\/09\/manifesto_daphne_feo-768x618.jpg 768w, https:\/\/manueldelia.com\/wp-content\/uploads\/2018\/09\/manifesto_daphne_feo.jpg 788w\" sizes=\"(max-width: 788px) 100vw, 788px\" \/><\/p>\n<p>Il-\u0121urnalisti Taljani g\u0127amlu dan l-appell <a href=\"http:\/\/www.liberainformazione.org\/2018\/09\/28\/54889\/\" target=\"_blank\" rel=\"noopener\">fuq is-sit elettroniku tal-NGO anti-Mafja Liberainformazione<\/a> li tmexxi kampanji favur il-protezzjoni tal-\u0121urnalisti mill-kriminalit\u00e0 organizzata. Il-\u0121urnalisti li qed jappo\u0121\u0121jaw dan l-appell sa issa huma:<\/p>\n<ul>\n<li>Maria Grazia Mazzola, inviata speciale Tg1<\/li>\n<li>Romolo Sticchi, inviato speciale Tg3<\/li>\n<li>Carlo Bonini, inviato speciale La Repubblica<\/li>\n<li>Lorenzo Frigerio, direttore Libera Informazione<\/li>\n<li>Riccardo Chartroux, inviato speciale Tg3<\/li>\n<li>Fabrizio Feo, inviato speciale Tg3<\/li>\n<li>Paolo Di Giannantonio, inviato speciale Tg1<\/li>\n<li>Roberta Serdoz, caposervizio Tg3<\/li>\n<li>Gaia Martignetti, giornalista FanPage<\/li>\n<li>Pier Damiani D\u2019Agata, redattore Tg3<\/li>\n<li>Amedeo Ricucci, inviato speciale Tg1<\/li>\n<li>Alessandra De Stefano, inviata speciale RaiSport<\/li>\n<li>Lorenzo Baldo, giornalista Antimafia Duemila<\/li>\n<li>Marina Cocozza, ufficio stampa RaiCom<\/li>\n<li>Giovanni Bocco, inviato speciale Tg1<\/li>\n<li>Enrica Maio, inviata speciale Tg1<\/li>\n<li>Serena Mantone, redattore Rai Parlamento<\/li>\n<li>Barbara Leone, giornalista blogger<\/li>\n<li>Giorgio Bongiovanni, direttore Antimafia Duemila<\/li>\n<li>Simona Petrucciolo, giornalista d\u2019inchiesta freelance<\/li>\n<li>Valter Rizzo, redattore Tgr<\/li>\n<li>Amalia De Simone, giornalista d\u2019inchiesta freelance<\/li>\n<li>Maria Rosaria De Medici, caposervizio Tg3<\/li>\n<li>Giovanni Occhiello, giornalista Tgr Campania<\/li>\n<li>Filippo Landi, corrispondente Rai in pensione<\/li>\n<li>Enza Emira Festa, redattore Tg3<\/li>\n<li>Antonio Musella, giornalista FanPage<\/li>\n<li>Valeria Collevecchio, caposervizio Tg3<\/li>\n<li>Aaron Pettinari, giornalista Antimafia Duemila<\/li>\n<li>Alessio Viscardi, giornalista FanPage<\/li>\n<li>Lara Nicoli, redattore Tg3<\/li>\n<li>Peppe Pace, giornalista FanPage<\/li>\n<li>Pasquale Martello, grafico del Manifesto per Daphne<\/li>\n<\/ul>\n","protected":false},"excerpt":{"rendered":"<p>Ftit jiem o\u0127ra tkun g\u0127addiet sena mill-qtil ta&#8217; Daphne Caruana Galizia. Tletin \u0121urnalist Taljan \u0127ar\u0121u sej\u0127a lil kollegi fl-istess professjoni biex fis-16 ta&#8217; Ottubru jkunu f&#8217;Malta. Il-\u0121urnalisti qed jinsistu li ssir \u0121ustizzja ma&#8217; dawk li kkummissjonaw l-assassinju tag\u0127ha. Il-\u0121urnalisti Taljani g\u0127amlu dan l-appell fuq is-sit elettroniku tal-NGO anti-Mafja Liberainformazione li tmexxi kampanji favur il-protezzjoni tal-\u0121urnalisti [&hellip;]<\/p>\n","protected":false},"author":1,"featured_media":11170,"comment_status":"open","ping_status":"open","sticky":false,"template":"","format":"standard","meta":[],"categories":[54],"tags":[],"_links":{"self":[{"href":"https:\/\/manueldelia.com\/mt\/wp-json\/wp\/v2\/posts\/11186\/"}],"collection":[{"href":"https:\/\/manueldelia.com\/mt\/wp-json\/wp\/v2\/posts\/"}],"about":[{"href":"https:\/\/manueldelia.com\/mt\/wp-json\/wp\/v2\/types\/post\/"}],"author":[{"embeddable":true,"href":"https:\/\/manueldelia.com\/mt\/wp-json\/wp\/v2\/users\/1\/"}],"replies":[{"embeddable":true,"href":"https:\/\/manueldelia.com\/mt\/wp-json\/wp\/v2\/comments\/?post=11186"}],"version-history":[{"count":2,"href":"https:\/\/manueldelia.com\/mt\/wp-json\/wp\/v2\/posts\/11186\/revisions\/"}],"predecessor-version":[{"id":11188,"href":"https:\/\/manueldelia.com\/mt\/wp-json\/wp\/v2\/posts\/11186\/revisions\/11188\/"}],"wp:featuredmedia":[{"embeddable":true,"href":"https:\/\/manueldelia.com\/mt\/wp-json\/wp\/v2\/media\/11170\/"}],"wp:attachment":[{"href":"https:\/\/manueldelia.com\/mt\/wp-json\/wp\/v2\/media\/?parent=11186"}],"wp:term":[{"taxonomy":"category","embeddable":true,"href":"https:\/\/manueldelia.com\/mt\/wp-json\/wp\/v2\/categories\/?post=11186"},{"taxonomy":"post_tag","embeddable":true,"href":"https:\/\/manueldelia.com\/mt\/wp-json\/wp\/v2\/tags\/?post=11186"}],"curies":[{"name":"wp","href":"https:\/\/api.w.org\/{rel}","templated":true}]}}