{"id":112737,"date":"2022-10-18T15:07:00","date_gmt":"2022-10-18T13:07:00","guid":{"rendered":"https:\/\/manueldelia.com\/?p=112737"},"modified":"2022-10-18T20:39:46","modified_gmt":"2022-10-18T18:39:46","slug":"din-hi-l-mibgheda-li-jrid-jehlisna-minnha-engerer","status":"publish","type":"post","link":"https:\/\/manueldelia.com\/mt\/2022\/10\/din-hi-l-mibgheda-li-jrid-jehlisna-minnha-engerer\/","title":{"rendered":"Din hi l-mibg\u0127eda li jrid je\u0127lisna minnha Engerer?"},"content":{"rendered":"<p>Dan li \u0121ej qed inxandru mhux g\u0127aliex hu xi \u0127a\u0121a ta&#8217; barra minn hawn. Tant nara e\u017cempji b\u0127alu li nippreferi li ninjorah. I\u017cda Cyrus Engerer qabbi\u017chieli hu u <a href=\"https:\/\/manueldelia.com\/2022\/10\/cyrus-engerers-partisan-bickering\/\" target=\"_blank\" rel=\"noopener\">jilg\u0127abha tal-qaddis miexi fl-art bir-ra\u0121\u0121iera fuq rasu meta ddikjara li huwa vittma tal-klassi\u017cmu, tal-parti\u0121\u0121jani\u017cmu u tal-mibg\u0127eda.<\/a><\/p>\n<p>Cyrus Engerer ma jiddejjaq xejn li jipprova jqarraq.<\/p>\n<p>Dan ta&#8217; hawn ta\u0127t x&#8217;issejja\u0127lu Sur Cyrus Engerer? Klassi\u017cmu, parti\u0121\u0121jani\u017cmu u mibg\u0127eda?<\/p>\n<p><img class=\"aligncenter size-full wp-image-112729\" src=\"https:\/\/manueldelia.com\/wp-content\/uploads\/2022\/10\/WhatsApp-Image-2022-10-18-at-2.21.22-PM.jpeg\" alt=\"\" width=\"774\" height=\"1244\" srcset=\"https:\/\/manueldelia.com\/wp-content\/uploads\/2022\/10\/WhatsApp-Image-2022-10-18-at-2.21.22-PM-187x300.jpeg 187w, https:\/\/manueldelia.com\/wp-content\/uploads\/2022\/10\/WhatsApp-Image-2022-10-18-at-2.21.22-PM-200x321.jpeg 200w, https:\/\/manueldelia.com\/wp-content\/uploads\/2022\/10\/WhatsApp-Image-2022-10-18-at-2.21.22-PM-400x643.jpeg 400w, https:\/\/manueldelia.com\/wp-content\/uploads\/2022\/10\/WhatsApp-Image-2022-10-18-at-2.21.22-PM-600x964.jpeg 600w, https:\/\/manueldelia.com\/wp-content\/uploads\/2022\/10\/WhatsApp-Image-2022-10-18-at-2.21.22-PM.jpeg 637w\" sizes=\"(max-width: 774px) 100vw, 774px\" \/><img class=\"aligncenter size-full wp-image-112727\" src=\"https:\/\/manueldelia.com\/wp-content\/uploads\/2022\/10\/WhatsApp-Image-2022-10-18-at-2.21.54-PM.jpeg\" alt=\"\" width=\"776\" height=\"605\" srcset=\"https:\/\/manueldelia.com\/wp-content\/uploads\/2022\/10\/WhatsApp-Image-2022-10-18-at-2.21.54-PM-200x156.jpeg 200w, https:\/\/manueldelia.com\/wp-content\/uploads\/2022\/10\/WhatsApp-Image-2022-10-18-at-2.21.54-PM-300x234.jpeg 300w, https:\/\/manueldelia.com\/wp-content\/uploads\/2022\/10\/WhatsApp-Image-2022-10-18-at-2.21.54-PM-400x312.jpeg 400w, https:\/\/manueldelia.com\/wp-content\/uploads\/2022\/10\/WhatsApp-Image-2022-10-18-at-2.21.54-PM-600x468.jpeg 600w, https:\/\/manueldelia.com\/wp-content\/uploads\/2022\/10\/WhatsApp-Image-2022-10-18-at-2.21.54-PM-768x599.jpeg 768w, https:\/\/manueldelia.com\/wp-content\/uploads\/2022\/10\/WhatsApp-Image-2022-10-18-at-2.21.54-PM.jpeg 776w\" sizes=\"(max-width: 776px) 100vw, 776px\" \/><\/p>\n<p>Dan Michel Buttigieg huwa kunsillier Laburista fil-kunsill tar-Rabat, G\u0127awdex u galoppin tal-Ministru ta&#8217; G\u0127awdex Clint Camilleri.<\/p>\n<p><img class=\"aligncenter size-full wp-image-112731\" src=\"https:\/\/manueldelia.com\/wp-content\/uploads\/2022\/10\/275148129_4769503699765651_4923326571131711194_n.jpg\" alt=\"\" width=\"534\" height=\"536\" srcset=\"https:\/\/manueldelia.com\/wp-content\/uploads\/2022\/10\/275148129_4769503699765651_4923326571131711194_n-66x66.jpg 66w, https:\/\/manueldelia.com\/wp-content\/uploads\/2022\/10\/275148129_4769503699765651_4923326571131711194_n-150x150.jpg 150w, https:\/\/manueldelia.com\/wp-content\/uploads\/2022\/10\/275148129_4769503699765651_4923326571131711194_n-200x201.jpg 200w, https:\/\/manueldelia.com\/wp-content\/uploads\/2022\/10\/275148129_4769503699765651_4923326571131711194_n-300x300.jpg 300w, https:\/\/manueldelia.com\/wp-content\/uploads\/2022\/10\/275148129_4769503699765651_4923326571131711194_n-400x401.jpg 400w, https:\/\/manueldelia.com\/wp-content\/uploads\/2022\/10\/275148129_4769503699765651_4923326571131711194_n.jpg 534w\" sizes=\"(max-width: 534px) 100vw, 534px\" \/><\/p>\n<p>Mark A. Camilleri, li wie\u0121eb g\u0127all-kitba tieg\u0127u, huwa attivist tal-Partit Laburista u wkoll galoppin ta&#8217; Clint Camilleri. Fil-fatt Clint Camilleri ji\u0121i ku\u0121inuh. Nannuhom kien veteran politiku u missier Mark A. Camilleri kien ikkontesta diversi elezzjonijiet mal-Partit Laburista.<\/p>\n<p>Cyrus Engerer g\u0127andu mnejn jaqbel mieg\u0127i li m&#8217;hemmx lok g\u0127al dawn il-&#8220;battibekki&#8221; parti\u0121\u0121jani, g\u0127all-mibeg\u0127da u g\u0127all-klassi\u017cmu (trid tkun bniedem mikul bil-pre\u0121udizzji biex tmur tg\u0127id fil-bera\u0127 li xi \u0127add m&#8217;g\u0127andux dritt li jindifen s\u0127i\u0127). Jekk jaqbel mieg\u0127i, jmissu jag\u0127mel dak li ma nistax nag\u0127mel jien. Ji\u0121ifieri li formalment jitlob g\u0127at-tke\u010b\u010bija mill-Partit Laburista ta&#8217; dawn it-tnejn.<\/p>\n<p>Jekk dan jibqa&#8217; ma jag\u0127mlux, allura dak li stqarr il-biera\u0127 m&#8217;huwa xejn \u0127lief diskors vojt, klassist u parti\u0121\u0121jan.<\/p>\n<p>Qed insemmi lil Cyrus Engerer g\u0127aliex dan g\u0127a\u017cel hu stess li jid\u0127ol bejn il-basla u qoxritha.<\/p>\n<p>I\u017cda ma ta\u0127sbux li l-verit\u00e0 hi li hu fil-fatt Robert Abela li qed iqanqal il-mibg\u0127eda?<\/p>\n<p><img class=\"aligncenter size-full wp-image-112733\" src=\"https:\/\/manueldelia.com\/wp-content\/uploads\/2022\/10\/275176230_4769418773107477_3069604994624549943_n.jpg\" alt=\"\" width=\"720\" height=\"498\" srcset=\"https:\/\/manueldelia.com\/wp-content\/uploads\/2022\/10\/275176230_4769418773107477_3069604994624549943_n-200x138.jpg 200w, https:\/\/manueldelia.com\/wp-content\/uploads\/2022\/10\/275176230_4769418773107477_3069604994624549943_n-300x208.jpg 300w, https:\/\/manueldelia.com\/wp-content\/uploads\/2022\/10\/275176230_4769418773107477_3069604994624549943_n-400x277.jpg 400w, https:\/\/manueldelia.com\/wp-content\/uploads\/2022\/10\/275176230_4769418773107477_3069604994624549943_n-600x415.jpg 600w, https:\/\/manueldelia.com\/wp-content\/uploads\/2022\/10\/275176230_4769418773107477_3069604994624549943_n.jpg 720w\" sizes=\"(max-width: 720px) 100vw, 720px\" \/><\/p>\n<p>Jien ma niddejjaqx ng\u0127id li jien \u0121ej minn klassi bil-wisq differenti minn dik ta&#8217; Michel Buttigieg u ta&#8217; Mark A. Camilleri. Jien bniedem tad-demm u l-la\u0127am.<\/p>\n","protected":false},"excerpt":{"rendered":"<p>Dan li \u0121ej qed inxandru mhux g\u0127aliex hu xi \u0127a\u0121a ta&#8217; barra minn hawn. Tant nara e\u017cempji b\u0127alu li nippreferi li ninjorah. I\u017cda Cyrus Engerer qabbi\u017chieli hu u jilg\u0127abha tal-qaddis miexi fl-art bir-ra\u0121\u0121iera fuq rasu meta ddikjara li huwa vittma tal-klassi\u017cmu, tal-parti\u0121\u0121jani\u017cmu u tal-mibg\u0127eda. Cyrus Engerer ma jiddejjaq xejn li jipprova jqarraq. Dan ta&#8217; hawn [&hellip;]<\/p>\n","protected":false},"author":1,"featured_media":112734,"comment_status":"open","ping_status":"closed","sticky":false,"template":"","format":"standard","meta":[],"categories":[54],"tags":[],"_links":{"self":[{"href":"https:\/\/manueldelia.com\/mt\/wp-json\/wp\/v2\/posts\/112737\/"}],"collection":[{"href":"https:\/\/manueldelia.com\/mt\/wp-json\/wp\/v2\/posts\/"}],"about":[{"href":"https:\/\/manueldelia.com\/mt\/wp-json\/wp\/v2\/types\/post\/"}],"author":[{"embeddable":true,"href":"https:\/\/manueldelia.com\/mt\/wp-json\/wp\/v2\/users\/1\/"}],"replies":[{"embeddable":true,"href":"https:\/\/manueldelia.com\/mt\/wp-json\/wp\/v2\/comments\/?post=112737"}],"version-history":[{"count":4,"href":"https:\/\/manueldelia.com\/mt\/wp-json\/wp\/v2\/posts\/112737\/revisions\/"}],"predecessor-version":[{"id":112741,"href":"https:\/\/manueldelia.com\/mt\/wp-json\/wp\/v2\/posts\/112737\/revisions\/112741\/"}],"wp:featuredmedia":[{"embeddable":true,"href":"https:\/\/manueldelia.com\/mt\/wp-json\/wp\/v2\/media\/112734\/"}],"wp:attachment":[{"href":"https:\/\/manueldelia.com\/mt\/wp-json\/wp\/v2\/media\/?parent=112737"}],"wp:term":[{"taxonomy":"category","embeddable":true,"href":"https:\/\/manueldelia.com\/mt\/wp-json\/wp\/v2\/categories\/?post=112737"},{"taxonomy":"post_tag","embeddable":true,"href":"https:\/\/manueldelia.com\/mt\/wp-json\/wp\/v2\/tags\/?post=112737"}],"curies":[{"name":"wp","href":"https:\/\/api.w.org\/{rel}","templated":true}]}}