{"id":113014,"date":"2022-11-11T09:18:27","date_gmt":"2022-11-11T08:18:27","guid":{"rendered":"https:\/\/manueldelia.com\/?p=113014"},"modified":"2022-11-11T14:32:44","modified_gmt":"2022-11-11T13:32:44","slug":"il-qassatat-u-l-pudini-tal-avukat-generali-jaghtu-lok-ghal-suspett","status":"publish","type":"post","link":"https:\/\/manueldelia.com\/mt\/2022\/11\/il-qassatat-u-l-pudini-tal-avukat-generali-jaghtu-lok-ghal-suspett\/","title":{"rendered":"Il-qassatat u l-pudini tal-Avukat \u0120enerali jag\u0127tu lok g\u0127al suspett?"},"content":{"rendered":"<p><img class=\"aligncenter size-full wp-image-113007\" src=\"https:\/\/manueldelia.com\/wp-content\/uploads\/2022\/11\/pr192670c.jpg\" alt=\"\" width=\"1024\" height=\"711\" srcset=\"https:\/\/manueldelia.com\/wp-content\/uploads\/2022\/11\/pr192670c-200x139.jpg 200w, https:\/\/manueldelia.com\/wp-content\/uploads\/2022\/11\/pr192670c-300x208.jpg 300w, https:\/\/manueldelia.com\/wp-content\/uploads\/2022\/11\/pr192670c-400x278.jpg 400w, https:\/\/manueldelia.com\/wp-content\/uploads\/2022\/11\/pr192670c-600x417.jpg 600w, https:\/\/manueldelia.com\/wp-content\/uploads\/2022\/11\/pr192670c-768x533.jpg 768w, https:\/\/manueldelia.com\/wp-content\/uploads\/2022\/11\/pr192670c-800x555.jpg 800w, https:\/\/manueldelia.com\/wp-content\/uploads\/2022\/11\/pr192670c.jpg 1024w\" sizes=\"(max-width: 1024px) 100vw, 1024px\" \/>Ikun hemm mumenti li fihom kwa\u017ci kwa\u017ci tibda&#8217; biex tit\u0127assar lill-Avukat \u0120enerali li hi l-prosekutur prin\u010bipali ta&#8217; g\u017ciritna. Xog\u0127olha &#8211; li m&#8217;huwiex xi xog\u0127ol pja\u010bevoli &#8211; jikkonsisti fil-\u0121lieda kontra l-kriminalit\u00e0. Ir-ri\u017corsi li g\u0127andha g\u0127ad-dispo\u017cizzjoni tag\u0127ha huma inqas mir-ri\u017corsi li jinsabu f&#8217;idejn il-kriminali li suppost qieg\u0127da hemm biex teg\u0127leb. Lill-avukati prin\u010bipjanti li g\u0127andha madwarha t\u0127allashom pagi tas-servizz pubbliku. I\u017cda l-parti opposta t\u0127allas flejjes tajbin lil avukati musta\u010b\u010buni. M&#8217;hemmx ugwaljanza ta&#8217; armi bejn na\u0127a u o\u0127ra fejn g\u0127andu x&#8217;jaqsam \u0127las g\u0127as-servizz u esperjenza. Ter\u0121a&#8217; u tg\u0127id, is-sitwazzjoni m&#8217;hi feli\u010bi xejn g\u0127aliex ta&#8217; sikwit issib prosekuturi ta&#8217; esperjenza moderata li jaqb\u017cu g\u0127al fuq in-na\u0127a opposta u joffru s-servizz legali tag\u0127hom lill-kriminali u prosekuturi b&#8217;esperjenza akbar jitilqu mill-impjieg biex jil\u0127qu ma\u0121istrati u m\u0127allfin.<\/p>\n<p style=\"font-weight: 400;\">Qed t\u0127ossuha \u0121ejja l-&#8220;imma&#8221;?<\/p>\n<p style=\"font-weight: 400;\">Imma.<\/p>\n<p style=\"font-weight: 400;\">Ninsabu f&#8217;sitwazzjoni ta&#8217; t\u0127assib kbir. Mid-dehra l-Avukat \u0120enerali qed issib wens mill-appo\u0121\u0121 inkundizzjonat tal-ministru tal-\u0121ustizzja u tal-gvern. Dan xejn m&#8217;hu jirrifletti tajjeb fuqha.<\/p>\n<p style=\"font-weight: 400;\">Tinteba\u0127 li g\u0127andna problema kbira f&#8217;\u0127o\u0121orna meta jkollok ma\u0121istrat b\u0127al Donatella Frendo Dimech li ma fel\u0127itx tissaporti aktar u ffero\u010bjat bir-rabja mal-prin\u010bipjanti ta&#8217; Victoria Buttigieg li qed jag\u0127mluha ta&#8217; prosekuturi fil-ka\u017c tal-<em>Pilatus Bank<\/em>. U wkoll meta jkollok lil Nadine Lia &#8211; minn tant nies &#8211; tiggwida lill-prosekuturi dwar kif g\u0127andhom i\u0121ibu ru\u0127hom kontra dak il-manigold u \u0127abib ta&#8217; Robert Abela, Christian Borg.<\/p>\n<p style=\"font-weight: 400;\">M&#8217;g\u0127andiex g\u0127alfejn nassumu li je\u017cistu xi ra\u0121unijiet makabri wara l-fallimenti ripetuti tal-Avukat \u0120enerali. Lanqas m&#8217;g\u0127andna g\u0127alfejn in\u0127ossuna tant iffrustrati biex ne\u017ci\u0121u bidla. Sabiex wie\u0127ed jasal biex jikkonkludi li l-kwistjoni tal-liberazzjoni impli\u010bita ta&#8217; Darren it-Topo Debono kien messha tmexxiet a\u0127jar minn kif fil-fatt tmexxiet, wie\u0127ed m&#8217;g\u0127andux g\u0127alfejn jidde\u010biedi favur it-teorija li Victoria Buttigieg lil Debono \u0127allietu jg\u0127addiha lixxa g\u0127aliex riedet tg\u0127atti xtur Chris Cardona u Carmelo Abela jew g\u0127aliex xi kriminal kien g\u0127addieha minn g\u0127ajn il-labra.<\/p>\n<p style=\"font-weight: 400;\">Biex wie\u0127ed jasal g\u0127all-konklu\u017cjoni li l-Istat naqas li jwettaq u jfittex li ssir \u0121ustizzja f&#8217;wa\u0127da mill-akbar \u0127admiet finanzjarji li qatt rat Malta bis-sa\u0127\u0127a tad-di\u017castru li \u0121ab mieg\u0127u il-ka\u017c Pilatus (b&#8217;dawk il-wa\u0127diet li kontrihom ittie\u0127du passi bil-qorti), wie\u0127ed m&#8217;g\u0127andux g\u0127alfejn li qabel xejn ikun konvint li Victoria Buttigieg bilfors qed tg\u0127atti x-xtur ta&#8217; Joseph Muscat. Il-prosekuzzjoni m&#8217;hix taqdi dmirha kif suppost. U dan huwa \u0127a\u017cin minnu nnifsu u je\u0127tie\u0121 li sse\u0127\u0127 bidla.<\/p>\n<p style=\"font-weight: 400;\">M&#8217;g\u0127andniex xi ng\u0127idu, g\u0127al dawk li jissuspettaw f&#8217;mo\u0127\u0127hom li l-qassatat u l-pudini ripetuti li qed isiru mill-uffi\u010b\u010bju tal-prosekutur huma biss parti minn kon\u0121ura korrotta ma\u0127luqa biex tag\u0127ti kenn lill-kriminali tal-politika, jasal biex jikkonferma s-suspetti tag\u0127hom l-appo\u0121\u0121 li qed jag\u0127tu ministri tal-gvern lill-uffi\u010b\u010bju tal-Avukat \u0120enerali.<\/p>\n<p style=\"font-weight: 400;\">I\u017cda, apparti dan kollu, t-tif\u0127ir mhux \u0121ustifikat li g\u0127amlu Robert Abela u Jonathan Attard fil-konfront ta&#8217; Victoria Buttigieg, jekk xejn, juri li m&#8217;hemmx rieda li jsir titjib. Dawn isostnu li huma jitkellmu bil-mod li jitkellmu dwar l-uffi\u010b\u010bju tal-Avukat \u0120enerali g\u0127aliex gvern hekk g\u0127andu j\u0121ib ru\u0127u fil-konfront ta&#8217; istituzzjonijiet awtonomi.<\/p>\n<p style=\"font-weight: 400;\">Ippermettuli n\u0121ib e\u017cempju. Ikun mistenni minn prim ministru ta&#8217; pajji\u017c li jitkellem favur l-iskwadra nazzjonali tal-futbol meta din tilg\u0127ab xi partita f&#8217;kompetizzjoni internazzjonali. Dak il-prim ministru ma jkollux g\u0127alfejn jag\u0127mel xi sforz spe\u010bjali biex ifa\u0127\u0127ar lill-iskwadra rebbie\u0127a u biex jag\u0127ti s-sostenn tieg\u0127u lill-iskawdra telliefa. I\u017cda jekk ikun hemm membri tal-iskwadra nazzjonali tal-futbol li j\u0121ibu ru\u0127hom \u0127a\u017cin billi jaqg\u0127u fl-art apposta, ifajjru d-daqqiet ta&#8217; sieq, jinfexxew fi \u0121lied jew jinqabdu bid-drogi, jkun mistenni li l-prim ministru jibdel it-ton u jistqarr li l-pajji\u017c kien jist\u0127oqqlu a\u0127jar.<\/p>\n<p style=\"font-weight: 400;\">Il-prosekuturi mhux dejjem tg\u0127addi tag\u0127hom fil-qorti u meta jwettqu x-xog\u0127ol skont il-\u0127ila tag\u0127hom, il-gvern jag\u0127mel sewwa li jappo\u0121\u0121jahom. L-istess g\u0127andha tag\u0127mel is-so\u010bjet\u00e0 \u010bivili.<\/p>\n<p style=\"font-weight: 400;\">I\u017cda jasal stadju li fih ikollna nammettu li l-g\u0127emil u l-komportament tal-Avukat \u0120enerali m&#8217;huwiex a\u010b\u010bettabbli.<\/p>\n<p style=\"font-weight: 400;\">Hi x&#8217;inhi r-ra\u0121uni &#8211; hix kompli\u010bit\u00e0, initmidazzjoni, nkompetenza, nuqqas ta&#8217; ri\u017corsi jew nuqqas ta&#8217; finanzi &#8211; b\u0127ala l-avukati tal-poplu Malti u tal-pajji\u017c Victoria Buttigieg u l-uffi\u010b\u010bju tag\u0127ha m&#8217;humiex iwettqu x-xog\u0127ol tag\u0127hom kif inhu mistenni<\/p>\n<p style=\"font-weight: 400;\">Din il-problema je\u0127tie\u0121 li nsibu tarfha.<\/p>\n","protected":false},"excerpt":{"rendered":"<p>Ikun hemm mumenti li fihom kwa\u017ci kwa\u017ci tibda&#8217; biex tit\u0127assar lill-Avukat \u0120enerali li hi l-prosekutur prin\u010bipali ta&#8217; g\u017ciritna. Xog\u0127olha &#8211; li m&#8217;huwiex xi xog\u0127ol pja\u010bevoli &#8211; jikkonsisti fil-\u0121lieda kontra l-kriminalit\u00e0. Ir-ri\u017corsi li g\u0127andha g\u0127ad-dispo\u017cizzjoni tag\u0127ha huma inqas mir-ri\u017corsi li jinsabu f&#8217;idejn il-kriminali li suppost qieg\u0127da hemm biex teg\u0127leb. Lill-avukati prin\u010bipjanti li g\u0127andha madwarha t\u0127allashom pagi [&hellip;]<\/p>\n","protected":false},"author":1,"featured_media":113008,"comment_status":"open","ping_status":"closed","sticky":false,"template":"","format":"standard","meta":[],"categories":[54],"tags":[],"_links":{"self":[{"href":"https:\/\/manueldelia.com\/mt\/wp-json\/wp\/v2\/posts\/113014\/"}],"collection":[{"href":"https:\/\/manueldelia.com\/mt\/wp-json\/wp\/v2\/posts\/"}],"about":[{"href":"https:\/\/manueldelia.com\/mt\/wp-json\/wp\/v2\/types\/post\/"}],"author":[{"embeddable":true,"href":"https:\/\/manueldelia.com\/mt\/wp-json\/wp\/v2\/users\/1\/"}],"replies":[{"embeddable":true,"href":"https:\/\/manueldelia.com\/mt\/wp-json\/wp\/v2\/comments\/?post=113014"}],"version-history":[{"count":5,"href":"https:\/\/manueldelia.com\/mt\/wp-json\/wp\/v2\/posts\/113014\/revisions\/"}],"predecessor-version":[{"id":113024,"href":"https:\/\/manueldelia.com\/mt\/wp-json\/wp\/v2\/posts\/113014\/revisions\/113024\/"}],"wp:featuredmedia":[{"embeddable":true,"href":"https:\/\/manueldelia.com\/mt\/wp-json\/wp\/v2\/media\/113008\/"}],"wp:attachment":[{"href":"https:\/\/manueldelia.com\/mt\/wp-json\/wp\/v2\/media\/?parent=113014"}],"wp:term":[{"taxonomy":"category","embeddable":true,"href":"https:\/\/manueldelia.com\/mt\/wp-json\/wp\/v2\/categories\/?post=113014"},{"taxonomy":"post_tag","embeddable":true,"href":"https:\/\/manueldelia.com\/mt\/wp-json\/wp\/v2\/tags\/?post=113014"}],"curies":[{"name":"wp","href":"https:\/\/api.w.org\/{rel}","templated":true}]}}