{"id":113374,"date":"2022-12-06T14:26:36","date_gmt":"2022-12-06T13:26:36","guid":{"rendered":"https:\/\/manueldelia.com\/?p=113374"},"modified":"2022-12-06T15:56:34","modified_gmt":"2022-12-06T14:56:34","slug":"il-polarizzazzjoni-mhi-xejn-hlief-genn","status":"publish","type":"post","link":"https:\/\/manueldelia.com\/mt\/2022\/12\/il-polarizzazzjoni-mhi-xejn-hlief-genn\/","title":{"rendered":"Il-polarizzazzjoni m&#8217;hi xejn \u0127lief \u0121enn"},"content":{"rendered":"<p style=\"font-weight: 400;\"><img class=\"aligncenter wp-image-113370 size-large\" src=\"https:\/\/manueldelia.com\/wp-content\/uploads\/2022\/12\/abortion-protests-793x1024.jpg\" alt=\"\" width=\"793\" height=\"1024\" srcset=\"https:\/\/manueldelia.com\/wp-content\/uploads\/2022\/12\/abortion-protests-200x258.jpg 200w, https:\/\/manueldelia.com\/wp-content\/uploads\/2022\/12\/abortion-protests-232x300.jpg 232w, https:\/\/manueldelia.com\/wp-content\/uploads\/2022\/12\/abortion-protests-400x517.jpg 400w, https:\/\/manueldelia.com\/wp-content\/uploads\/2022\/12\/abortion-protests-600x775.jpg 600w, https:\/\/manueldelia.com\/wp-content\/uploads\/2022\/12\/abortion-protests-768x992.jpg 768w, https:\/\/manueldelia.com\/wp-content\/uploads\/2022\/12\/abortion-protests-scaled.jpg 793w\" sizes=\"(max-width: 793px) 100vw, 793px\" \/><\/p>\n<p style=\"font-weight: 400;\">Fi\u017c-\u017cew\u0121 kitbiet li ktibt s&#8217;issa (<a href=\"https:\/\/manueldelia.com\/2022\/11\/aborted-process\/\" target=\"_blank\" rel=\"noopener\">din <\/a>u <a href=\"https:\/\/manueldelia.com\/2022\/12\/messy-crusades\/\" target=\"_blank\" rel=\"noopener\">din<\/a>) dwar id-dibattitu li jinsab g\u0127addej fuq l-abort qg\u0127adt attent \u0127afna sabiex ma nintefa&#8217; wara ebda wie\u0127ed mi\u017c-\u017cew\u0121 na\u0127at. U minkejja dan, u \u010bertament sa meta wasalt biex nikteb it-tieni kitba tieg\u0127i li fiha kkritikajt \u010berti aspetti tal-po\u017cizzjoni li \u0127adet l-Oppo\u017cizzjoni, kien hemm u\u0127ud li stqarrew li n-nuqqas ta&#8217; kundanna tieg\u0127i tal-abort f&#8217;kull \u010birkostanza allura tfisser li jien naqbel mal-qtil tat-trabi.<\/p>\n<p style=\"font-weight: 400;\">Din hi r-ra\u0121uni g\u0127ala l-polarizzazzjoni m&#8217;hi xejn \u0127lief \u0121enn. G\u0127aliex f&#8217;kuntest b\u0127al dan mhux biss lanqas ikun possibbli g\u0127alik li tikkunsidra fehmiet differenti, i\u017cda lanqas biss ikollok il-\u0127ila tikkuntempla li jista&#8217; jkun hemm min ma jaqbilx mal-mod kif tifhimha int u dak kollu li ma jaqbilx mal-fehma tieg\u0127ek isir biss dag\u0127wa.<\/p>\n<p style=\"font-weight: 400;\">G\u0127aliex m&#8217;humiex jaraw lil hinn mill-ponta ta&#8217; mne\u0127irhom, dawk li qed jifir\u0127u li l-emendi proposti mill-gvern ser iwasslu g\u0127ad-dekriminalizzazzjoni tal-abort f&#8217;\u010berti \u010birkostanzi m&#8217;humiex jinteb\u0127u bit-ta\u0127wid li ser i\u0121\u0121ib mag\u0127ha din l-hekk imsejj\u0127a liberalizzazzjoni u dan g\u0127ar-ra\u0121uni li l-li\u0121i, wara li tg\u0127addi mill-Parlament, ser tikkomplika \u0127ajjet in-nisa u dik tat-tobba tag\u0127hom.<\/p>\n<p style=\"font-weight: 400;\">Hawn min ig\u0127id li l-gvern m&#8217;g\u0127andux jinda\u0127al u li meta jkun je\u0127tie\u0121 li tittie\u0127ed de\u010bi\u017cjoni iebsa, g\u0127andna n\u0127allu f&#8217;idejn il-\u0127ila u l-impenn tat-tobba li jag\u0127mlu dak li jkun sewwa u f&#8217;idejn ix-xjenza.<\/p>\n<p style=\"font-weight: 400;\">I\u017cda <a href=\"https:\/\/timesofmalta.com\/articles\/view\/mam-abortion-bill-the-amendment-causes-problems-doctors.999754\" target=\"_blank\" rel=\"noopener\">llum l-g\u0127aqda tat-tobba wriet it-t\u0127assib tag\u0127ha g\u0127all-emendi fil-li\u0121i li qed jipproponi l-gvern<\/a>. G\u0127aliex dawn l-emendi m&#8217;humiex ser jag\u0127tuhom is-setg\u0127a li jag\u0127mlu l-g\u0127a\u017cliet li jkunu me\u0127tie\u0121a. Skont l-g\u0127aqda tat-tobba, dawn l-emendi ser ine\u0127\u0127u \u010b-\u010bertezza hemm illum. Jekk int favur id-d\u0127ul tal-abort, mal-ewwel daqqa t&#8217;g\u0127ajn jista&#8217; forsi jidhirlek li din tkun \u0127a\u0121a tajba.<\/p>\n<p style=\"font-weight: 400;\">I\u017cda jekk int favur id-d\u0127ul tal-abort, ma tistax issodd widnejk g\u0127al dak li qed isostni l-le\u0121i\u017clatur ripetutament fil-Parlament u lil hinn minnu: ji\u0121ifieri li l-intenzjoni tal-gvern m&#8217;hix dik li f&#8217;Malta jidda\u0127\u0127al l-abort. Il-gvern qed ig\u0127id li dak li m&#8217;huwiex permess illum ser jibqa&#8217; mhux permess ukoll wara li jg\u0127addu l-emendi.<\/p>\n<p style=\"font-weight: 400;\">It-tobba qeg\u0127din jifhmu ma&#8217; xiex ser ikollhom i\u0127abbtu wi\u010b\u010bhom. Wara t-ta\u0127wid li \u0127oloq, il-gvern qed jipprova jben\u0121ilha. U wara li jkun akkwista l-appo\u0121\u0121 tal-attivisti dwar id-drittijiet tan-nisa, il-gvern ikun \u0127are\u0121 barra mix-xena. I\u017cda t-tobba mhux biss ser ikollhom jag\u0127mlu de\u010bi\u017cjonijiet iebsin i\u017cda wkoll ser ikollhom jiffa\u010b\u010bjaw l-aspettattivi foloz li n\u0127olqu bid-d\u0127ul tal-emendi li ji\u0121\u0121ustifikaw l-applikazzjoni tal-abort.<\/p>\n<p style=\"font-weight: 400;\">Mhux bi \u0127siebni noqg\u0127od nesa\u0121era. Mhux ser imur ng\u0127id li dawn l-emendi ser jag\u0127tu s-sa\u0127\u0127a lil min ibati b&#8217;xi u\u0121ieg\u0127 ta&#8217; ras jew u\u0121ieg\u0127 ta&#8217; \u017caqq biex jag\u0127mel abort. Dawn l-e\u017ca\u0121erazzjonijiet in\u0127allihom g\u0127all-estremisti.<\/p>\n<p style=\"font-weight: 400;\">Madankollu ser nirrepeti dak li stqarret illum l-g\u0127aqda tat-tobba. Ji\u0121ifieri li jekk huwa tassew minnu li l-gvern ma jrid li jinbidel xejn bis-sa\u0127\u0127a tal-emendi, jkun a\u0127jar jekk l-emendi ma jg\u0127addu xejn. Wara kollox, kif stqarrew it-tobba, ma kienux huma li talbu li tinbidel il-li\u0121i. L-ebda tabib ma ntbag\u0127at il-\u0127abs talli g\u0127amel dak li l-gvern jixtieq li jkompli jag\u0127mel wara li jkunu g\u0127addew l-emendi.<\/p>\n<p style=\"font-weight: 400;\">Din kienet wa\u0127da mill-motivazzjonijiet ewlenin li xeg\u0127let lil dawk li huma kontra l-abort u li \u0121ieg\u0127lithom jo\u0127or\u0121u jipprotestaw bil-qawwa. Skont dawn, l-emendi ser jag\u0127tu lok biex f&#8217;pajji\u017cna jse\u0127\u0127u aborti li sal-lum ma setg\u0127ux ise\u0127\u0127u.<\/p>\n<p style=\"font-weight: 400;\">Dawk li \u0127ar\u0121u jipprotestaw qed jib\u017cg\u0127u dwar dak li g\u0127alih ser iwasslu l-emendi: ji\u0121ifieri li l-gvern ser jibda&#8217; jippermetti l-abort.<\/p>\n<p style=\"font-weight: 400;\">Dawk li m&#8217;humiex jo\u0121\u0121ezzjonaw huma dawk li jaqblu mad-d\u0127ul tal-abort legalizzat. Jidhrili li dawn \u0121ew mog\u0127mija b&#8217;\u010bertu ottimi\u017cmu \u017cejjed. \u010aertament m&#8217;g\u0127andhomx wisq g\u0127al xiex ikunu kuntenti bl-istqarrijiet tal-gvern fis-sens li fil-prattika l-emendi m&#8217;huma ser jibdlu xejn u li terminazzjoni ta&#8217; tqala li ma tistax ise\u0127\u0127 illum m&#8217;hux ser issir permissibbli bis-sa\u0127\u0127a tal-emendi. Jekk huma favur l-g\u0127a\u017cla, \u010bertament ma jistg\u0127ux ikunu kuntenti \u0121aladarba l-gvern qed jg\u0127idilhom li effettivament mhux ser ikollhom g\u0127a\u017cla.<\/p>\n<p style=\"font-weight: 400;\">Mill-banda l-o\u0127ra, jistg\u0127u jie\u0127du po\u017cizzjoni fis-sens li l-gideb tal-gvern ma jinteressahom xejn u li jinteressahom biss f&#8217;dak li hemm miktub fl-emendi g\u0127al li\u0121i kif pre\u017centati fil-Parlament. Ig\u0127idu x&#8217;ig\u0127idu dawk li fasslu l-abbozz, l-emendi jippermettu li jsiru aborti li sal-lum ma jistg\u0127ux isiru. Dawk li huma favur l-g\u0127a\u017cla jistg\u0127u jie\u0127du po\u017cizzjoni fis-sens li huma ji\u0121u, jaqg\u0127u u jqumu mill-fatt li l-gvern qed jg\u0127addi lill-votanti tieg\u0127u bi\u017c-\u017cmien dwar it-tifsira vera tal-emendi g\u0127aliex, wara kollox, g\u0127alihom dawn l-emendi huma pass &#8216;il quddiem.<\/p>\n<p style=\"font-weight: 400;\">G\u0127all-mument, ejjew in\u0127allu fil-\u0121enb l-ipokresija grassa ta&#8217; dawk li jappo\u0121\u0121jaw l-emendi tal-gvern u dan minkejja l-gideb li qed jigdeb dwarhom lin-nies tieg\u0127u.<\/p>\n<p style=\"font-weight: 400;\">Ejjew niffukaw fuq dak li x&#8217;aktarx ser ise\u0127\u0127 fil-prattika. Tobba li ser ikunu ffa\u010b\u010bjati bl-ambigwit\u00e0 tal-emendi l-\u0121odda u li ser ikunu ta\u0127t pressjoni kbira minn gvern li jkun irid jipprova li m&#8217;g\u0127amel xejn biex i\u017cid l-aborti, x&#8217;aktarx ser jispi\u010b\u010baw jag\u0127\u017clu li ma jitterminawx tqala li forsi kienu jikkunsidraw li jitterminawha f&#8217;\u010birkostanzi differenti.<\/p>\n<p style=\"font-weight: 400;\">U issa, f&#8217;\u0127akka t&#8217;g\u0127ajn, re\u0121g\u0127et ing\u0127atat \u0127ajja \u0121dida t-theddida tal-\u0127abs u tat-telfien tal-li\u010benzja medika. G\u0127aliex jinsabu ta\u0127t pressjoni minn kriti\u010bi fi \u0127dan il-Partit Laburista, l-ministri qed jag\u0127mlu stqarrijiet iebsin u qed jinsistu li t-terminazzjoni tat-tqala kienet u ser tibqa&#8217; delitt kriminali.<\/p>\n<p style=\"font-weight: 400;\">Lil dawk li huma kontra l-abort, wie\u0127ed jifhem ir-ra\u0121unijiet g\u0127ala \u0127aduha kontra l-emendi proposti mill-gvern.<\/p>\n<p style=\"font-weight: 400;\">I\u017cda dawk li huma favur l-g\u0127a\u017cla, ma nistax nifhem kif qatt jistg\u0127u jaslu biex jappo\u0121\u0121jaw dawn l-emendi.<\/p>\n","protected":false},"excerpt":{"rendered":"<p>Fi\u017c-\u017cew\u0121 kitbiet li ktibt s&#8217;issa (din u din) dwar id-dibattitu li jinsab g\u0127addej fuq l-abort qg\u0127adt attent \u0127afna sabiex ma nintefa&#8217; wara ebda wie\u0127ed mi\u017c-\u017cew\u0121 na\u0127at. U minkejja dan, u \u010bertament sa meta wasalt biex nikteb it-tieni kitba tieg\u0127i li fiha kkritikajt \u010berti aspetti tal-po\u017cizzjoni li \u0127adet l-Oppo\u017cizzjoni, kien hemm u\u0127ud li stqarrew li n-nuqqas [&hellip;]<\/p>\n","protected":false},"author":1,"featured_media":113371,"comment_status":"open","ping_status":"closed","sticky":false,"template":"","format":"standard","meta":[],"categories":[54],"tags":[],"_links":{"self":[{"href":"https:\/\/manueldelia.com\/mt\/wp-json\/wp\/v2\/posts\/113374\/"}],"collection":[{"href":"https:\/\/manueldelia.com\/mt\/wp-json\/wp\/v2\/posts\/"}],"about":[{"href":"https:\/\/manueldelia.com\/mt\/wp-json\/wp\/v2\/types\/post\/"}],"author":[{"embeddable":true,"href":"https:\/\/manueldelia.com\/mt\/wp-json\/wp\/v2\/users\/1\/"}],"replies":[{"embeddable":true,"href":"https:\/\/manueldelia.com\/mt\/wp-json\/wp\/v2\/comments\/?post=113374"}],"version-history":[{"count":5,"href":"https:\/\/manueldelia.com\/mt\/wp-json\/wp\/v2\/posts\/113374\/revisions\/"}],"predecessor-version":[{"id":113386,"href":"https:\/\/manueldelia.com\/mt\/wp-json\/wp\/v2\/posts\/113374\/revisions\/113386\/"}],"wp:featuredmedia":[{"embeddable":true,"href":"https:\/\/manueldelia.com\/mt\/wp-json\/wp\/v2\/media\/113371\/"}],"wp:attachment":[{"href":"https:\/\/manueldelia.com\/mt\/wp-json\/wp\/v2\/media\/?parent=113374"}],"wp:term":[{"taxonomy":"category","embeddable":true,"href":"https:\/\/manueldelia.com\/mt\/wp-json\/wp\/v2\/categories\/?post=113374"},{"taxonomy":"post_tag","embeddable":true,"href":"https:\/\/manueldelia.com\/mt\/wp-json\/wp\/v2\/tags\/?post=113374"}],"curies":[{"name":"wp","href":"https:\/\/api.w.org\/{rel}","templated":true}]}}