{"id":114047,"date":"2023-02-10T08:07:40","date_gmt":"2023-02-10T07:07:40","guid":{"rendered":"https:\/\/manueldelia.com\/?p=114047"},"modified":"2023-02-10T11:36:57","modified_gmt":"2023-02-10T10:36:57","slug":"aqra-dan-li-gej","status":"publish","type":"post","link":"https:\/\/manueldelia.com\/mt\/2023\/02\/aqra-dan-li-gej\/","title":{"rendered":"Aqra dan li \u0121ej"},"content":{"rendered":"<p style=\"font-weight: 400;\"><img class=\"aligncenter size-full wp-image-114043\" src=\"https:\/\/manueldelia.com\/wp-content\/uploads\/2023\/02\/202a6a33-30a0-4b40-8b29-9309c32837b0.jpeg\" alt=\"\" width=\"684\" height=\"456\" srcset=\"https:\/\/manueldelia.com\/wp-content\/uploads\/2023\/02\/202a6a33-30a0-4b40-8b29-9309c32837b0-200x133.jpeg 200w, https:\/\/manueldelia.com\/wp-content\/uploads\/2023\/02\/202a6a33-30a0-4b40-8b29-9309c32837b0-300x200.jpeg 300w, https:\/\/manueldelia.com\/wp-content\/uploads\/2023\/02\/202a6a33-30a0-4b40-8b29-9309c32837b0-400x267.jpeg 400w, https:\/\/manueldelia.com\/wp-content\/uploads\/2023\/02\/202a6a33-30a0-4b40-8b29-9309c32837b0-600x400.jpeg 600w, https:\/\/manueldelia.com\/wp-content\/uploads\/2023\/02\/202a6a33-30a0-4b40-8b29-9309c32837b0.jpeg 684w\" sizes=\"(max-width: 684px) 100vw, 684px\" \/><\/p>\n<p style=\"font-weight: 400;\">Kull min isegwi l-\u0127idma ta&#8217; Repubblika jew ta&#8217; dan il-<em>blog<\/em> ta&#8217; sikwit semg\u0127ana nilmentaw li, kull darba li nie\u0127du passi bil-qorti, qed inkunu kostretti li n\u0121ibu prova li g\u0127andna interess fil-kaw\u017ca li nkunu bdejna.<\/p>\n<p style=\"font-weight: 400;\">L-interess, f&#8217;sens legali, huwa punt rilevanti g\u0127al min jid\u0127ol il-qorti min\u0127abba xi kwistjoni li jista&#8217; jkollu ma&#8217; \u0127addie\u0127or. Jekk sid id-dar ta&#8217; fa\u010b\u010bata tieg\u0127ek qed iwettaq xog\u0127ol fil-proprjet\u00e0 tieg\u0127u b&#8217;traskura\u0121ni kbira tant li qed jikkaw\u017ca \u0127sara fid-dar ta&#8217; ma\u0121enbu, huwa xog\u0127ol sid id-dar ta&#8217; ma\u0121enbu li jie\u0127u passi bil-qorti biex iwaqqaf il-\u0127sara.<\/p>\n<p style=\"font-weight: 400;\">I\u017cda meta Repubblika tilmenta fil-qorti li l-pulizija \u0127alliet lil Ali Sadr ig\u0127addiha lixxa, dan ma nkunux qed nag\u0127mluh g\u0127ax niddilettaw nil\u0127qu s-slaleb ta&#8217; \u0127addie\u0127or. Lilna x&#8217;differenza tag\u0127mlilna? Ejjew ma noqg\u0127odux nargumentaw dwar l-interess pubbliku u l-attivi\u017cmu tas-so\u010bjet\u00e0 \u010bivili fil-qorti. Ejjew ng\u0127idu biss li, \u0121aladarba l-li\u0121i tag\u0127tina d-dritt li nilmentaw (u dan huwa fatt sagrosant), dan id-dritt \u0127add ma jista&#8217; ji\u010b\u0127adulna billi jg\u0127id li a\u0127na m&#8217;g\u0127andna x&#8217;naqsmu xejn mal-ka\u017c.<\/p>\n<p style=\"font-weight: 400;\">Din il-kitba m&#8217;hix inti\u017ca biex tikkonvin\u010bik. <a href=\"https:\/\/timesofmalta.com\/articles\/view\/juridical-interest-strikes.1012353\" target=\"_blank\" rel=\"noopener\">Madankollu nistiednak taqra artiklu li xxandar illum fit-<em>Times of Malta<\/em> miktub minn Kevin Aquilina, Austin Bencini, Giovanni Bonello u Tonio Borg li huma persuni tal-lant fejn jid\u0127lu kwistjonijiet b\u0127al dawn.\u00a0<\/a><\/p>\n<p style=\"font-weight: 400;\">B&#8217;mod partikolari, aqraw x&#8217;ja\u0127sbu dawn l-im\u0127u\u0127 legali dwar x&#8217;setg\u0127et kienet ir-ra\u0121uni l-g\u0127ala Repubblika dan l-a\u0127\u0127ar tilfet il-kaw\u017ca dwar nuqqas ta&#8217; smieg\u0127 xieraq wara li Nadine Lia baqg\u0127et tirrifjuta li tirriku\u017ca ru\u0127ha milli tkompli tisma&#8217; l-kaw\u017ca li bdiet Repubblika kontra l-pulizija u dan talli dawn naqsu li j\u0127arrku lil Ali Sadr u li xi o\u0127rajn.<\/p>\n<p style=\"font-weight: 400;\">L-avukati staqsew: \u201ctg\u0127id dan it-titubar kollu sabiex NGO ting\u0127ata smieg\u0127 xieraq g\u0127andu x&#8217;jaqsam ma&#8217; xi bi\u017ca&#8217; li ting\u0127ata sentenza fuq il-mertu ta&#8217; ka\u017c li g\u0127andu bixra politika?\u201d.<\/p>\n<p style=\"font-weight: 400;\">\u201cWie\u0127ed jittama li dan m&#8217;huwiex il-ka\u017c&#8221;\u201d.<\/p>\n<p style=\"font-weight: 400;\">J&#8217;Alla li m&#8217;huwiex.<\/p>\n","protected":false},"excerpt":{"rendered":"<p>Kull min isegwi l-\u0127idma ta&#8217; Repubblika jew ta&#8217; dan il-blog ta&#8217; sikwit semg\u0127ana nilmentaw li, kull darba li nie\u0127du passi bil-qorti, qed inkunu kostretti li n\u0121ibu prova li g\u0127andna interess fil-kaw\u017ca li nkunu bdejna. L-interess, f&#8217;sens legali, huwa punt rilevanti g\u0127al min jid\u0127ol il-qorti min\u0127abba xi kwistjoni li jista&#8217; jkollu ma&#8217; \u0127addie\u0127or. Jekk sid id-dar [&hellip;]<\/p>\n","protected":false},"author":1,"featured_media":114044,"comment_status":"open","ping_status":"closed","sticky":false,"template":"","format":"standard","meta":[],"categories":[54],"tags":[],"_links":{"self":[{"href":"https:\/\/manueldelia.com\/mt\/wp-json\/wp\/v2\/posts\/114047\/"}],"collection":[{"href":"https:\/\/manueldelia.com\/mt\/wp-json\/wp\/v2\/posts\/"}],"about":[{"href":"https:\/\/manueldelia.com\/mt\/wp-json\/wp\/v2\/types\/post\/"}],"author":[{"embeddable":true,"href":"https:\/\/manueldelia.com\/mt\/wp-json\/wp\/v2\/users\/1\/"}],"replies":[{"embeddable":true,"href":"https:\/\/manueldelia.com\/mt\/wp-json\/wp\/v2\/comments\/?post=114047"}],"version-history":[{"count":5,"href":"https:\/\/manueldelia.com\/mt\/wp-json\/wp\/v2\/posts\/114047\/revisions\/"}],"predecessor-version":[{"id":114053,"href":"https:\/\/manueldelia.com\/mt\/wp-json\/wp\/v2\/posts\/114047\/revisions\/114053\/"}],"wp:featuredmedia":[{"embeddable":true,"href":"https:\/\/manueldelia.com\/mt\/wp-json\/wp\/v2\/media\/114044\/"}],"wp:attachment":[{"href":"https:\/\/manueldelia.com\/mt\/wp-json\/wp\/v2\/media\/?parent=114047"}],"wp:term":[{"taxonomy":"category","embeddable":true,"href":"https:\/\/manueldelia.com\/mt\/wp-json\/wp\/v2\/categories\/?post=114047"},{"taxonomy":"post_tag","embeddable":true,"href":"https:\/\/manueldelia.com\/mt\/wp-json\/wp\/v2\/tags\/?post=114047"}],"curies":[{"name":"wp","href":"https:\/\/api.w.org\/{rel}","templated":true}]}}