{"id":114666,"date":"2023-03-13T07:07:20","date_gmt":"2023-03-13T06:07:20","guid":{"rendered":"https:\/\/manueldelia.com\/?p=114666"},"modified":"2023-03-13T21:53:12","modified_gmt":"2023-03-13T20:53:12","slug":"il-hadma-tal-isptarijiet-bomba-li-ghad-trid-tisplodi","status":"publish","type":"post","link":"https:\/\/manueldelia.com\/mt\/2023\/03\/il-hadma-tal-isptarijiet-bomba-li-ghad-trid-tisplodi\/","title":{"rendered":"Il-\u0127adma tal-Isptarijiet: bomba li g\u0127ad trid tisplodi?"},"content":{"rendered":"<p style=\"font-weight: 400;\"><img class=\"aligncenter size-full wp-image-114659\" src=\"https:\/\/manueldelia.com\/wp-content\/uploads\/2023\/03\/pm-visit-2.jpg\" alt=\"\" width=\"2048\" height=\"1417\" srcset=\"https:\/\/manueldelia.com\/wp-content\/uploads\/2023\/03\/pm-visit-2-200x138.jpg 200w, https:\/\/manueldelia.com\/wp-content\/uploads\/2023\/03\/pm-visit-2-300x208.jpg 300w, https:\/\/manueldelia.com\/wp-content\/uploads\/2023\/03\/pm-visit-2-400x277.jpg 400w, https:\/\/manueldelia.com\/wp-content\/uploads\/2023\/03\/pm-visit-2-600x415.jpg 600w, https:\/\/manueldelia.com\/wp-content\/uploads\/2023\/03\/pm-visit-2-768x531.jpg 768w, https:\/\/manueldelia.com\/wp-content\/uploads\/2023\/03\/pm-visit-2-800x554.jpg 800w, https:\/\/manueldelia.com\/wp-content\/uploads\/2023\/03\/pm-visit-2.jpg 1024w\" sizes=\"(max-width: 2048px) 100vw, 2048px\" \/><\/p>\n<p style=\"font-weight: 400;\">Wara li g\u0127amel jiem u \u0121img\u0127at s\u0127a\u0127 jinjora problema kbira li ming\u0127alih seta&#8217; jsib tarfha billi jidfinha ta\u0127t it-trab, Robert Abela stemba\u0127 &#8211; x&#8217;aktarx li he\u017c\u017cu s-sonda\u0121\u0121 tal-<em>Malta Today<\/em> tal-biera\u0127 &#8211; <a href=\"https:\/\/timesofmalta.com\/articles\/view\/abela-demand-steward-reimburses-funds-used-investment.1018845\" target=\"_blank\" rel=\"noopener\">u stqarr li kien ser ja\u0127dem biex jintraddu lura l-miljuni li kienu t\u0127allsu lil Steward biex jitran\u0121aw l-isptarijiet.<\/a><\/p>\n<p style=\"font-weight: 400;\">Bil-fatt li dam dan i\u017c-\u017cmien kollu biex ji\u010b\u010baqlaq, wie\u0127ed ma jistax ma jiddubitax mis-sin\u010berit\u00e0 tieg\u0127u. I\u017cda je\u017cistu ra\u0121unijiet o\u0127rajn li j\u0121ieg\u0127luna nkemmxu xufftejna.<\/p>\n<p style=\"font-weight: 400;\">L-ewwelnett, aktar jisfida lil Steward aktar ser jipprovokahom biex jikxfu t-ta\u0127wid kollu li \u0127awwad il-gvern f&#8217;din il-kwistjoni. Kemm il-darba Steward g\u0127andhom f&#8217;idejhom provi dwar korruzzjoni li fih jinsab imda\u0127\u0127al il-Vitals, ibqg\u0127u \u010berti li dawn ser ikunu m\u0127ajjra li jikfuhom. Jekk il-gvern kien serr\u0127ilhom rashom li l-100 miljun ewro kienu ser jir\u010bevuhom xorta wa\u0127da, tidde\u010biedi kif tidde\u010biedi l-qorti, ibqg\u0127u \u010berti li dawn ser joqomsu kemm il-darba jibqg\u0127u b&#8217;xiber imnie\u0127er.<\/p>\n<p style=\"font-weight: 400;\">It-tieni, Robert Abela issa qed jitkellem b&#8217;\u010berta arja dwar Steward sforz il-fatt li Adrian Delia kien feta\u0127 il-kaw\u017ca meta kien kap tal-oppo\u017cizzjoni. Sakemm inqatg\u0127et is-sentenza mill-qorti, il-gvern dejjem \u017camm ma&#8217; Steward, baqa&#8217; jiddefendi l-kuntratt u kien sa\u0127ansitra qal li Adrian Delia ma kellux dritt li jikkontestah. Min i\u0121ib ru\u0127u ta&#8217; \u0121akbin ma tistax tafdah spe\u010bjalment meta jkun g\u0127adu kemm se\u0127\u0127 it-tradiment.<\/p>\n<p style=\"font-weight: 400;\">It-tielet, Robert Abela ilu jmexxi l-gvern g\u0127al tliet snin s\u0127a\u0127. Gvern li baqa&#8217; jonora l-kuntratt korrott u qarrieq li kien sar ma&#8217; Steward. \u0120aladarba kien jaf li dawk il-miljuni kollha ma kienux qed jintefqu fejn kellhom jintefqu, il-g\u0127ala xorta baqa&#8217; j\u0127allashom? Lil min g\u0127amel fro\u0121a b\u0127al din, kif jippretendi li g\u0127andna nafdawh biex isewwi l-\u0127sara li saret ming\u0127ajr ma jg\u0127addilna suspett minn rasna li ser jipprova jg\u0127atti x-xtur?<\/p>\n<p style=\"font-weight: 400;\">M&#8217;jinix ng\u0127id li l-gvern m&#8217;g\u0127andux jag\u0127mel l-isforzi kollha me\u0127tie\u0121a biex jara li l-miljuni li t\u0127allsu lil Steward u lil Vitals jintraddu lura. Li qed ng\u0127id hu li \u010bertament mhux bi\u017c\u017cejjed li gvern jag\u0127mel talba biex jintraddu l-flus lura u jieqaf hemm.<\/p>\n<p style=\"font-weight: 400;\">L-Im\u0127allef Francesco Depasquale assuma li l-a\u0121enti tal-gvern li \u0127admu mal-Vitals u ma&#8217; Steward kienu persuni ta&#8217; subg\u0127ajhom f&#8217;\u0127alqhom, inkompetenti u li \u0121ew jaqg\u0127u u jqumu mill-interess nazzjonali. U minkejja kollox, \u0127add ma spi\u010b\u010ba dabbar rasu u dan g\u0127aliex Robert Abela, Chris Fearne u l-bqija qed iwa\u0127\u0127lu f&#8217;Konrad Mizzi. Jidher li Robert Abela, Chris Fearne u l-bqija jippretendu u ja\u0127sbu li lill-poplu tista&#8217; tg\u0127addih bi\u017c-\u017cmien kif trid.<\/p>\n<p style=\"font-weight: 400;\">Nafu bi\u017c\u017cejjed dwar din il-\u0127adma biex ni\u0121bdu konklu\u017cjonijiet li huma \u0127afna aktar \u0127orox minn dawk li \u0121ibed l-Im\u0127allef. F&#8217;din il-\u0127adma kien hemm politi\u010bi li \u0127axxnu bwiethom b&#8217;mod ille\u010btu u politi\u010bi o\u0127rajn li g\u0127adhom fil-kariga li g\u0127attewlhom u li g\u0127adhom qed ig\u0127attulhom sal-lum. Nittamaw li dan kollu g\u0127ad ji\u0121i stabilit mill-inkjesta ma\u0121isterjali li nediet Repubblika xi snin ilu.<\/p>\n<p style=\"font-weight: 400;\">Ta&#8217; min jistaqsi: fejn g\u0127andha x&#8217;taqsam din il-\u0127adma, kif jista&#8217; l-poplu jafda l-interessi tieg\u0127u f&#8217;idejn min jinsab ta\u0127t id-dell ta&#8217; investigazzjoni kriminali appuntu dwar is-sehem tieg\u0127u fl-istess \u0127adma?<\/p>\n<p style=\"font-weight: 400;\">Illum qrajt <a href=\"https:\/\/timesofmalta.com\/articles\/view\/malta-land-unliving-victor-calleja.1018413\" target=\"_blank\" rel=\"noopener\">l-artiklu ta&#8217; Victor Calleja fit-<em>Times of Malta<\/em><\/a> u ng\u0127id li g\u0127andu ra\u0121un biex ibieg\u0127. Lanqas jitwemmen li fil-pajji\u017c g\u0127adha ma skattatx kri\u017ci politika.<\/p>\n<p style=\"font-weight: 400;\">Tg\u0127id din bomba li g\u0127ad trid tisplodi?<\/p>\n","protected":false},"excerpt":{"rendered":"<p>Wara li g\u0127amel jiem u \u0121img\u0127at s\u0127a\u0127 jinjora problema kbira li ming\u0127alih seta&#8217; jsib tarfha billi jidfinha ta\u0127t it-trab, Robert Abela stemba\u0127 &#8211; x&#8217;aktarx li he\u017c\u017cu s-sonda\u0121\u0121 tal-Malta Today tal-biera\u0127 &#8211; u stqarr li kien ser ja\u0127dem biex jintraddu lura l-miljuni li kienu t\u0127allsu lil Steward biex jitran\u0121aw l-isptarijiet. Bil-fatt li dam dan i\u017c-\u017cmien kollu [&hellip;]<\/p>\n","protected":false},"author":1,"featured_media":114660,"comment_status":"open","ping_status":"closed","sticky":false,"template":"","format":"standard","meta":[],"categories":[54],"tags":[],"_links":{"self":[{"href":"https:\/\/manueldelia.com\/mt\/wp-json\/wp\/v2\/posts\/114666\/"}],"collection":[{"href":"https:\/\/manueldelia.com\/mt\/wp-json\/wp\/v2\/posts\/"}],"about":[{"href":"https:\/\/manueldelia.com\/mt\/wp-json\/wp\/v2\/types\/post\/"}],"author":[{"embeddable":true,"href":"https:\/\/manueldelia.com\/mt\/wp-json\/wp\/v2\/users\/1\/"}],"replies":[{"embeddable":true,"href":"https:\/\/manueldelia.com\/mt\/wp-json\/wp\/v2\/comments\/?post=114666"}],"version-history":[{"count":5,"href":"https:\/\/manueldelia.com\/mt\/wp-json\/wp\/v2\/posts\/114666\/revisions\/"}],"predecessor-version":[{"id":114674,"href":"https:\/\/manueldelia.com\/mt\/wp-json\/wp\/v2\/posts\/114666\/revisions\/114674\/"}],"wp:featuredmedia":[{"embeddable":true,"href":"https:\/\/manueldelia.com\/mt\/wp-json\/wp\/v2\/media\/114660\/"}],"wp:attachment":[{"href":"https:\/\/manueldelia.com\/mt\/wp-json\/wp\/v2\/media\/?parent=114666"}],"wp:term":[{"taxonomy":"category","embeddable":true,"href":"https:\/\/manueldelia.com\/mt\/wp-json\/wp\/v2\/categories\/?post=114666"},{"taxonomy":"post_tag","embeddable":true,"href":"https:\/\/manueldelia.com\/mt\/wp-json\/wp\/v2\/tags\/?post=114666"}],"curies":[{"name":"wp","href":"https:\/\/api.w.org\/{rel}","templated":true}]}}