{"id":114697,"date":"2023-03-16T07:41:50","date_gmt":"2023-03-16T06:41:50","guid":{"rendered":"https:\/\/manueldelia.com\/?p=114697"},"modified":"2023-03-16T10:51:31","modified_gmt":"2023-03-16T09:51:31","slug":"tajjeb-li-naghmlu-xi-ftit-tal-paraguni","status":"publish","type":"post","link":"https:\/\/manueldelia.com\/mt\/2023\/03\/tajjeb-li-naghmlu-xi-ftit-tal-paraguni\/","title":{"rendered":"Ikun tajjeb jekk nag\u0127mlu xi ftit tal-paraguni"},"content":{"rendered":"<p><img class=\"aligncenter size-full wp-image-114693\" src=\"https:\/\/manueldelia.com\/wp-content\/uploads\/2023\/03\/548e4ec8f5e6a666d398753b39cbe874d7e301f7-1549145162-5c56144a-620x348-1.jpg\" alt=\"\" width=\"620\" height=\"348\" srcset=\"https:\/\/manueldelia.com\/wp-content\/uploads\/2023\/03\/548e4ec8f5e6a666d398753b39cbe874d7e301f7-1549145162-5c56144a-620x348-1-200x112.jpg 200w, https:\/\/manueldelia.com\/wp-content\/uploads\/2023\/03\/548e4ec8f5e6a666d398753b39cbe874d7e301f7-1549145162-5c56144a-620x348-1-300x168.jpg 300w, https:\/\/manueldelia.com\/wp-content\/uploads\/2023\/03\/548e4ec8f5e6a666d398753b39cbe874d7e301f7-1549145162-5c56144a-620x348-1-400x225.jpg 400w, https:\/\/manueldelia.com\/wp-content\/uploads\/2023\/03\/548e4ec8f5e6a666d398753b39cbe874d7e301f7-1549145162-5c56144a-620x348-1-600x337.jpg 600w, https:\/\/manueldelia.com\/wp-content\/uploads\/2023\/03\/548e4ec8f5e6a666d398753b39cbe874d7e301f7-1549145162-5c56144a-620x348-1.jpg 620w\" sizes=\"(max-width: 620px) 100vw, 620px\" \/><\/p>\n<p style=\"font-weight: 400;\">Xi \u0121ranet ilu, <a href=\"https:\/\/manueldelia.com\/2023\/03\/the-cartel-decade\/\" target=\"_blank\" rel=\"noopener\">ktibt dwar &#8220;l-g\u0127arbiel ta&#8217; Lawrence Gonzi&#8221; jien u nag\u0127mel paragun bejn il-livell ta&#8217; governanza mill-2013 &#8216;l hawn u l-livelli li konna mistennijin li nil\u0127qu qabel dik is-sena.<\/a> Min\u0127abba dak li ktibt, kien hemm min \u0127a g\u0127alih u kien hemm min fakkarni li \u017cmien Gonzi kien mimli difetti u l-i\u017cbalji li kienu saru dak i\u017c-\u017cmien fa\u010bli issa li jintesew min\u0127abba\u00a0 n-nostal\u0121ija.<\/p>\n<p style=\"font-weight: 400;\">Qabel jer\u0121g\u0127u joqomsu dawk li \u0127adu g\u0127alihom, g\u0127andi ng\u0127id li meta perijodu tal-istorja jipparaguna tajjeb ma&#8217; perijodu ie\u0127or, dan m&#8217;g\u0127andux ifisser li tal-ewwel kien mog\u0127ni bil-perfezzjoni. I\u017cda l-paraguni m&#8217;hux dejjem huma odju\u017ci g\u0127ax ifakkruna dwar dak kollu li fl-img\u0127oddi konna nqisuh b\u0127ala importanti u dwar dak li qed ng\u0127ixu issa.<\/p>\n<p style=\"font-weight: 400;\">Kien hemm bosta li kienu pprotestaw meta Victor Scerri, fi \u017cmien li fih kien iservi b\u0127ala President tal-PN, kien beda&#8217; jirran\u0121a u jikkonverti dar fil-kampanja. Dak i\u017c-\u017cmien, tal-One TV kienu jxandru rapporti dwar protesti minn persuni rrabjati b\u0127allikieku dawn kienu qed jipprotestaw kontra r-rimi ta&#8217; skart nuklejari fil-wied tal-Ba\u0127rija. U fil-fatt grupp ta&#8217; attivisti kienu talbu lill-qorti biex tannulla l-permess tal-bini g\u0127al dak l-&#8220;i\u017cvilupp&#8221;, tiddikjarah illegali u tre\u0121\u0121a&#8217; kollox g\u0127al dak li kien qabel.<\/p>\n<p style=\"font-weight: 400;\">B&#8217;akku\u017ci b\u0127al dawn im\u010bappsin ma&#8217; wi\u010b\u010bu u bil-g\u0127an li jkun f&#8217;po\u017cizzjoni a\u0127jar li jiddefendi ru\u0127u, Victor Scerri mmedjatament warrab mill-kariga tieg\u0127u fil-partit. <a href=\"https:\/\/netnews.com.mt\/2018\/01\/11\/victor-scerri-illiberat-minn-kull-akkuza-dwar-il-kaz-tal-bahrija\/\" target=\"_blank\" rel=\"noopener\">Kellhom ig\u0127addu 9 snin biex fl-a\u0127\u0127ar il-qorti qatg\u0127et is-sentenza billi ddikjarat li Scerri ma kien kiser ebda li\u0121i u li l-permess li kien kiseb <\/a><a href=\"https:\/\/netnews.com.mt\/2018\/01\/11\/victor-scerri-illiberat-minn-kull-akkuza-dwar-il-kaz-tal-bahrija\/\" target=\"_blank\" rel=\"noopener\">biex jibni daru <\/a><a href=\"https:\/\/netnews.com.mt\/2018\/01\/11\/victor-scerri-illiberat-minn-kull-akkuza-dwar-il-kaz-tal-bahrija\/\" target=\"_blank\" rel=\"noopener\">kien wie\u0127ed g\u0127al kollox legali.<\/a> I\u017cda sa dak i\u017c-\u017cmien il-karriera politika tieg\u0127u kienet di\u0121\u00e0 waslet fi tmiemha. Id-dar tieg\u0127u tal-Ba\u0127rija ukoll ma baqg\u0127etx tieg\u0127u. I\u017cda talli kien warrab mill-kariga biex seta&#8217; jiddefendi ru\u0127u a\u0127jar, kellu s-sodisfazzjon jara lill-qorti tag\u0127tih ra\u0121un.<\/p>\n<p style=\"font-weight: 400;\">Issa pparagunaw dan kollu mal-im\u0121ieba ta&#8217; Ian Borg. Ta\u0127sbu li, issa li <a href=\"https:\/\/timesofmalta.com\/articles\/view\/ian-borg-swimming-pool-permit-declared-null-pa-appeal-court.1019512\" target=\"_blank\" rel=\"noopener\">l-qorti tenniet dak li kienet qalet qorti o\u0127ra qabilha fis-sens li l-pixxina li huwa bena f&#8217;wied kienet wa\u0127da llegali<\/a>, Ian Borg ser iwarrab? Ta\u0127sbu li mhux ser ikompli jgawdi l-pixxina llegali tieg\u0127u meta jer\u0121a&#8217; lura Malta minn New York?<\/p>\n<p style=\"font-weight: 400;\">U hawn lanqas biss qed nag\u0127mlu paragun bejn \u017cew\u0121 stejjer li jinsabu fuq l-istess livell. Li kieku Ian Borg \u0121ab ru\u0127u b\u0127alma kien \u0121ab ru\u0127u Victor Scerri, dan suppost ilu mill-2018 li warrab mill-\u0127ajja pubblika. Ji\u0121ifieri minn dakinhar li g\u0127all-ewwel darba kien sar ilment li l-permess li kien kiseb Ian Borg kien wie\u0127ed illegali. Kieku ried, seta&#8217; ddefenda l-po\u017cizzjoni tieg\u0127u &#8220;b\u0127ala \u010bittadin privat&#8221; u dan g\u0127aliex il-bini ta&#8217; din l-imbierka pixxina hi kwistjoni ta&#8217; interess pubbliku: huwa fl-interess pubbliku li naraw li min jakkwista permess biex jibni pixxina, jkun akkwistaha g\u0127aliex il-li\u0121ijiet dan jippermettuh.<\/p>\n<p style=\"font-weight: 400;\">Ian Borg ma ddefendiex ru\u0127u b\u0127ala \u010bittadin privat i\u017cda b\u0127ala ministru tal-istat. Biex b&#8217;hekk qieg\u0127ed il-kredibilit\u00e0 tal-kariga uffi\u010bjali tieg\u0127u fil-periklu.<\/p>\n<p style=\"font-weight: 400;\">L-istorja dwar il-mod kif Ian Borg kien akkwista l-palazz li g\u0127andu fil-wied ta&#8217; Santa Katerina fiha x&#8217;tomg\u0127od. Xi snin ilu, <a href=\"https:\/\/manueldelia.com\/2020\/12\/the-highway-man\/\" target=\"_blank\" rel=\"noopener\">sirna nafu li l-art li fuqha bena&#8217; l-pixxina llegali tieg\u0127u kien akkwistaha llegalment. <\/a><\/p>\n<p style=\"font-weight: 400;\">Is-sensara li kienu qed jinnegozjaw f&#8217;ismu, bis-sa\u0127\u0127a tax-xorb li kienu \u0121ieg\u0127luh jixrob kienu \u0121ieg\u0127lu lis-sid &#8211; bniedem marid mentalment &#8211; biex i\u010bedi bi\u010b\u010ba minn din l-art lil Ian Borg g\u0127al farka tal-prezz reali tag\u0127ha.<\/p>\n<p style=\"font-weight: 400;\">Dakinhar li Ian Borg kien xehed f&#8217;kaw\u017ca ta&#8217; libell dwar dan il-bejg\u0127 il-qorti ddikjarat li x-xhieda tieg\u0127u &#8220;ma kinitx kredibbli&#8221;. Bis-sa\u0127\u0127a ta&#8217; dan il-fatt biss &#8211; il-qorti effettivament u ming\u0127ajr tlaqliq xlietu li hu giddieb &#8211; kien messu warrab.<\/p>\n<p style=\"font-weight: 400;\">I\u017cda meta jse\u0127\u0127u dawn l-affarijiet, hawn Malta \u0127add ma jwarrab. L-g\u0127arbiel ta&#8217; Lawrence Gonzi ilhom li rmewh mill-2013. F&#8217;Malta l-ministri jistg\u0127u jigdbu, jisirqu, jiksru l-li\u0121ijiet u jg\u0127adduha lixxa sakemm ikun hemm xi m\u0127allef mog\u0127ni b&#8217;do\u017ca qawwija ta&#8217; sens komun li jwaqqafhom. I\u017cda xorta wa\u0127da jibqg\u0127u fil-kariga u jkomplu jisirqu, jigdbu u jiksru l-li\u0121ijiet kif u meta jog\u0127\u0121obhom.<\/p>\n<p style=\"font-weight: 400;\">Fis-sena 2012 ma konniex f&#8217;xi \u0121enna tal-art perfetta. I\u017cda li kieku f&#8217;dik is-sena Ian Borg kien fil-kariga, kienet tiddabbarlu rasu bla dewmien.<\/p>\n","protected":false},"excerpt":{"rendered":"<p>Xi \u0121ranet ilu, ktibt dwar &#8220;l-g\u0127arbiel ta&#8217; Lawrence Gonzi&#8221; jien u nag\u0127mel paragun bejn il-livell ta&#8217; governanza mill-2013 &#8216;l hawn u l-livelli li konna mistennijin li nil\u0127qu qabel dik is-sena. Min\u0127abba dak li ktibt, kien hemm min \u0127a g\u0127alih u kien hemm min fakkarni li \u017cmien Gonzi kien mimli difetti u l-i\u017cbalji li kienu saru [&hellip;]<\/p>\n","protected":false},"author":1,"featured_media":114694,"comment_status":"open","ping_status":"closed","sticky":false,"template":"","format":"standard","meta":[],"categories":[54],"tags":[],"_links":{"self":[{"href":"https:\/\/manueldelia.com\/mt\/wp-json\/wp\/v2\/posts\/114697\/"}],"collection":[{"href":"https:\/\/manueldelia.com\/mt\/wp-json\/wp\/v2\/posts\/"}],"about":[{"href":"https:\/\/manueldelia.com\/mt\/wp-json\/wp\/v2\/types\/post\/"}],"author":[{"embeddable":true,"href":"https:\/\/manueldelia.com\/mt\/wp-json\/wp\/v2\/users\/1\/"}],"replies":[{"embeddable":true,"href":"https:\/\/manueldelia.com\/mt\/wp-json\/wp\/v2\/comments\/?post=114697"}],"version-history":[{"count":5,"href":"https:\/\/manueldelia.com\/mt\/wp-json\/wp\/v2\/posts\/114697\/revisions\/"}],"predecessor-version":[{"id":114703,"href":"https:\/\/manueldelia.com\/mt\/wp-json\/wp\/v2\/posts\/114697\/revisions\/114703\/"}],"wp:featuredmedia":[{"embeddable":true,"href":"https:\/\/manueldelia.com\/mt\/wp-json\/wp\/v2\/media\/114694\/"}],"wp:attachment":[{"href":"https:\/\/manueldelia.com\/mt\/wp-json\/wp\/v2\/media\/?parent=114697"}],"wp:term":[{"taxonomy":"category","embeddable":true,"href":"https:\/\/manueldelia.com\/mt\/wp-json\/wp\/v2\/categories\/?post=114697"},{"taxonomy":"post_tag","embeddable":true,"href":"https:\/\/manueldelia.com\/mt\/wp-json\/wp\/v2\/tags\/?post=114697"}],"curies":[{"name":"wp","href":"https:\/\/api.w.org\/{rel}","templated":true}]}}