{"id":120503,"date":"2024-01-17T07:55:48","date_gmt":"2024-01-17T06:55:48","guid":{"rendered":"https:\/\/manueldelia.com\/?p=120503"},"modified":"2024-01-17T19:35:57","modified_gmt":"2024-01-17T18:35:57","slug":"is-sewwa-jpinguh-bhala-hazin-u-l-hazin-ipinguh-bhala-dak-li-hu-sewwa","status":"publish","type":"post","link":"https:\/\/manueldelia.com\/mt\/2024\/01\/is-sewwa-jpinguh-bhala-hazin-u-l-hazin-ipinguh-bhala-dak-li-hu-sewwa\/","title":{"rendered":"Is-sewwa jpin\u0121uh b\u0127ala dak li hu \u0127a\u017cin. U l-\u0127a\u017cin ipin\u0121u\u0127 b\u0127ala dak li hu sewwa"},"content":{"rendered":"<p style=\"font-weight: 400;\"><img class=\"aligncenter size-full wp-image-120493\" src=\"https:\/\/manueldelia.com\/wp-content\/uploads\/2024\/01\/7acca8dca9dbca6d56d4d72104cdc5b7e020fa5c-1687873897-f15a0565-1920x1280-1.jpeg\" alt=\"\" width=\"1725\" height=\"1150\" srcset=\"https:\/\/manueldelia.com\/wp-content\/uploads\/2024\/01\/7acca8dca9dbca6d56d4d72104cdc5b7e020fa5c-1687873897-f15a0565-1920x1280-1-200x133.jpeg 200w, https:\/\/manueldelia.com\/wp-content\/uploads\/2024\/01\/7acca8dca9dbca6d56d4d72104cdc5b7e020fa5c-1687873897-f15a0565-1920x1280-1-300x200.jpeg 300w, https:\/\/manueldelia.com\/wp-content\/uploads\/2024\/01\/7acca8dca9dbca6d56d4d72104cdc5b7e020fa5c-1687873897-f15a0565-1920x1280-1-400x267.jpeg 400w, https:\/\/manueldelia.com\/wp-content\/uploads\/2024\/01\/7acca8dca9dbca6d56d4d72104cdc5b7e020fa5c-1687873897-f15a0565-1920x1280-1-600x400.jpeg 600w, https:\/\/manueldelia.com\/wp-content\/uploads\/2024\/01\/7acca8dca9dbca6d56d4d72104cdc5b7e020fa5c-1687873897-f15a0565-1920x1280-1-768x512.jpeg 768w, https:\/\/manueldelia.com\/wp-content\/uploads\/2024\/01\/7acca8dca9dbca6d56d4d72104cdc5b7e020fa5c-1687873897-f15a0565-1920x1280-1-800x533.jpeg 800w, https:\/\/manueldelia.com\/wp-content\/uploads\/2024\/01\/7acca8dca9dbca6d56d4d72104cdc5b7e020fa5c-1687873897-f15a0565-1920x1280-1.jpeg 1024w\" sizes=\"(max-width: 1725px) 100vw, 1725px\" \/><\/p>\n<p style=\"font-weight: 400;\">Il-biera\u0127 filg\u0127axija, numru \u017cg\u0127ir ta&#8217; deputati parlamentari ltaqg\u0127u mal-Ministru tal-\u0120ustizzja Jonathan Attard li qed jippilota l-li\u0121i li ser i\u0121\u0121ib kwa\u017ci fix-xejn il-pro\u010bedura tal-iffri\u017car temporanju tal-\u0121id g\u0127al dawk li jkunu mixlija b&#8217;\u0127asil ta&#8217; flejjes ma\u0127mu\u0121in. Dawn kienu qed jiddiskutu l-li\u0121i fl-istadju tal-kumitat. Ji\u0121ifieri dik il-fa\u017ci fil-pro\u010bess li fiha ji\u0121u mg\u0127arbla l-artikli kollha tal-abbozz u wara l-emendi jg\u0127addu g\u0127all-vot.<\/p>\n<p style=\"font-weight: 400;\">Bismarck darba kien stqarr li jkun jaqbel jekk in-nies ma tkunx konxja dwar kif jin\u0127admu z-zalzett u l-li\u0121ijiet. Il-biera\u0127 kont pre\u017centi fis-sala li fiha kien qed ji\u0121i diskuss l-abbozz fl-istadju tal-kumitat u \u0127assejt dak li kien anti\u010bipa Bismarck. L-abbozz fih 31 pa\u0121na. Ftit minuti qabel bdiet is-seduta, d-deputati bdew jir\u010bievu 18 il-pa\u0121na mimlijin emendi g\u0127all-abbozz. U l-ministru ppretenda li kellhom bil\u0121ri jg\u0127addu g\u0127all-vot dak il-\u0127in stess. Dawn b&#8217;dan il-mod jidde\u010biedu d-destin tal-\u0127atja u ta&#8217; dawk li huma inno\u010benti.<\/p>\n<p style=\"font-weight: 400;\">Dan kollu jien stennejtu li kien ser ise\u0127\u0127 i\u017cda ridt inkun pre\u017centi biex nara b&#8217;g\u0127ajnejja stess.<\/p>\n<p style=\"font-weight: 400;\">Immorru ftit lura fi\u017c-\u017cmien. L-iffri\u017car temporanju tal-\u0121id ji\u0121i mpost fuq dawk li jkunu mixlijin b&#8217;delitti finanzjarji. Wie\u0127ed jista&#8217; jg\u0127id li \u0121idek kollu ji\u0121i ffri\u017cat i\u017cda tit\u0127alla tag\u0127mel u\u017cu minn ftit minnu biex ikollok biex tg\u0127ix u forsi wkoll biex tkun tista&#8217; t\u0127allas l-ispejje\u017c tal-edukazzjoni tal-ulied u xi djun o\u0127ra, partikolarment jekk ma tkunx qed tg\u0127ix wa\u0127dek. M&#8217;g\u0127andniex xi ng\u0127idu, int tibqa&#8217; tkun pre\u017cunt inno\u010benti sakemm ma ji\u0121ix pruvat mod ie\u0127or. I\u017cda \u0121aladarba l-flus fa\u010bilment jistg\u0127u jin\u0127bew biex jixxejjen l-effett tal-iffri\u017car tal-\u0121id, dan l-iffri\u017car jitqies b\u0127ala mi\u017cura temporanja. Dan japplika wkoll g\u0127al dawk li jkunu mixlijin bid-delitt tat-traffikar tad-drogi.<\/p>\n<p style=\"font-weight: 400;\">Fis-sistema \u0121udizzjarja Maltija, \u0127afna drabi dak li jissejja\u0127 &#8220;temporanju&#8221; jispi\u010b\u010ba biex jie\u0127u \u017c-\u017cmien tieg\u0127u. Illum tista&#8217; ti\u0121i mixli u ji\u0121ri li jkollok tistenna&#8217; g\u0127axar snin sakemm jinqata&#8217; l-ka\u017c tieg\u0127ek mill-qorti. Dan \u010bertament m&#8217;huwiex \u0121ust u hemm sentenzi tal-qrati li dde\u010bidew li m&#8217;hemmx proporzjon fid-danni u \u0127sara li jsofru dawk li fit-teorija jitqiesu inno\u010benti i\u017cda li jkollhom \u0121idhom iffri\u017cat.<\/p>\n<p style=\"font-weight: 400;\">Minflok emenda l-li\u0121ijiet biex iqassar i\u017c-\u017cmien li fih g\u0127andha ting\u0127ata sentenza, l-gvern g\u0127a\u017cel li jdg\u0127ajjef is-sa\u0127\u0127a u l-effettivit\u00e0 tal-iffri\u017car temporanju tal-\u0121id sal-punt li dan mhux ser jibqa&#8217; ta&#8217; xkiel g\u0127all-mixli.<\/p>\n<p style=\"font-weight: 400;\">Din il-li\u0121i m&#8217;humiex ser ig\u0127adduha g\u0127al min hu pre\u017cunt inno\u010benti u li jkun \u0121ie ffri\u017cat il-\u0121id tieg\u0127u sakemm ji\u0121i mg\u0127oddi \u0121uri. Dawk li jkunu mixlija bi traffikar ta&#8217; drogi ser jibqg\u0127u b&#8217;\u0121idhom iffri\u017cat.<\/p>\n<p style=\"font-weight: 400;\">Nikkunsidraw xi ftit kuntest lil hinn mill-Parlament. Je\u017cistu provi kredibbli u li g\u0127al xi \u017cmien ilhom mag\u0127rufin pubblikament li jindikaw li Joseph Muscat x&#8217;aktarx ser ikollu jiffa\u010b\u010bja akku\u017ci ta&#8217; tix\u0127im u ta&#8217; \u0127asil ta&#8217; flus b&#8217;rabta mal-privatizzazzjoni ta&#8217; tliet sptarijiet fi\u017c-\u017cmien meta kien prim ministru u anki fi\u017c-\u017cmien ta&#8217; wara li warrab mill-kariga.<\/p>\n<p style=\"font-weight: 400;\">Bil-li\u0121i kif inhi llum, il-\u0121id tieg\u0127u ikollu ji\u0121i ffri\u017cat sakemm jinqata&#8217; finalment il-ka\u017c tieg\u0127u fuq medda ta&#8217; numru ta&#8217; snin.<\/p>\n<p style=\"font-weight: 400;\">Ilna ng\u0127idu li l-motivazzjoni vera tal-gvern wara dawn l-emendi fil-li\u0121i hi biss biex ikun jista&#8217; jinqeda&#8217; Joseph Muscat.<\/p>\n<p style=\"font-weight: 400;\">Il-biera\u0127 l-oppo\u017cizzjoni permezz ta&#8217; Karol Aquilina sfidat lill-ministru, i\u017cda kien hemm ukoll membri o\u0127ra tal-oppo\u017cizzjoni b\u0127al Joe Giglio, Darren Carabott u Adrian Delia li, huma u jopponu l-manuvra tal-gvern, tkellmu tajjeb u b&#8217;mod tassew elokwenti.<\/p>\n<p style=\"font-weight: 400;\">Karol Aquilina ppre\u017centa emenda sabiex il-li\u0121i l-\u0121dida ma tkunx tapplika g\u0127al ka\u017cijiet ta&#8217; korruzzjoni. Ji\u0121ifieri min ikun mixli b&#8217;atti ta&#8217; korruzzjoni g\u0127andha tibqa&#8217; tapplika g\u0127alih il-pro\u010bedura tal-iffri\u017car temporanju tal-\u0121id.<\/p>\n<p style=\"font-weight: 400;\">Dan kollu \u0121ie spjegat lill-Ministru minn Joe Giglio. Lill-Ministru qallu li jekk huwa (ji\u0121ifieri l-Ministru) jidhirlu li l-akku\u017ca ta&#8217; traffikar tad-droga tant hi wa\u0127da ta&#8217; serjet\u00e0 kbira li timmerita l-impo\u017cizzjoni tal-iffri\u017car temporanju tal-\u0121id (\u0127a\u0121a li l-oppo\u017cizzjoni taqbel mag\u0127ha), din il-mi\u017cura g\u0127aliex m&#8217;g\u0127andhiex tapplika wkoll g\u0127all-akku\u017ca ta&#8217; korruzzjoni biex b&#8217;hekk jing\u0127ata sinjal li l-korruzzjoni m&#8217;hix tollerata? Giglio fakkar lid-deputati tal-gvern li huma kienu ntrodu\u010bew li\u0121i li bis-sa\u0127\u0127a tag\u0127ha tne\u0127\u0127iet il-preskrizzjoni fuq akku\u017ci ta&#8217; korruzzjoni mwettqa minn politi\u010bi. G\u0127aldaqstant, staqsa Giglio, l-iffri\u017car temporanju tal-\u0121id il-g\u0127ala m&#8217;g\u0127andux japplika wkoll f&#8217;ka\u017cijiet b\u0127al dawn?<\/p>\n<p style=\"font-weight: 400;\">\u0126add ma skanta hekk kif il-membri tal-gvern ilkoll ivvutaw kontra l-emenda tal-oppo\u017cizzjoni. Madankollu xtaqt nara b&#8217;g\u0127ajnejja u nisma&#8217; b&#8217;widnejja xi sku\u017ca kien ser i\u0121ib Jonathan Attard. Ma stajtx nimma\u0121ina xi sku\u017ci kont in\u0121ib li kieku kont liebes i\u017c-\u017carbun tieg\u0127u. U hekk kif smajt bl-isku\u017ca li \u0121ab, stajt nifhem a\u0127jar.<\/p>\n<p style=\"font-weight: 400;\">Dan stqarr li d-delitt ta&#8217; traffikar tad-droga huwa wie\u0127ed ta&#8217; min jistmerru u li, f&#8217;\u010berti ka\u017cijiet, i\u0121orr mieg\u0127u il-piena ta&#8217; \u0127abs. Skont il-Ministru dan id-delitt i\u0127alli warajh il-vittmi.<\/p>\n<p style=\"font-weight: 400;\">Hekk hu.<\/p>\n<p style=\"font-weight: 400;\">I\u017cda l-implikazzjonijiet ta&#8217; stqarrija b\u0127al din huma koroh immens. Jonathan Attard jidhirlu li mal-korruzzjoni m&#8217;hemmx g\u0127alfejn inkunu iebsin g\u0127aliex, skont hu, din ma t\u0127allix vittmi warajha. U b&#8217;dan il-mod ser jipproponu li ji\u0121\u0121ustifikaw li Joseph Muscat (u l-kompli\u010bi tieg\u0127u) ig\u0127adduha lixxa. Spe\u010bi ta&#8217; d-delitti li wettqu ma we\u0121\u0121g\u0127u lil \u0127add u g\u0127aldaqstant m&#8217;g\u0127andhomx i\u0127allsu ta&#8217; g\u0127emilhom.<\/p>\n<p style=\"font-weight: 400;\">Nesa&#8217; l-Ministru &#8211; jew g\u0127amel tabirru\u0127u li nesa&#8217; &#8211; li l-korruzzjoni \u0127alliet vittma li kienet i\u0121\u0121ib l-isem &#8220;Daphne Caruana Galizia&#8221;. Il-Ministru jmissu jaf li min g\u0127al darb&#8217;o\u0127ra jinjora l-konklu\u017cjonijiet tal-Im\u0127allfin tal-inkjesta fis-sens li Daphne nqatlet sforz l-impunit\u00e0 ta&#8217; gvern li ried ig\u0127addiha lixxa minkejja l-korruzzjoni, ikun qed ikompli jsa\u0127\u0127a\u0127 din l-impunit\u00e0.<\/p>\n<p style=\"font-weight: 400;\">Dan kollu jmur lil hinn minn normalizzazzjoni tal-korruzzjoni. Dawn issa mhux biss qed jinjoraw il-li\u0121ijiet. Qed jeliminawhom totalment. Issa mhux biss qed jonqsu li jie\u0127du azzjoni fil-\u0121lieda kontra l-korruzzjoni, i\u017cda qed i\u017carmaw lill-istat innifsu.<\/p>\n<p style=\"font-weight: 400;\">Din il-\u0121img\u0127a Robert Abela stqarr li Rosianne Cutajar u Justyne Caruana kienu \u0121ew kastigati bi\u017c\u017cejjed u li issa je\u0127tie\u0121 li jer\u0121g\u0127u ikunu attivi fil-politika. Fi kliem ie\u0127or, g\u0127al Robert Abela l-abbu\u017c tas-setg\u0127a, b\u0127al meta deputata parlamentari tiffroda\u00a0 u tisraq lill-kaxxa ta&#8217; Malta bis-sa\u0127\u0127a ta&#8217; mpjieg fanta\u017cma, g\u0127andu jin\u0127afer. U jekk ministru tabbu\u017ca mis-setg\u0127a billi tiffroda u tisraq lill-kaxxa ta&#8217; Malta bis-sa\u0127\u0127a ta&#8217; impjieg fanta\u017cma li tkun tat lil \u0121binha, tista&#8217; tin\u0127afer ukoll. Fi kliem ie\u0127or, kull min jabbu\u017ca mill-poter u jiffroda u jisraq flejjes mill-kaxxa ta&#8217; Malta jkun jista&#8217; jer\u0121a&#8217; lura g\u0127all-\u0127ajja pubblika qisu mhux hu.<\/p>\n<p style=\"font-weight: 400;\">M&#8217;hemmx dubju li Robert Abela jinsab b&#8217;dahru mal-\u0127ajt u kellu jirrikorri g\u0127al dawn il-persuni \u0121aladarba li ser ikollu jiddefendi lil Joseph Muscat. Jekk ser ig\u0127id li g\u0127emil Joseph Muscat kien wie\u0127ed sku\u017cabbli &#8211; u sa\u0127ansitra \u0121ustifikat &#8211; Robert Abela ma jistax jibqa&#8217; jnaffar dawk il-politi\u010bi li hu kien warrab min\u0127abba g\u0127emil inqas serju.<\/p>\n<p style=\"font-weight: 400;\">Tg\u0127id dan ifisser ukoll li ser isejja\u0127 lura lil Chris Cardona u lil Konrad Mizzi biex ikun jista&#8217; jaqdi lil Joseph Muscat u jipprova jiskansalu l-\u0127abs?<\/p>\n<p style=\"font-weight: 400;\">Jonathan Attard staqsa dwar jekk kull min jinsteraq minn politi\u010bi korrotti g\u0127andux jitqies b&#8217;vittma. U jekk Joseph Muscat seraqna lkoll, dan g\u0127andu jag\u0127tina d-dritt li ne\u017ci\u0121u li g\u0127andu jiffa\u010b\u010bja l-\u0121ustizzja? staqsa l-Ministru.<\/p>\n<p style=\"font-weight: 400;\">Is-sewwa jpin\u0121uh b\u0127ala dak li hu \u0127a\u017cin. U l-\u0127a\u017cin ipin\u0121u\u0127 b\u0127ala dak li hu sewwa.<\/p>\n","protected":false},"excerpt":{"rendered":"<p>Il-biera\u0127 filg\u0127axija, numru \u017cg\u0127ir ta&#8217; deputati parlamentari ltaqg\u0127u mal-Ministru tal-\u0120ustizzja Jonathan Attard li qed jippilota l-li\u0121i li ser i\u0121\u0121ib kwa\u017ci fix-xejn il-pro\u010bedura tal-iffri\u017car temporanju tal-\u0121id g\u0127al dawk li jkunu mixlija b&#8217;\u0127asil ta&#8217; flejjes ma\u0127mu\u0121in. Dawn kienu qed jiddiskutu l-li\u0121i fl-istadju tal-kumitat. Ji\u0121ifieri dik il-fa\u017ci fil-pro\u010bess li fiha ji\u0121u mg\u0127arbla l-artikli kollha tal-abbozz u wara l-emendi [&hellip;]<\/p>\n","protected":false},"author":1,"featured_media":120494,"comment_status":"open","ping_status":"closed","sticky":false,"template":"","format":"standard","meta":[],"categories":[54],"tags":[],"_links":{"self":[{"href":"https:\/\/manueldelia.com\/mt\/wp-json\/wp\/v2\/posts\/120503\/"}],"collection":[{"href":"https:\/\/manueldelia.com\/mt\/wp-json\/wp\/v2\/posts\/"}],"about":[{"href":"https:\/\/manueldelia.com\/mt\/wp-json\/wp\/v2\/types\/post\/"}],"author":[{"embeddable":true,"href":"https:\/\/manueldelia.com\/mt\/wp-json\/wp\/v2\/users\/1\/"}],"replies":[{"embeddable":true,"href":"https:\/\/manueldelia.com\/mt\/wp-json\/wp\/v2\/comments\/?post=120503"}],"version-history":[{"count":5,"href":"https:\/\/manueldelia.com\/mt\/wp-json\/wp\/v2\/posts\/120503\/revisions\/"}],"predecessor-version":[{"id":120523,"href":"https:\/\/manueldelia.com\/mt\/wp-json\/wp\/v2\/posts\/120503\/revisions\/120523\/"}],"wp:featuredmedia":[{"embeddable":true,"href":"https:\/\/manueldelia.com\/mt\/wp-json\/wp\/v2\/media\/120494\/"}],"wp:attachment":[{"href":"https:\/\/manueldelia.com\/mt\/wp-json\/wp\/v2\/media\/?parent=120503"}],"wp:term":[{"taxonomy":"category","embeddable":true,"href":"https:\/\/manueldelia.com\/mt\/wp-json\/wp\/v2\/categories\/?post=120503"},{"taxonomy":"post_tag","embeddable":true,"href":"https:\/\/manueldelia.com\/mt\/wp-json\/wp\/v2\/tags\/?post=120503"}],"curies":[{"name":"wp","href":"https:\/\/api.w.org\/{rel}","templated":true}]}}