{"id":25662,"date":"2018-10-19T10:34:40","date_gmt":"2018-10-19T08:34:40","guid":{"rendered":"https:\/\/manueldelia.com\/?p=25662"},"modified":"2018-10-23T17:18:06","modified_gmt":"2018-10-23T15:18:06","slug":"il-kuragg-tal-kap-tal-oppozizzjoni","status":"publish","type":"post","link":"https:\/\/manueldelia.com\/mt\/2018\/10\/il-kuragg-tal-kap-tal-oppozizzjoni\/","title":{"rendered":"Il-kura\u0121\u0121 tal-Kap tal-Oppo\u017cizzjoni"},"content":{"rendered":"<p>Ag\u0127tu daqqa t&#8217;g\u0127ajn lejn l-editorjal ta&#8217; <em>The Malta Independent<\/em> tal-lum.<span class=\"Apple-converted-space\">\u00a0<\/span><\/p>\n<p><img class=\"aligncenter size-full wp-image-25013\" src=\"https:\/\/manueldelia.com\/wp-content\/uploads\/2018\/10\/WhatsApp-Image-2018-10-19-at-07.49.10.jpeg\" alt=\"\" width=\"1600\" height=\"1158\" srcset=\"https:\/\/manueldelia.com\/wp-content\/uploads\/2018\/10\/WhatsApp-Image-2018-10-19-at-07.49.10-300x217.jpeg 300w, https:\/\/manueldelia.com\/wp-content\/uploads\/2018\/10\/WhatsApp-Image-2018-10-19-at-07.49.10-373x270.jpeg 373w, https:\/\/manueldelia.com\/wp-content\/uploads\/2018\/10\/WhatsApp-Image-2018-10-19-at-07.49.10-768x556.jpeg 768w, https:\/\/manueldelia.com\/wp-content\/uploads\/2018\/10\/WhatsApp-Image-2018-10-19-at-07.49.10.jpeg 1024w\" sizes=\"(max-width: 1600px) 100vw, 1600px\" \/><\/p>\n<p>Il-kontenut tieg\u0127u donnu jixba\u0127 \u0127afna l-linja ta&#8217; \u0127sieb li te\u017cisti b\u0127alissa fid-Dar \u010aentrali. M&#8217;g\u0127andniex xi ng\u0127idu, kull \u0121urnal g\u0127andu d-dritt li jag\u0127\u017cel il-linja editorjali tieg\u0127u u din tista&#8217; taqbel jew ma taqbilx mal-fehma ta&#8217; editorjali o\u0127rajn. Madankollu, g\u0127alkemm il-\u0121urnal ilmenta dwar xi rimarki li saru dwar storja li xandar il-\u0126add li g\u0127adda, je\u0127tie\u0121 li ja\u010b\u010betta li l-linja li jkun g\u0127a\u017cel hi wkoll so\u0121\u0121etta g\u0127all-kritika.<\/p>\n<p>L-argument li n\u0121ieb ta&#8217; &#8220;Simon kontra Adrian&#8221; jekk xejn, juri li l-kbarat tad-Dar \u010aentrali g\u0127adhom sal-lum fi stat ta&#8217; assedju. Din m&#8217;hix xi mentalit\u00e0 li bdiet issa. Bdiet dakinhar stess li Adrian Delia \u0127a r-riedni tal-PN. Huwa \u010bar li kemm hu kif ukoll dawk ta&#8217; madwaru qatt ma fehmu li l-interlokutur tag\u0127hom huwa Joseph Muscat u mhux Simon Busuttil u li huwa Muscat li je\u0127tie\u0121 li jing\u0127eleb. Nies b\u0127al dawn, g\u0127aliex qed i\u0127ossu li se jfallu fil-mira tag\u0127hom u dan m&#8217;humiex lesti li dan jammettuh, qed jaraw kif jag\u0127mlu biex ifittxu xi &#8220;reb\u0127a&#8221; band&#8217;o\u0127ra.<\/p>\n<p>Ma nistax nifhem kif ir-rimarki li g\u0127amlu fil-Parlament Simon Busuttil u Jason Azzopardi setg\u0127u qatt g\u0127amlu l-\u0127sara lil Adrian Delia. Jason Azzopardi \u0121ie mwissi minn An\u0121lu Farrugia talli g\u0127amel <em>tweet<\/em> li \u0121ieg\u0127let lil Chris Cardona jie\u0127u g\u0127alih. Fejn jid\u0127ol f&#8217;dan kollu Adrian Delia? Simon Busuttil wkoll \u0121ie mwissi minn An\u0121lu Farrugia g\u0127aliex u\u017ca kliem iebes fil-konfront ta&#8217; Joseph Muscat. Fejn jid\u0127ol f&#8217;dan kollu Adrian Delia?<\/p>\n<p>Madankollu hija t-tieni parti tal-editorjal li tikxef il-vavati u l-mentalit\u00e0 infantili ta&#8217; dawk fil-PN li jippretenduha ta&#8217; strate\u0121isti.<\/p>\n<p><em>The Malta Independent<\/em> irrapporta b&#8217;\u010bertu g\u0127ag\u0127a l-fatt li madwar 7 sighat qabel bdiet il-protesta ta&#8217; nhar it-Tlieta, Adrian Delia qieg\u0127ed kuruna b&#8217;strixxun mwa\u0127\u0127al fuqha bil-kliem \u201cIl-Kap tal-Oppo\u017cizzjoni\u201d mas-sit tal-protesta.<\/p>\n<p>L-editorjal lil dan il-\u0121est ipin\u0121ih b\u0127ala xi att erojku. \u201cBiex g\u0127amel dan il-pass, wera&#8217; li kellu l-kura\u0121\u0121\u201d. G\u0127aliex? In-niex ilhom \u017cmien twil iqirg\u0127du l-fjuri f&#8217;dan il-post u ilhom sena jisfidaw lill-gvern u l-bulijiet g\u0127al sena s\u0127i\u0127a. X&#8217;kien hemm daqshekk &#8220;kura\u0121\u0121ju\u017c&#8221; fil-\u0121est li g\u0127amel Adrian Delia din il-\u0121img\u0127a? Forsi l-editur fil-fatt ried jg\u0127id li Adrian Delia wera&#8217; \u010berta tusta\u0121ni?<\/p>\n<p>Wara li jittimbrah b\u0127ala &#8220;eroj&#8221;, l-editur imbag\u0127ad ig\u0127addi biex iqisu b\u0127ala &#8220;vittma&#8221;. Kiteb l-editur: \u201c\u0127afna mis-&#8220;segwa\u010bi ta&#8217; Daphne&#8221; ma jridu\u0127x hemm. U hemm bosta fosthom li g\u0127adhom jirreferu g\u0127alih bil-laqam kattiv li kienet laqqmitu l-\u0121urnalista qabel l-assassinju tag\u0127ha&#8221;.<\/p>\n<p>Issa jien ma nafx e\u017catt g\u0127al liema laqam qed jirreferi l-editur. Imma dan possibbli m&#8217;hux jinduna li g\u0127al darb&#8217;o\u0127ra qieg\u0127ed jippre\u017centa politiku li kien \u0121ie kritikat b\u0127allikieku hu xi vittma u lill-\u0121urnalista li kkritikatu qed titpin\u0121a b\u0127allikieku kienet l-aggressur?\u00a0 Skond l-editur, il-laqam li dendlitlu kien wie\u0127ed &#8220;kattiv&#8221;? Mela l-karrozza-bomba x&#8217;kienet?<\/p>\n<p>Forsi l-kollega ta&#8217; Daphne stess &#8211; niftakru li hi kienet kittieba regolari fil-\u0121urnal tieg\u0127u &#8211; jmissu jaqra dak li <a href=\"https:\/\/www.timesofmalta.com\/articles\/view\/20181018\/opinion\/the-shape-of-water-ranier-fsadni.691876\" target=\"_blank\" rel=\"noopener\">kiteb Ranier Fsadni l-biera\u0127<\/a>. Dwar kif, permezz tal-attakki \u0127orox tieg\u0127u fuq Daphne Caruana Galizia, Adrian Delia kien ta daqqa t&#8217;id lill-qattiela tag\u0127ha. Tahom daqqa t&#8217;id billi kompla ji\u017colaha. Billi ta l-barka tieg\u0127u lill-kampanja tal-Labour biex titpin\u0121a b\u0127ala &#8220;sa\u0127\u0127ara&#8221;. Billi mexxa kontriha numru kbir ta&#8217; <em>trolls<\/em> segwa\u010bi tieg\u0127u. Billi fil-qorti ppre\u017centa kontriha numru ta&#8217; libelli vessatorji biex ji\u017cdiedu ma&#8217; dawk li di\u0121\u00e0 kellha ma&#8217; wi\u010b\u010bha. Billi g\u0127amel minn kollox biex ji\u017cloq &#8211; permezz ta&#8217; kliem iebes &#8211; milli jwie\u0121eb mistoqsijiet pertinenti li kienet g\u0127amlitlu. B&#8217;dan kollu, Adrian Delia ta s-sehem tieg\u0127u g\u0127all-\u0127olqien ta&#8217; ambjent li wassal g\u0127all-qtil tag\u0127ha.<\/p>\n<p>Ranier Fsadni fakkarna li l-mexxejja ta&#8217; qabel Adrian Delia, b&#8217;mod partikolari Lawrence Gonzi, ta&#8217; sikwit kienu ji\u0121u sfidati mil-Laburisti biex \u201cjikkundannaw\u201d lil Daphne Caruana Galizia meta l- po\u017cizzjonijiet li kienet tie\u0127u kienu tali li kundanna b\u0127al din setg\u0127et tkun ta&#8217; \u0121id politiku g\u0127all-partit. I\u017cda dawn il-mexxejja, partikolarment Lawrence Gonzi, kienu jifhmu sew il-\u0127sara demokratika li ssir meta, a spejje\u017c ta&#8217; \u0121urnalista, wie\u0127ed jipprova jintog\u0127\u0121ob mal-udjenza li jkollu quddiemu.<span class=\"Apple-converted-space\">\u00a0<\/span><\/p>\n<p>I\u017cda Adrian Delia dan ma fehmux u kien mo\u0127\u0127u biss fil-mera li kellu quddiemu. Dan baqa&#8217; ma fehmux meta, hu u jinsaq lejn id-Dar \u010aentrali wara li kien sema&#8217; bl-assassinju ta&#8217; Daphne, qal pubblikament li kien \u0127assu \u0127a\u017cin u qabbad lil \u0127atnu jaralu l-polz. Lanqas ma jidher li fehmu meta f&#8217;sena s\u0127i\u0127a, minflok ra kif g\u0127amel biex jindem, qag\u0127ad jistenna biex ming\u0127alih in-nies ifarfru mir-responsabbilt\u00e0 u jmut kollox fuq ommu.<\/p>\n<p><img class=\"aligncenter size-full wp-image-25015\" src=\"https:\/\/manueldelia.com\/wp-content\/uploads\/2018\/10\/WhatsApp-Image-2018-10-16-at-12.16.45.jpeg\" alt=\"\" width=\"900\" height=\"1600\" srcset=\"https:\/\/manueldelia.com\/wp-content\/uploads\/2018\/10\/WhatsApp-Image-2018-10-16-at-12.16.45-152x270.jpeg 152w, https:\/\/manueldelia.com\/wp-content\/uploads\/2018\/10\/WhatsApp-Image-2018-10-16-at-12.16.45-169x300.jpeg 169w, https:\/\/manueldelia.com\/wp-content\/uploads\/2018\/10\/WhatsApp-Image-2018-10-16-at-12.16.45.jpeg 576w, https:\/\/manueldelia.com\/wp-content\/uploads\/2018\/10\/WhatsApp-Image-2018-10-16-at-12.16.45-768x1365.jpeg 768w\" sizes=\"(max-width: 900px) 100vw, 900px\" \/><\/p>\n<p>Ma nistax neskludi li l-\u0121est li Adrian Delia g\u0127amel nhar it-Tlieta kellu skop \u0121enwin u ta&#8217; turija ta&#8217; ndiema. Madankollu g\u0127andi nifhem li ftit kienu dawk li mpressjonaw ru\u0127\u0127om b&#8217;dan il-\u0121est tieg\u0127u.<\/p>\n<p>Wara li qag\u0127ad jistenna g\u0127al sena s\u0127i\u0127a bit-tama li, mal-medda ta\u017c-\u017cmien, l-attivitajiet tas-so\u010bjet\u00e0 \u010bivili ji\u017cvintaw u b&#8217;hekk hu jkun f&#8217;po\u017cizzjoni li &#8220;jiret&#8221; il-folol li dawn kienu kapa\u010bi ji\u0121bru, mid-dehra issa bidel l-istrate\u0121ija hekk kif inteba\u0127 li t-tama tieg\u0127u saritlu suf. Wara li ilhom sena jag\u0127mlu pressjoni fuq il-membri parlamentari tal-PN biex i\u017commu &#8216;l bog\u0127od mill-attivitajiet tas-so\u010bjet\u00e0 \u010bivili, issa l-istrate\u0121ija qed tinbidel.<\/p>\n<p>Il-kbarat tad-Dar \u010aentrali nteb\u0127u li l-folla tinsab miexja bi \u0127\u0121arha fi Triq ir-Repubblika u li llum qabel g\u0127ada je\u0127tie\u0121 li jfittxu jimxu quddiemha.<\/p>\n<p>Jien m&#8217;g\u0127andi ebda g\u0127ali. U nista&#8217; nserra\u0127 ras l-editur ta&#8217; <em>The Malta Independent<\/em> li l-attivisti s\u0127abi jinsabu bejn \u0127alltejn dwar dan kollu. G\u0127al sena s\u0127i\u0127a, \u0127dimna qatig\u0127 minkejja l-fatt li \u0121ejna injorati &#8211; jekk mhux ukoll insultati &#8211; mit-tmexxija tal-PN u l-mezzi tax-xandir tieg\u0127u. Dan it-tibdil fl-istrate\u0121ija lilna mhux se jag\u0127mlilna l-i\u010bken differenza.<\/p>\n<p>Lill-editur nista&#8217; wkoll inserra\u0127lu rasu li, tul l-attivitajiet li saru nhar it-Tlieta, il-kuruna li tqieg\u0127det b&#8217;isem il-Kap tal-Oppo\u017cizzjoni ma \u0127alliet ebda effett mal-attivisti. Dak li jidhirlu li g\u0127andu jag\u0127mel il-Kap tal-Oppo\u017cizzjoni huwa affarih: m&#8217;a\u0127niex sidien il-mafkar u m&#8217;hix bi\u010b\u010ba tag\u0127na x&#8217;jitqieg\u0127ed jew ma jitqieg\u0127edx biswitu.<\/p>\n<p>I\u017cda, e\u017catt b\u0127all-prede\u010bessuri ta&#8217; Adrian Delia, m&#8217;a\u0127niex lesti li naqg\u0127u fin-nasba li jag\u0127mlulna biex &#8220;nikkundannaw&#8221;. Wie\u0127ed g\u0127andu jittama li \u0127alla lill-kuxjenza tieg\u0127u tmexxih u kuxjenztu hi affari tieg\u0127u u ta&#8217; \u0127add aktar. U l-kuxjenza ta&#8217; min ne\u0127\u0127a l-istrixxun, wara li a\u0127na konna l\u0127aqna tlaqna g\u0127al \u0127abta tal-10 ta&#8217; bil-lejl, hi affari tieg\u0127u ukoll.<\/p>\n<p><em>The Malta Independent<\/em> kitbet li Adrian \u201cDelia g\u0127andu triq g\u0127at-telg\u0127a fl-attentat tieg\u0127u li jaqla&#8217; lill-partit li qed imexxi mill-\u0127ofra li waqa&#8217; fiha. I\u017cda tant g\u0127andu g\u0127edewwa fi \u0127dan il-partit tieg\u0127u stess li se jkollu b\u017conn miraklu\u201d.<\/p>\n<p>Na\u0127seb li kien di\u0121\u00e0 nteba\u0127 b&#8217;dan sa minn sena ilu. Ninsab \u010bert li nteba\u0127 li mhux ser ikun possibbli g\u0127alih li jkompli jmexxi lill-partit \u0121aladarba qed ikollu j\u0121orr sehemu tar-responsabbilt\u00e0 g\u0127all-\u0127olqien ta&#8217; ambjent politiku li wassal g\u0127all-qtil ta&#8217; \u0121urnalista u \u0121aladarba lill-gvern tah alibi politiku g\u0127all-assassinju.<\/p>\n<p>Illum &#8211; wara sena s\u0127i\u0127a &#8211; Adrian Delia g\u0127adu qed jistenna li jsir miraklu: kemm g\u0127ax m&#8217;g\u0127andux toroq o\u0127ra jew &#8211; kuntrarjament g\u0127all-pariri \u0127\u017ciena li tawh ta&#8217; madwaru &#8211; g\u0127ax \u0127aseb li kollox kien se jintnesa u ji\u017cvinta.<\/p>\n<p>Minflok qag\u0127ad jistenna g\u0127al sena s\u0127i\u0127a, Adrian Delia kien messu a\u0121ixxa. Ma messux baqa&#8217; sieket u newtrali biex b&#8217;hekk deher li qabel ma&#8217; dak li kien qed jag\u0127mel il-gvern. U, wara kollox, je\u0127tie\u0121 li jkollok &#8220;kura\u0121\u0121&#8221; erojku u spe\u010bjali biex sempli\u010bement tqieg\u0127ed fjuri ma&#8217; mafkar li jinsab \u010bensurat ripetutament mill-gvern?<\/p>\n<p><em>The Malta Independent<\/em> imissha tistaqsi lil Adrian Delia jekk ja\u0127sibx li n-nuqqas tieg\u0127u li \u201cjikkundanna\u201d lill-gvern talli matul il-lejl li g\u0127adda warrab il-kuruna li nhar it-Tlieta huwa kien qieg\u0127ed mal-mafkar hix il-mod li permezz tieg\u0127u lill-gvern ig\u0127idlu li dan huwa e\u017catt dak li xtaq li jse\u0127\u0127. Daqs kemm ukoll kien nuqqas kbir minn na\u0127a tieg\u0127u meta naqas li jikkundanna lill-gvern f&#8217;kull wa\u0127da mit-30 darba li twarrbu l-fjuri u x-xemg\u0127at minn mal-mafkar.<\/p>\n<p>Fejn hu mela dan il-&#8220;kura\u0121\u0121&#8221; kollu li qalu li g\u0127andu?<\/p>\n","protected":false},"excerpt":{"rendered":"<p>Ag\u0127tu daqqa t&#8217;g\u0127ajn lejn l-editorjal ta&#8217; The Malta Independent tal-lum.\u00a0 Il-kontenut tieg\u0127u donnu jixba\u0127 \u0127afna l-linja ta&#8217; \u0127sieb li te\u017cisti b\u0127alissa fid-Dar \u010aentrali. M&#8217;g\u0127andniex xi ng\u0127idu, kull \u0121urnal g\u0127andu d-dritt li jag\u0127\u017cel il-linja editorjali tieg\u0127u u din tista&#8217; taqbel jew ma taqbilx mal-fehma ta&#8217; editorjali o\u0127rajn. Madankollu, g\u0127alkemm il-\u0121urnal ilmenta dwar xi rimarki li saru [&hellip;]<\/p>\n","protected":false},"author":1,"featured_media":25015,"comment_status":"open","ping_status":"open","sticky":false,"template":"","format":"standard","meta":[],"categories":[54],"tags":[],"_links":{"self":[{"href":"https:\/\/manueldelia.com\/mt\/wp-json\/wp\/v2\/posts\/25662\/"}],"collection":[{"href":"https:\/\/manueldelia.com\/mt\/wp-json\/wp\/v2\/posts\/"}],"about":[{"href":"https:\/\/manueldelia.com\/mt\/wp-json\/wp\/v2\/types\/post\/"}],"author":[{"embeddable":true,"href":"https:\/\/manueldelia.com\/mt\/wp-json\/wp\/v2\/users\/1\/"}],"replies":[{"embeddable":true,"href":"https:\/\/manueldelia.com\/mt\/wp-json\/wp\/v2\/comments\/?post=25662"}],"version-history":[{"count":5,"href":"https:\/\/manueldelia.com\/mt\/wp-json\/wp\/v2\/posts\/25662\/revisions\/"}],"predecessor-version":[{"id":29227,"href":"https:\/\/manueldelia.com\/mt\/wp-json\/wp\/v2\/posts\/25662\/revisions\/29227\/"}],"wp:featuredmedia":[{"embeddable":true,"href":"https:\/\/manueldelia.com\/mt\/wp-json\/wp\/v2\/media\/25015\/"}],"wp:attachment":[{"href":"https:\/\/manueldelia.com\/mt\/wp-json\/wp\/v2\/media\/?parent=25662"}],"wp:term":[{"taxonomy":"category","embeddable":true,"href":"https:\/\/manueldelia.com\/mt\/wp-json\/wp\/v2\/categories\/?post=25662"},{"taxonomy":"post_tag","embeddable":true,"href":"https:\/\/manueldelia.com\/mt\/wp-json\/wp\/v2\/tags\/?post=25662"}],"curies":[{"name":"wp","href":"https:\/\/api.w.org\/{rel}","templated":true}]}}