{"id":25912,"date":"2018-10-19T12:00:29","date_gmt":"2018-10-19T10:00:29","guid":{"rendered":"https:\/\/manueldelia.com\/?p=25912"},"modified":"2018-10-23T17:21:11","modified_gmt":"2018-10-23T15:21:11","slug":"finalizzati-r-rakkomandazzjonijiet-tal-ngos-internazzjonali-dwar-il-liberta-tal-kelma","status":"publish","type":"post","link":"https:\/\/manueldelia.com\/mt\/2018\/10\/finalizzati-r-rakkomandazzjonijiet-tal-ngos-internazzjonali-dwar-il-liberta-tal-kelma\/","title":{"rendered":"Finalizzati r-rakkomandazzjonijiet tal-NGO&#8217;s internazzjonali dwar il-libert\u00e0 tal-kelma"},"content":{"rendered":"<p>Illum l-<em>International Press Institute<\/em>, <em>PEN International<\/em>, <em>Reporters Without Borders<\/em>, il-<em>Committee to Protect<\/em> <em>Journalists<\/em>, il-<em>European Centre for Press and Media Freedom<\/em> u l-<em>European Federation of Journalists<\/em> re\u0121g\u0127u tennew il-talba tag\u0127hom sabiex issir inkjesta pubblika dwar jekk l-assassinju ta&#8217; Daphne Caruana Galizia setax \u0121ie evitat.<\/p>\n<p>Huma talbu lill-gvern jiggarantixxi g\u0127all-istampa internazzjonali a\u010b\u010bess s\u0127i\u0127 u regolari u intervisti wara li nstab li l-gvern ta&#8217; Malta g\u0127alaq il-bibien tieg\u0127u g\u0127al kull mistoqsija le\u0121ittima minn \u0121urnalisti indipendenti. L-organizzazzjoni rrakkomandat li jsiru emendi g\u0127al-li\u0121ijiet sabiex il-familji ta&#8217; \u0121urnalisti mejtin ma jirtux ir-responsabbilt\u00e0 ta&#8217; kaw\u017ci ta&#8217; diffamazzjoni, sabiex uffi\u010bjali pubbli\u010bi jkunu aktar kontabbli permezz ta&#8217; livell aktar g\u0127oli ta&#8217; skrutinju u biex ma jintu\u017cawx il-qrati biex ji\u0121u kastigati l-\u0121urnalisti.<\/p>\n<p>L-organizzazzjonijiet wkoll g\u0127amlu sej\u0127a lill-gvern biex jirrispetta l-mafkar ta&#8217; protesta quddiem il-bini tal-Qorti. Minkejja dawn ir-rakkomandazzjonijiet, il-gvern injorahom g\u0127al darb&#8217;o\u0127ra u warrab l-istrixxun, il-fjuri u x-xemg\u0127at u qed jirrifjuta li jirritornahom lill-protestanti.<\/p>\n<p>Aqraw hawn ta\u0127t ir-rapport finali tal-NGOs.<\/p>\n<p><img class=\"aligncenter size-full wp-image-25448\" src=\"https:\/\/manueldelia.com\/wp-content\/uploads\/2018\/10\/Malta-mission-statement-of-findings-page-001.jpg\" alt=\"\" width=\"1275\" height=\"1650\" srcset=\"https:\/\/manueldelia.com\/wp-content\/uploads\/2018\/10\/Malta-mission-statement-of-findings-page-001-209x270.jpg 209w, https:\/\/manueldelia.com\/wp-content\/uploads\/2018\/10\/Malta-mission-statement-of-findings-page-001-232x300.jpg 232w, https:\/\/manueldelia.com\/wp-content\/uploads\/2018\/10\/Malta-mission-statement-of-findings-page-001-768x994.jpg 768w, https:\/\/manueldelia.com\/wp-content\/uploads\/2018\/10\/Malta-mission-statement-of-findings-page-001.jpg 791w\" sizes=\"(max-width: 1275px) 100vw, 1275px\" \/><img class=\"aligncenter size-full wp-image-25446\" src=\"https:\/\/manueldelia.com\/wp-content\/uploads\/2018\/10\/Malta-mission-statement-of-findings-page-002.jpg\" alt=\"\" width=\"1275\" height=\"1650\" srcset=\"https:\/\/manueldelia.com\/wp-content\/uploads\/2018\/10\/Malta-mission-statement-of-findings-page-002-209x270.jpg 209w, https:\/\/manueldelia.com\/wp-content\/uploads\/2018\/10\/Malta-mission-statement-of-findings-page-002-232x300.jpg 232w, https:\/\/manueldelia.com\/wp-content\/uploads\/2018\/10\/Malta-mission-statement-of-findings-page-002-768x994.jpg 768w, https:\/\/manueldelia.com\/wp-content\/uploads\/2018\/10\/Malta-mission-statement-of-findings-page-002.jpg 791w\" sizes=\"(max-width: 1275px) 100vw, 1275px\" \/> <img class=\"aligncenter size-full wp-image-25444\" src=\"https:\/\/manueldelia.com\/wp-content\/uploads\/2018\/10\/Malta-mission-statement-of-findings-page-003.jpg\" alt=\"\" width=\"1275\" height=\"1650\" srcset=\"https:\/\/manueldelia.com\/wp-content\/uploads\/2018\/10\/Malta-mission-statement-of-findings-page-003-209x270.jpg 209w, https:\/\/manueldelia.com\/wp-content\/uploads\/2018\/10\/Malta-mission-statement-of-findings-page-003-232x300.jpg 232w, https:\/\/manueldelia.com\/wp-content\/uploads\/2018\/10\/Malta-mission-statement-of-findings-page-003-768x994.jpg 768w, https:\/\/manueldelia.com\/wp-content\/uploads\/2018\/10\/Malta-mission-statement-of-findings-page-003.jpg 791w\" sizes=\"(max-width: 1275px) 100vw, 1275px\" \/> <img class=\"aligncenter size-full wp-image-25442\" src=\"https:\/\/manueldelia.com\/wp-content\/uploads\/2018\/10\/Malta-mission-statement-of-findings-page-004.jpg\" alt=\"\" width=\"1275\" height=\"1650\" srcset=\"https:\/\/manueldelia.com\/wp-content\/uploads\/2018\/10\/Malta-mission-statement-of-findings-page-004-209x270.jpg 209w, https:\/\/manueldelia.com\/wp-content\/uploads\/2018\/10\/Malta-mission-statement-of-findings-page-004-232x300.jpg 232w, https:\/\/manueldelia.com\/wp-content\/uploads\/2018\/10\/Malta-mission-statement-of-findings-page-004-768x994.jpg 768w, https:\/\/manueldelia.com\/wp-content\/uploads\/2018\/10\/Malta-mission-statement-of-findings-page-004.jpg 791w\" sizes=\"(max-width: 1275px) 100vw, 1275px\" \/> <img class=\"aligncenter size-full wp-image-25440\" src=\"https:\/\/manueldelia.com\/wp-content\/uploads\/2018\/10\/Malta-mission-statement-of-findings-page-005.jpg\" alt=\"\" width=\"1275\" height=\"1650\" srcset=\"https:\/\/manueldelia.com\/wp-content\/uploads\/2018\/10\/Malta-mission-statement-of-findings-page-005-209x270.jpg 209w, https:\/\/manueldelia.com\/wp-content\/uploads\/2018\/10\/Malta-mission-statement-of-findings-page-005-232x300.jpg 232w, https:\/\/manueldelia.com\/wp-content\/uploads\/2018\/10\/Malta-mission-statement-of-findings-page-005-768x994.jpg 768w, https:\/\/manueldelia.com\/wp-content\/uploads\/2018\/10\/Malta-mission-statement-of-findings-page-005.jpg 791w\" sizes=\"(max-width: 1275px) 100vw, 1275px\" \/> <img class=\"aligncenter size-full wp-image-25438\" src=\"https:\/\/manueldelia.com\/wp-content\/uploads\/2018\/10\/Malta-mission-statement-of-findings-page-006.jpg\" alt=\"\" width=\"1275\" height=\"1650\" srcset=\"https:\/\/manueldelia.com\/wp-content\/uploads\/2018\/10\/Malta-mission-statement-of-findings-page-006-209x270.jpg 209w, https:\/\/manueldelia.com\/wp-content\/uploads\/2018\/10\/Malta-mission-statement-of-findings-page-006-232x300.jpg 232w, https:\/\/manueldelia.com\/wp-content\/uploads\/2018\/10\/Malta-mission-statement-of-findings-page-006-768x994.jpg 768w, https:\/\/manueldelia.com\/wp-content\/uploads\/2018\/10\/Malta-mission-statement-of-findings-page-006.jpg 791w\" sizes=\"(max-width: 1275px) 100vw, 1275px\" \/><\/p>\n<p>&nbsp;<\/p>\n","protected":false},"excerpt":{"rendered":"<p>Illum l-International Press Institute, PEN International, Reporters Without Borders, il-Committee to Protect Journalists, il-European Centre for Press and Media Freedom u l-European Federation of Journalists re\u0121g\u0127u tennew il-talba tag\u0127hom sabiex issir inkjesta pubblika dwar jekk l-assassinju ta&#8217; Daphne Caruana Galizia setax \u0121ie evitat. Huma talbu lill-gvern jiggarantixxi g\u0127all-istampa internazzjonali a\u010b\u010bess s\u0127i\u0127 u regolari u intervisti [&hellip;]<\/p>\n","protected":false},"author":1,"featured_media":25451,"comment_status":"open","ping_status":"open","sticky":false,"template":"","format":"standard","meta":[],"categories":[54],"tags":[],"_links":{"self":[{"href":"https:\/\/manueldelia.com\/mt\/wp-json\/wp\/v2\/posts\/25912\/"}],"collection":[{"href":"https:\/\/manueldelia.com\/mt\/wp-json\/wp\/v2\/posts\/"}],"about":[{"href":"https:\/\/manueldelia.com\/mt\/wp-json\/wp\/v2\/types\/post\/"}],"author":[{"embeddable":true,"href":"https:\/\/manueldelia.com\/mt\/wp-json\/wp\/v2\/users\/1\/"}],"replies":[{"embeddable":true,"href":"https:\/\/manueldelia.com\/mt\/wp-json\/wp\/v2\/comments\/?post=25912"}],"version-history":[{"count":4,"href":"https:\/\/manueldelia.com\/mt\/wp-json\/wp\/v2\/posts\/25912\/revisions\/"}],"predecessor-version":[{"id":25916,"href":"https:\/\/manueldelia.com\/mt\/wp-json\/wp\/v2\/posts\/25912\/revisions\/25916\/"}],"wp:featuredmedia":[{"embeddable":true,"href":"https:\/\/manueldelia.com\/mt\/wp-json\/wp\/v2\/media\/25451\/"}],"wp:attachment":[{"href":"https:\/\/manueldelia.com\/mt\/wp-json\/wp\/v2\/media\/?parent=25912"}],"wp:term":[{"taxonomy":"category","embeddable":true,"href":"https:\/\/manueldelia.com\/mt\/wp-json\/wp\/v2\/categories\/?post=25912"},{"taxonomy":"post_tag","embeddable":true,"href":"https:\/\/manueldelia.com\/mt\/wp-json\/wp\/v2\/tags\/?post=25912"}],"curies":[{"name":"wp","href":"https:\/\/api.w.org\/{rel}","templated":true}]}}