{"id":37399,"date":"2018-10-31T18:15:37","date_gmt":"2018-10-31T17:15:37","guid":{"rendered":"https:\/\/manueldelia.com\/?p=37399"},"modified":"2018-11-04T12:26:07","modified_gmt":"2018-11-04T11:26:07","slug":"guest-post-mhemmx-dubju-li-l-istorja-mhux-biss-hi-ta-interess-pubbliku-hi-wkoll-ta-interess-ghall-membri-tal-pn","status":"publish","type":"post","link":"https:\/\/manueldelia.com\/mt\/2018\/10\/guest-post-mhemmx-dubju-li-l-istorja-mhux-biss-hi-ta-interess-pubbliku-hi-wkoll-ta-interess-ghall-membri-tal-pn\/","title":{"rendered":"GUEST POST: m&#8217;hemmx dubju li l-istorja mhux biss hi ta&#8217; interess pubbliku &#8211; hi wkoll ta&#8217; interess g\u0127all-membri tal-PN"},"content":{"rendered":"<p><em>Mhux bi \u0127siebni li hawn noqg\u0127od nirriprodu\u010bi l-istqarrijiet li ma jitwemmnux li qed nir\u010bievi <\/em>online<em> jew fil-<\/em>mailbox<em> privata tieg\u0127i. Lanqas m&#8217;hu bi \u0127siebni noqg\u0127od insemmi l-fatt li issa qed nifhem sew minn fejn kienu \u0121ejjin il-\u0127rejjef tal-&#8220;blogging tal-mibg\u0127eda&#8221; u &#8220;awgurji li tfal jimirdu bil-kan\u010ber&#8221; ta&#8217;\u00a0 Daphne Caruana Galizia. Apparentement g\u0127al dawn jien mag\u0127mul mill-istess pezza tag\u0127ha g\u0127alkemm \u010bertament mhux g\u0127al dawk li qraw dak li fil-fatt ktibt. Aqraw l-artiklu li \u0121ej miktub minn bniedem li fehem sew dak li ktibt jien. Dan kien involut g\u0127al \u017cmien twil fil-kampanji politi\u010bi tal-PN u hu wkoll strate\u0121ista. L-opinjoni ta&#8217; dan il-bniedem g\u0127andha tinfluwenza lil dawk li ming\u0127alihom li l-problemi matrimonjali ta&#8217; Adrian Delia m&#8217;huma affari ta&#8217; \u0127add u li, g\u0127ax deherli li kelli nxandar l-a\u0127bar,\u00a0 jien \u0127ati\u00a0 ta&#8217; &#8220;mibg\u0127eda&#8221;.<\/em><\/p>\n<p><img class=\"aligncenter size-full wp-image-37045\" src=\"https:\/\/manueldelia.com\/wp-content\/uploads\/2018\/10\/37622a9a2d277f746772d54878eeb52f8c9f98ee-1505604619-59bdb40b-620x348.jpg\" alt=\"\" width=\"620\" height=\"348\" srcset=\"https:\/\/manueldelia.com\/wp-content\/uploads\/2018\/10\/37622a9a2d277f746772d54878eeb52f8c9f98ee-1505604619-59bdb40b-620x348-200x112.jpg 200w, https:\/\/manueldelia.com\/wp-content\/uploads\/2018\/10\/37622a9a2d277f746772d54878eeb52f8c9f98ee-1505604619-59bdb40b-620x348-300x168.jpg 300w, https:\/\/manueldelia.com\/wp-content\/uploads\/2018\/10\/37622a9a2d277f746772d54878eeb52f8c9f98ee-1505604619-59bdb40b-620x348-400x225.jpg 400w, https:\/\/manueldelia.com\/wp-content\/uploads\/2018\/10\/37622a9a2d277f746772d54878eeb52f8c9f98ee-1505604619-59bdb40b-620x348-600x337.jpg 600w, https:\/\/manueldelia.com\/wp-content\/uploads\/2018\/10\/37622a9a2d277f746772d54878eeb52f8c9f98ee-1505604619-59bdb40b-620x348.jpg 620w\" sizes=\"(max-width: 620px) 100vw, 620px\" \/><\/p>\n<div>L-a\u0127bar li l-Kap tal-Oppo\u017cizzjoni se jinfired minn ma&#8217; martu hi a\u0127bar ta&#8217; interess pubbliku g\u0127aliex dan huwa fatt li jista&#8217; jeffettwa l-\u0127idma tieg\u0127u b\u0127ala l-persuna li jokkupa l-kariga ta&#8217; kap tal-oppo\u017cizzjoni kif ukoll b\u0127ala l-persuna li jmexxi lill-Partit Nazzjonalista.<\/div>\n<div><\/div>\n<div>L-ewwelnett, il-pro\u010bess ta&#8217; separazzjoni legali huwa wie\u0127ed diffi\u010bli u jista&#8217; jservi biex itelliflu l-kon\u010bentrazzjoni minn dmiru lejn il-pajji\u017c: fi kliem ie\u0127or, dak li ma j\u0127allix lill-gvern jg\u0127addi romblu minn fuq il-Parlament. Lil Delia wie\u0127ed seta&#8217; jammirah hu u jag\u0127mel id-diskors tieg\u0127u nhar it-Tnejn u l-biera\u0127 hu u jisma&#8217; x&#8217;kellu x&#8217;jg\u0127id il-Prim Ministru. Imma dan mhux dejjem se jkun il-ka\u017c.<\/div>\n<div><\/div>\n<div>It-tieni, dak li g\u0127ad irid jo\u0127ro\u0121 mill-pro\u010bess legali tas-separazzjoni jista&#8217; jag\u0127mel il-\u0127sara li\u017c-\u017cew\u0121 karigi li jokkupa, ji\u0121ifieri l-kariga ta&#8217; Kap tal-Oppo\u017cizzjoni u dik ta&#8217; Kap tal-Partit Nazzjonalista. G\u0127alkemm nistg\u0127u forsi nittamaw li l-pro\u010bess ta&#8217; separazzjoni jkun nieqes mill-\u0127ruxija u mill-battibekki, jista&#8217; jkun ukoll li ma jkunx hekk u dan il-fatt wa\u0127du jista&#8217; jeffettwa \u0127a\u017cin il-karigi li jokkupa. Din mhix sitwazzjoni statika i\u017cda wa\u0127da dinamika u wa\u0127da li tista&#8217; tinbidel minn \u0127in g\u0127all-ie\u0127or. U wie\u0127ed mill-partijiet f&#8217;din il-kwistjoni m&#8217;huwiex \u010bittadin privat. Hemm ra\u0121unijiet li jag\u0127tu lok biex il-koppja tinfired u jekk dawn ir-ra\u0121unijiet jo\u0127or\u0121u fil-pubbliku, tista&#8217; ssir \u0127sara kemm lil dawk il-karigi li jokkupa kif ukoll lill-PN.<\/div>\n<div><\/div>\n<div>Il-membri tal-PN g\u0127andhom kull interess li jkunu jafu dwar din is-separazzjoni. Nickie Vella de Fremeaux kienet pre\u017centi waqt il-kampanja ta&#8217; Adrian Delia g\u0127at-tmexxija tal-PN u baqg\u0127et tidher sal-lum. It-tnejn g\u0127amlu sewwa li lill-uliedhom warrbuhom mi\u010b-\u010bentru tal-attenzjoni \u0127lief g\u0127al okka\u017cjoni wa\u0127da meta kien \u0127a l-\u0121urament tal-kariga f&#8217;Ottubru li g\u0127adda. I\u017cda Nickie qatt ma \u017cammet lura milli tidher. Dan l-a\u0127\u0127ar ikkummentat pubblikament dwar l-a\u0121ir ta&#8217; wie\u0127ed mi\u017c-\u017cew\u0121 kollaboraturi li huma l-aktar qrib ta&#8217; Adrian Delia, ji\u0121ifieri Pierre Portelli. Kienet Nickie li dehrilha li kellha titkellem pubblikament. U m&#8217;hemm xejn x&#8217;i\u017commha milli tkompli titkellem. \u0120lieda fil-bera\u0127 bejn mart il-kap tal-partit u l-kap tal-mezzi tax-xandir tal-PN \u0127sara biss tista&#8217; tag\u0127mel lill-PN, kif di\u0121\u00e0 le\u0127qet g\u0127amlet.<\/div>\n<div><\/div>\n<div>Fi \u0127danu l-Partit Nazzjonalista g\u0127andu \u010bertu regoli ta&#8217; kif wie\u0127ed g\u0127andu j\u0121ib ru\u0127u liema regoli ma je\u017cistux fi \u0127dan tal-Labour. Ma tistax, fl-ewwel <em>mass<\/em> <em>meeting<\/em> li tindirizza, tiddikjara li a\u0127na l-Partit tal-Kattoli\u010bi u tal-Latini u mbag\u0127ad tmur tg\u0127id li l-pro\u010bess ta&#8217; separazzjoni legali minn ma&#8217; martek, li jista&#8217; jwassal g\u0127ad-divorzju, hi kwistjoni purament privata. M&#8217;hi kwistjoni privata xejn. Lil dawk ta&#8217; madwar Delia kemm il-darba smajnihom ig\u0127idu li l-Partit fuq kul\u0127add. Dan ma jistax \u0127lief ifisser li l-interessi tal-Partit ji\u017cbqu fl-importanza l-interessi privati u personali ta&#8217; dik il-persuna li jkun qed tmexxih u ta&#8217; dawk ta&#8217; madwaru.<\/div>\n<div><\/div>\n<div>Dan il-pro\u010bess ta&#8217; separazzjoni legali \u010bertament se jservi biex itellef il-kon\u010bentrazzjoni ta&#8217; Adrian Delia nnifsu li suppost b\u0127alissa jinsab kon\u010bentrat biex ila\u0127\u0127am il-Mod \u0120did li \u0121ie mwieg\u0127ed sena ilu. Barra minn hekk, m&#8217;hemmx dubju li dan il-pro\u010bess ser jeffettwa wkoll lill-Partit Nazzjonalista nnifsu.<\/div>\n<div><\/div>\n<div>Dawk ta&#8217; madwar Adrian Delia rsistew \u0127afna biex lill-istituzzjonijiet tal-Partit jimlewhom b&#8217;persuni li m&#8217;huma xejn \u0127lief <em>yes-men<\/em> tal-Kap. Dan rajni\u0127 meta ttie\u0127det dik id-de\u010bi\u017cjoni stupida wara li l-Ma\u0121istrat Bugeja qajjem aktar mistoqsijiet meta wera&#8217; li ma kellux il-\u0127ila jg\u0127idilna min hu sid l-Egrant. Il-fatt li jidher li saret rikon\u010biljazzjoni ma&#8217; Simon Busuttil hija prova minnha nnifisha li fit-22 ta&#8217; Lulju il-Kunsill Amministrattiv u l-Kumitat E\u017cekuttiv tal-Partit servew biss ta&#8217; paraventu. Dawn l-istituzzjonijiet fi \u0127dan il-Partit imisshom di\u0121\u00e0 tlaqqg\u0127u biex lill-Kap tal-Partit jistaqsuh kif il-pro\u010bess ta&#8217; separazzjoni legali minn ma&#8217; martu se jeffettwa lill-Partit issa li kulma fadal huma seba&#8217; xhur qabel l-elezzjonijiet Ewropej u dawk lokali li fihom il-PN se ji\u0121i wi\u010b\u010b imb&#8217;wi\u010b\u010b ma&#8217; mistoqsija e\u017cistenzjali. Il-pro\u010bess ta&#8217; separazzjoni kif bi \u0127siebu jittrattah? Se tkun separazzjoni bonarja? X&#8217;inhuma r-ra\u0121unijiet li wasslu g\u0127as-separazzjoni? It-twe\u0121ibiet g\u0127al dawn il-mistoqsijiet g\u0127andhom jilluminaw lil dawn l-entitajiet dwar in-natura tad-de\u010bi\u017cjonijiet g\u0127andhom jittie\u0127du fi\u010b-\u010birkostanzi.<\/div>\n<div><\/div>\n<div>Madankollu l-fatt li g\u0127al dawn i\u017c-\u017cew\u0121 entitajiet b\u0127al donnu m&#8217;hu ji\u0121ri xejn huwa minnu nnifsu prova li l-PN minn partit politiku b&#8217;valuri, livelli ta&#8217; m\u0121ieba u li hu indipendenti minn min imexxih, issa sar bi\u010b\u010ba g\u0127odda f&#8217;idejn Adrian Delia.<\/div>\n","protected":false},"excerpt":{"rendered":"<p>Mhux bi \u0127siebni li hawn noqg\u0127od nirriprodu\u010bi l-istqarrijiet li ma jitwemmnux li qed nir\u010bievi online jew fil-mailbox privata tieg\u0127i. Lanqas m&#8217;hu bi \u0127siebni noqg\u0127od insemmi l-fatt li issa qed nifhem sew minn fejn kienu \u0121ejjin il-\u0127rejjef tal-&#8220;blogging tal-mibg\u0127eda&#8221; u &#8220;awgurji li tfal jimirdu bil-kan\u010ber&#8221; ta&#8217;\u00a0 Daphne Caruana Galizia. Apparentement g\u0127al dawn jien mag\u0127mul mill-istess pezza [&hellip;]<\/p>\n","protected":false},"author":1,"featured_media":37045,"comment_status":"open","ping_status":"open","sticky":false,"template":"","format":"standard","meta":[],"categories":[54],"tags":[],"_links":{"self":[{"href":"https:\/\/manueldelia.com\/mt\/wp-json\/wp\/v2\/posts\/37399\/"}],"collection":[{"href":"https:\/\/manueldelia.com\/mt\/wp-json\/wp\/v2\/posts\/"}],"about":[{"href":"https:\/\/manueldelia.com\/mt\/wp-json\/wp\/v2\/types\/post\/"}],"author":[{"embeddable":true,"href":"https:\/\/manueldelia.com\/mt\/wp-json\/wp\/v2\/users\/1\/"}],"replies":[{"embeddable":true,"href":"https:\/\/manueldelia.com\/mt\/wp-json\/wp\/v2\/comments\/?post=37399"}],"version-history":[{"count":5,"href":"https:\/\/manueldelia.com\/mt\/wp-json\/wp\/v2\/posts\/37399\/revisions\/"}],"predecessor-version":[{"id":38377,"href":"https:\/\/manueldelia.com\/mt\/wp-json\/wp\/v2\/posts\/37399\/revisions\/38377\/"}],"wp:featuredmedia":[{"embeddable":true,"href":"https:\/\/manueldelia.com\/mt\/wp-json\/wp\/v2\/media\/37045\/"}],"wp:attachment":[{"href":"https:\/\/manueldelia.com\/mt\/wp-json\/wp\/v2\/media\/?parent=37399"}],"wp:term":[{"taxonomy":"category","embeddable":true,"href":"https:\/\/manueldelia.com\/mt\/wp-json\/wp\/v2\/categories\/?post=37399"},{"taxonomy":"post_tag","embeddable":true,"href":"https:\/\/manueldelia.com\/mt\/wp-json\/wp\/v2\/tags\/?post=37399"}],"curies":[{"name":"wp","href":"https:\/\/api.w.org\/{rel}","templated":true}]}}