{"id":4784,"date":"2018-02-26T12:50:58","date_gmt":"2018-02-26T11:50:58","guid":{"rendered":"https:\/\/manueldelia.com\/?p=4784"},"modified":"2018-02-26T18:13:12","modified_gmt":"2018-02-26T17:13:12","slug":"tifsira-tal-kelma-gennata","status":"publish","type":"post","link":"https:\/\/manueldelia.com\/mt\/2018\/02\/tifsira-tal-kelma-gennata\/","title":{"rendered":"Tifsira tal-kelma &#8220;\u0121ennata&#8221;"},"content":{"rendered":"<p>Kont na\u0127seb li nista&#8217; nimma\u0121ina x&#8217;i\u0127ossu l-propagandisti u l-istrate\u0121isti ta&#8217; min ikun jinsab minn ta\u0127t fis-sonda\u0121\u0121i huma u jaraw ebda \u010baqlieq &#8216;il fuq fl-appo\u0121\u0121. L-istrate\u0121isti tal-PN ma setg\u0127ux sabu wisq fuqhiex jistg\u0127u jittamaw wara li <a href=\"http:\/\/www.inewsmalta.com\/article.php?ID1=63696\" target=\"_blank\" rel=\"noopener\">t-Tor\u010ba xandret is-sonda\u0121\u0121i tag\u0127ha<\/a>. Jew forsi m&#8217;g\u0127adnix nista&#8217; nimma\u0121ina dawn l-affarijiet.<\/p>\n<p>Vanta\u0121\u0121 ta&#8217; 25 punt diffi\u010bli li jing\u0127eleb. Dan huwa d-distakk bejn dawk li jidhrilhom li Joseph Muscat huwa l-persuna adatta biex ikun prim\u00a0ministru u dawk li huma tal-fehma li Adrian Delia jkun l-a\u0127jar persuna g\u0127al din il-kariga.<\/p>\n<p>Adrian Delia qed\u00a0jikkontendi ma&#8217; xi\u00a0\u017cvanta\u0121\u0121i naturali. F&#8217;mo\u0127\u0127 il-poplu Joseph Muscat huwa l-prim ministru. Mhux kul\u0127add jista&#8217; jimma\u0121ina li hemm \u0127addie\u0127or li jista&#8217; je\u0127odlu postu.\u00a0B\u0127al qisu\u00a0hemm bosta li\u00a0m&#8217;humiex kapa\u010bi jimma\u0121inaw f&#8217;mo\u0127\u0127hom kif ikun post \u017cdingat wara li dan ji\u0121i konvertit u rran\u0121at.<\/p>\n<p>Hemm ukoll il-fattur li Adrian Delia qed jittanta jmexxi negozju li huwa prattikament fallut: hawn qed nirreferi g\u0127all-partit. Tal-Labour min jaf minn fejn i\u0121ibu l-flus? Flus li jonfquhom b\u0127allikieku jinsabu f&#8217;bir bla qieg\u0127. Diffi\u010bli li tikkompeti ma&#8217; partit li g\u0127ali\u0127 il-flus m&#8217;humiex problema &#8211; partit li jista&#8217; jberbaq kemm irid ukoll g\u0127aliex hemm l-istat jag\u0127mel tajjeb g\u0127all-propaganda parti\u0121\u0121jana.<\/p>\n<p>Adrian Delia g\u0127adu kemm \u0127are\u0121 rebbie\u0127 wara t-tellieqa ri\u010benti g\u0127at-tmexxija. Huwa naturali li jkun je\u0127tie\u0121\u00a0li jg\u0127addi ftit \u017cmien biex jing\u0127alqu l-feriti u biex imbag\u0127ad kul\u0127add jispi\u010b\u010ba ji\u0121bed l-istess \u0127abel.<\/p>\n<p>L-istrate\u0121isti u l-propagandisti jistg\u0127u jittamaw li ji\u0121ri dan. I\u017cda jistg\u0127u ukoll i\u0127ossu li &#8211; sakemm ma\u00a0jse\u0127\u0127x xi miraklu &#8211; m&#8217;hemm ebda\u00a0tama li l-PN jirba\u0127 elezzjoni\u00a0dment li\u00a0l-affarijiet jibqg\u0127u kif inhuma. U elezzjoni l-PN la jista&#8217; jirba\u0127ha s-sena d-die\u0127la, la erba&#8217; snin o\u0127ra u lanqas qatt.<\/p>\n<p>Wara kollox, jekk Joseph Muscat jitlef xi voti l-propagandisti u l-istrate\u0121isti tieg\u0127u\u00a0ikollhom \u0127afna g\u0127al xiex jikkunslaw.<\/p>\n<p>Ikunu jistg\u0127u jg\u0127idu li hi \u0127a\u0121a minn ewl id-dinja li min ikun qed imexxi jnaqqas xi ftit l-appo\u0121\u0121 spe\u010bjalment wara li tkun g\u0127adha kemm g\u0127addiet elezzjoni u meta l-apettattivi tan-nies ikunu g\u0127oljin u\u00a0jista&#8217; jkun moralment doveru\u017c li wie\u0127ed jiddi\u017cappunta lil xi w\u0127ud.<\/p>\n<p>Ikunu jistg\u0127u jg\u0127idu\u00a0li l-allegazzjonijiet ta&#8217; korruzzjoni u l-kritika mbarazzanti li xxandret fil-\u0121urnali barranin setg\u0127et artifi\u010bjalment effettwat \u0127a\u017cin il-popolarit\u00e0\u00a0tieg\u0127u.<\/p>\n<p>Ikunu jistg\u0127u jg\u0127idu li \u0121aladarba di\u0121a&#8217; \u0127abbar li mhux se jer\u0121a&#8217; jikkontesta elezzjoni o\u0127ra,\u00a0l-attenzjoni setg\u0127et intefg\u0127et fuq mexxejja o\u0127ra prospettivi tal-Partit Laburista jew anki fuq il-kap tal-oppo\u017cizzjoni. I\u017cda kollox jindika li Joseph Muscat ma naqqas xejn mill-appo\u0121\u0121 li\u00a0kellu.<\/p>\n<p><img class=\"aligncenter wp-image-4780 size-full\" src=\"https:\/\/manueldelia.com\/wp-content\/uploads\/2018\/02\/L-aqwa.jpg\" alt=\"\" width=\"772\" height=\"579\" srcset=\"https:\/\/manueldelia.com\/wp-content\/uploads\/2018\/02\/L-aqwa-300x225.jpg 300w, https:\/\/manueldelia.com\/wp-content\/uploads\/2018\/02\/L-aqwa-360x270.jpg 360w, https:\/\/manueldelia.com\/wp-content\/uploads\/2018\/02\/L-aqwa-768x576.jpg 768w, https:\/\/manueldelia.com\/wp-content\/uploads\/2018\/02\/L-aqwa.jpg 772w\" sizes=\"(max-width: 772px) 100vw, 772px\" \/><\/p>\n<p>Is-sitwazzjoni pre\u017centi hi kemm kemm ag\u0127ar minn dik\u00a0ta&#8217; wara r-ri\u017cultat tal-elezzjoni tal-2017. Issa g\u0127addew tmien xhur li matulhom se\u0127\u0127ew \u0127afna \u0121rajjiet i\u017cda d-distakk bejn i\u017c-\u017cew\u0121 partiti baqa&#8217; l-istess u, jekk xejn, il-PN huwa aktar dg\u0127ajjef.<\/p>\n<p>Fil-\u0121ranet ta&#8217; wara t-telfa, bosta kienu dawk li\u00a0esprimew fehmithom dwar ir-rimedji kellu jie\u0127u l-PN. I\u017cda kien hemm fehma wa\u0127da li ddominat.<\/p>\n<p>U din kienet li kienet me\u0127tie\u0121a bidla radikali.<\/p>\n<p>U skond din il-fahma predominanti, biex setg\u0127et isse\u0127\u0127 din il-bidla l-ewwel \u0127a\u0121a li kellu jag\u0127mel il-partit kienet li jele\u0121\u0121i mexxej minn barra. Ji\u0121ifieri xi \u0127add li ma kellux x&#8217;jaqsam mad-de\u010bi\u017cjonijiet xejn popolari li kien \u0127a Lawrence Gonzi jew mal-kampanja iffokata kontra l-korruzzjoni ta&#8217; Simon Busuttil, biss\u00a0seta&#8217; jwassal il-vapur tal-partit fil-port.<\/p>\n<p>Din id-domma ttie\u0127det mit-tifsira popolari tal-kelma &#8220;\u0121ennata&#8221;: tag\u0127mel l-istess \u0127a\u0121a g\u0127al g\u0127exieren ta&#8217; drabi u tistenna ri\u017cultati differenti.<\/p>\n<p>It-tieni nett: qalu li l-agenda tal-partit kellha tinbidel. Dak li ssejja\u0127 b\u0127ala negattivi\u017cmu u xiljiet fuq korruzzjoni kellhom jipi\u010b\u010baw u dan it-tibdil seta&#8217; jag\u0127mlu biss xi \u0127add \u0121did.<\/p>\n<p>It-tielet: qalu li l-PN ma setax ikompli jimxu fuq a\u0121enda &#8220;dettata minn Daphne Caruana Galizia&#8221;. G\u0127all-bidu sar \u0127afna plejtu sakemm xi \u0127add \u0127asdilha \u0127ajjitha u ma setg\u0127et tiddetta xejn aktar lil\u00a0\u0127add. Din il-bidla spi\u010b\u010bat se\u0127\u0127et fa\u010bilment bis-sa\u0127\u0127a tal-intervent dijaboliku ta&#8217; xi \u0127add ie\u0127or.<\/p>\n<p>Dawn it-tliet miri, ippjanati f&#8217;\u0120unju li g\u0127adda x&#8217;imkien fin-Naxxar, issa ntla\u0127qu.<\/p>\n<p>Il-mexxej il-\u0121did \u0127a t-tmexxija tal-partit \u0127ieles mid-dellijiet ta&#8217; Gonzi u ta&#8217; Busuttil. U f&#8217;daqqa wa\u0127da fe\u0121\u0121et il-famu\u017ca &#8220;posittivit\u00e0&#8221; li damet g\u0127al \u017cmien\u00a0\u0121mielu timra\u0127 fost l-oppo\u017cizzjoni parlamentari. Eventwalment i\u017cda re\u0121a&#8217; beda&#8217; d-diskors kontra l-korruzzjoni\u00a0b\u0127al fi \u017cmien Simon Busuttil. U finalment, issa m&#8217;hemm ebda Daphne Caruana Galizia biex tiddetta lill-PN.<\/p>\n<p>Allura, ng\u0127id jien, ir-ri\u017cultati tal-&#8220;Mod \u0120did&#8221; meta kienu qed jistennewhom? I\u017c-\u017cerrieg\u0127a li \u0127awlu meta kienu qed jistennew li tibda&#8217; xxettel? G\u0127ax issa huwa \u017c-\u017cmien hekk kif Joseph Muscat qed isa\u0127\u0127a\u0127 idu fuq il-poter.<\/p>\n<p>Hekk kif, xahar wara xahar, is-sonda\u0121\u0121i jibqg\u0127u negattivi ikun jaqblilna jekk in\u017commu f&#8217;mo\u0127\u0127na t-tifsira vera tal-kelma &#8220;\u0121ennata&#8221;.<\/p>\n","protected":false},"excerpt":{"rendered":"<p>Kont na\u0127seb li nista&#8217; nimma\u0121ina x&#8217;i\u0127ossu l-propagandisti u l-istrate\u0121isti ta&#8217; min ikun jinsab minn ta\u0127t fis-sonda\u0121\u0121i huma u jaraw ebda \u010baqlieq &#8216;il fuq fl-appo\u0121\u0121. L-istrate\u0121isti tal-PN ma setg\u0127ux sabu wisq fuqhiex jistg\u0127u jittamaw wara li t-Tor\u010ba xandret is-sonda\u0121\u0121i tag\u0127ha. Jew forsi m&#8217;g\u0127adnix nista&#8217; nimma\u0121ina dawn l-affarijiet. Vanta\u0121\u0121 ta&#8217; 25 punt diffi\u010bli li jing\u0127eleb. Dan huwa [&hellip;]<\/p>\n","protected":false},"author":1,"featured_media":4781,"comment_status":"open","ping_status":"open","sticky":false,"template":"","format":"standard","meta":[],"categories":[54],"tags":[],"_links":{"self":[{"href":"https:\/\/manueldelia.com\/mt\/wp-json\/wp\/v2\/posts\/4784\/"}],"collection":[{"href":"https:\/\/manueldelia.com\/mt\/wp-json\/wp\/v2\/posts\/"}],"about":[{"href":"https:\/\/manueldelia.com\/mt\/wp-json\/wp\/v2\/types\/post\/"}],"author":[{"embeddable":true,"href":"https:\/\/manueldelia.com\/mt\/wp-json\/wp\/v2\/users\/1\/"}],"replies":[{"embeddable":true,"href":"https:\/\/manueldelia.com\/mt\/wp-json\/wp\/v2\/comments\/?post=4784"}],"version-history":[{"count":5,"href":"https:\/\/manueldelia.com\/mt\/wp-json\/wp\/v2\/posts\/4784\/revisions\/"}],"predecessor-version":[{"id":4803,"href":"https:\/\/manueldelia.com\/mt\/wp-json\/wp\/v2\/posts\/4784\/revisions\/4803\/"}],"wp:featuredmedia":[{"embeddable":true,"href":"https:\/\/manueldelia.com\/mt\/wp-json\/wp\/v2\/media\/4781\/"}],"wp:attachment":[{"href":"https:\/\/manueldelia.com\/mt\/wp-json\/wp\/v2\/media\/?parent=4784"}],"wp:term":[{"taxonomy":"category","embeddable":true,"href":"https:\/\/manueldelia.com\/mt\/wp-json\/wp\/v2\/categories\/?post=4784"},{"taxonomy":"post_tag","embeddable":true,"href":"https:\/\/manueldelia.com\/mt\/wp-json\/wp\/v2\/tags\/?post=4784"}],"curies":[{"name":"wp","href":"https:\/\/api.w.org\/{rel}","templated":true}]}}