{"id":4823,"date":"2018-02-26T12:14:03","date_gmt":"2018-02-26T11:14:03","guid":{"rendered":"https:\/\/manueldelia.com\/?p=4823"},"modified":"2018-02-28T08:16:00","modified_gmt":"2018-02-28T07:16:00","slug":"gurnalist-investigattiv-slovakk-assassinat-kien-jirrapporta-dwar-il-korruzzjoni-fpajjizu","status":"publish","type":"post","link":"https:\/\/manueldelia.com\/mt\/2018\/02\/gurnalist-investigattiv-slovakk-assassinat-kien-jirrapporta-dwar-il-korruzzjoni-fpajjizu\/","title":{"rendered":"\u0120urnalist investigattiv Slovakk assassinat: kien jirrapporta dwar il-korruzzjoni f&#8217;pajji\u017cu"},"content":{"rendered":"<p><img class=\"size-medium wp-image-4776 alignleft\" src=\"https:\/\/manueldelia.com\/wp-content\/uploads\/2018\/02\/jan-kuciak-priatelka-vrazda-clanokW-300x169.jpg\" alt=\"\" width=\"300\" height=\"169\" srcset=\"https:\/\/manueldelia.com\/wp-content\/uploads\/2018\/02\/jan-kuciak-priatelka-vrazda-clanokW-300x169.jpg 300w, https:\/\/manueldelia.com\/wp-content\/uploads\/2018\/02\/jan-kuciak-priatelka-vrazda-clanokW-480x270.jpg 480w, https:\/\/manueldelia.com\/wp-content\/uploads\/2018\/02\/jan-kuciak-priatelka-vrazda-clanokW-768x432.jpg 768w, https:\/\/manueldelia.com\/wp-content\/uploads\/2018\/02\/jan-kuciak-priatelka-vrazda-clanokW.jpg 825w\" sizes=\"(max-width: 300px) 100vw, 300px\" \/>Jan Kuciak, \u0121urnalist Slovakk ta&#8217; 27 sena, instab mejjet flimkien mas-sie\u0127ba tieg\u0127u fid-dar tieg\u0127u barra Bratislava. Huma \u0121ew assassinati b&#8217;tiri ta&#8217; arma tan-nar fi qtil li kollox jindika li hu marbut max-xog\u0127ol tieg\u0127u b\u0127ala \u0121urnalist.<\/p>\n<p class=\"\">L-a\u0127\u0127ar storja li investiga Kuciak kienet dwar is-suspetti ta&#8217; frodi fit-taxxa b&#8217;rabta ma&#8217; kumpless ta&#8217; appartamenti lussu\u017ci fi Bratislava.<\/p>\n<p class=\"\">Is-sena l-o\u0127ra l-ka\u017c ta&#8217; dawn l-appartamenti lussu\u017ci kien qanqal protesti li sej\u0127u g\u0127ar-ri\u017cenja tal-Ministru tal-Intern Robert Kalinak dwar ir-rabtiet tan-negozju li kellu mal-i\u017cviluppatur tal-bini Ladislav Basternak, li \u0121ie investigat fuq il-possibbilt\u00e0 ta&#8217; frodi tat-taxxa. It-tnejn li huma qed ji\u010b\u0127du li g\u0127amlu xi \u0127a\u0121a \u0127a\u017cina.<\/p>\n<p class=\"\">Is-Slovakkja g\u0127andha ekonomija b&#8217;sa\u0127\u0127itha u l-livell tal-g\u0127ajxien fil-pajji\u017c tjieb sostanzjalment minn meta s-Slovakkja da\u0127let fl-Unjoni Ewropea fl-2004, imma \u0127afna Slovakki xorta huma tal-fehma li pajji\u017chom ifalli g\u0127alkollox f&#8217;dak li g\u0127andu x&#8217;jaqsam mad-difi\u017ca tas-saltna tad-dritt, b&#8217;mod partikolari meta ji\u0121i biex jikkastiga t-tix\u0127im u l-korruzzjoni politika.<\/p>\n<p><a href=\"https:\/\/www.reuters.com\/article\/us-slovakia-crime\/slovak-investigative-journalist-killed-at-home-report-idUSKCN1GA0Y5\" target=\"_blank\" rel=\"noopener\">Aqra dan ir-rapport tal-A\u0121enzija Reuters.<\/a><\/p>\n","protected":false},"excerpt":{"rendered":"<p>Jan Kuciak, \u0121urnalist Slovakk ta&#8217; 27 sena, instab mejjet flimkien mas-sie\u0127ba tieg\u0127u fid-dar tieg\u0127u barra Bratislava. Huma \u0121ew assassinati b&#8217;tiri ta&#8217; arma tan-nar fi qtil li kollox jindika li hu marbut max-xog\u0127ol tieg\u0127u b\u0127ala \u0121urnalist. L-a\u0127\u0127ar storja li investiga Kuciak kienet dwar is-suspetti ta&#8217; frodi fit-taxxa b&#8217;rabta ma&#8217; kumpless ta&#8217; appartamenti lussu\u017ci fi Bratislava. Is-sena [&hellip;]<\/p>\n","protected":false},"author":1,"featured_media":4776,"comment_status":"open","ping_status":"open","sticky":false,"template":"","format":"standard","meta":[],"categories":[54],"tags":[],"_links":{"self":[{"href":"https:\/\/manueldelia.com\/mt\/wp-json\/wp\/v2\/posts\/4823\/"}],"collection":[{"href":"https:\/\/manueldelia.com\/mt\/wp-json\/wp\/v2\/posts\/"}],"about":[{"href":"https:\/\/manueldelia.com\/mt\/wp-json\/wp\/v2\/types\/post\/"}],"author":[{"embeddable":true,"href":"https:\/\/manueldelia.com\/mt\/wp-json\/wp\/v2\/users\/1\/"}],"replies":[{"embeddable":true,"href":"https:\/\/manueldelia.com\/mt\/wp-json\/wp\/v2\/comments\/?post=4823"}],"version-history":[{"count":1,"href":"https:\/\/manueldelia.com\/mt\/wp-json\/wp\/v2\/posts\/4823\/revisions\/"}],"predecessor-version":[{"id":4824,"href":"https:\/\/manueldelia.com\/mt\/wp-json\/wp\/v2\/posts\/4823\/revisions\/4824\/"}],"wp:featuredmedia":[{"embeddable":true,"href":"https:\/\/manueldelia.com\/mt\/wp-json\/wp\/v2\/media\/4776\/"}],"wp:attachment":[{"href":"https:\/\/manueldelia.com\/mt\/wp-json\/wp\/v2\/media\/?parent=4823"}],"wp:term":[{"taxonomy":"category","embeddable":true,"href":"https:\/\/manueldelia.com\/mt\/wp-json\/wp\/v2\/categories\/?post=4823"},{"taxonomy":"post_tag","embeddable":true,"href":"https:\/\/manueldelia.com\/mt\/wp-json\/wp\/v2\/tags\/?post=4823"}],"curies":[{"name":"wp","href":"https:\/\/api.w.org\/{rel}","templated":true}]}}