{"id":4887,"date":"2018-03-04T17:30:31","date_gmt":"2018-03-04T16:30:31","guid":{"rendered":"https:\/\/manueldelia.com\/?p=4887"},"modified":"2018-03-05T11:11:11","modified_gmt":"2018-03-05T10:11:11","slug":"ikkonfronta-r-realta","status":"publish","type":"post","link":"https:\/\/manueldelia.com\/mt\/2018\/03\/ikkonfronta-r-realta\/","title":{"rendered":"Ikkonfronta r-realt\u00e0"},"content":{"rendered":"<p>Ta&#8217; spiss nitkellmu dwar il-&#8220;\u0127wejje\u0121&#8221; \u0121odda li libes\u00a0Joseph Muscat u dwar id-delu\u017cjoni imperjalistika tieg\u0127u imsejsa kif inhi\u00a0fuq tafal li jista&#8217; jarah kul\u0127add \u0127lief l-imperatur g\u0127arwien innifsu.<\/p>\n<p><img class=\"size-medium wp-image-4883 alignleft\" src=\"https:\/\/manueldelia.com\/wp-content\/uploads\/2018\/03\/WhatsApp-Image-2018-03-04-at-14.42.37-300x225.jpeg\" alt=\"\" width=\"300\" height=\"225\" srcset=\"https:\/\/manueldelia.com\/wp-content\/uploads\/2018\/03\/WhatsApp-Image-2018-03-04-at-14.42.37-300x225.jpeg 300w, https:\/\/manueldelia.com\/wp-content\/uploads\/2018\/03\/WhatsApp-Image-2018-03-04-at-14.42.37-360x270.jpeg 360w, https:\/\/manueldelia.com\/wp-content\/uploads\/2018\/03\/WhatsApp-Image-2018-03-04-at-14.42.37-768x576.jpeg 768w, https:\/\/manueldelia.com\/wp-content\/uploads\/2018\/03\/WhatsApp-Image-2018-03-04-at-14.42.37.jpeg 1024w\" sizes=\"(max-width: 300px) 100vw, 300px\" \/>G\u0127adni ma nistax nifhem kif Adrian Delia g\u0127adu m&#8217;huwiex juri l-i\u010bken t\u0127assib.\u00a0B\u0127ala werriet ta&#8217; sensiela ta&#8217; \u0127assieba politi\u010bi, strate\u0121isti bil-musta\u010b\u010bi, riformaturi kapa\u010bi u mexxejja li jispiraw, il-Partit Nazzjonalista jidher li sal-lum g\u0127adu ma sabx saqajh.<\/p>\n<p>Il-PN qed ji\u010b\u0127ad dak li di\u0121a&#8217; qed jidher li hu minn ewl id-dinja: li mhux possibbli li jirba\u0127 elezzjoni sakemm jibqa&#8217; mmexxi minn Adrian Delia.<\/p>\n<p>Issa er\u0127ilha li \u017cgur se jitfa\u010b\u010baw\u00a0klikka ta&#8217; <em>trolls<\/em> Nazzjonalisti &#8211; bla dubju akkwist mill-aktar sublimi tat-tmexxija l-\u0121dida &#8211; li se jfakkruni dwar il-karrozzi tal-linja li fis-sajf tal-2010 ma&#8217; \u017cammewx mal-\u0127in. F&#8217;mo\u0127\u0127om g\u0127andi ne\u0127el jien u mhux dawk li qed imexxu l-Partit g\u0127as-sonda\u0121\u0121i xejn sbie\u0127 ta&#8217; ta\u0127t it-30 fil-mija li qed\u00a0jixxandru\u00a0minn \u017cmien g\u0127al \u017cmien.<\/p>\n<p>Bosta huma dawk li ma jkunux iridu jiffa\u010b\u010bjaw il-fatti u allura jirrikorru g\u0127at-tg\u0127ajjr u g\u0127at-tmaqdir. Dalg\u0127odu stess kien hemm min ried isammarni fuq il-Facebook g\u0127aliex il-biera\u0127\u00a0\u017cvelajt l-a\u0127bar li qed isiru investigazzjonijiet dwar \u0127asil ta&#8217; flus ma\u0127mu\u0121in mis-sidien tas-Satabank &#8211; l-istess sidien li kienu telqu mil-Lussemburgu meta kienu qed jiffa\u010b\u010bjaw\u00a0inkwiet simili f&#8217;dak il-pajji\u017c. Allura kkritikawni g\u0127ax, skont huma, dak li \u017cvelajt se jag\u0127mel\u00a0\u0127sara li dawk li jaqilg\u0127u il-flus mis-servizzi li jag\u0127tu lis-Satabank, b\u0127al dak li qallu l-\u0127sara ssir frott l-i\u017cvelar u mhux minn dak li \u0121ie \u017cvelat.<\/p>\n<p>Jidher li hemm u\u0127ud li ja\u0127sbu li si\u0121ra f&#8217;nofs foresta ma&#8217; tag\u0127mel ebda \u0127oss\u00a0hekk kif\u00a0titwaqqa&#8217;, dan kollu g\u0127ax dak il-\u0127in forsi ma jkun hemm \u0127add qed jissemma&#8217;.<\/p>\n<p>Din hija l-lo\u0121ika ta&#8217; dawk li qed ig\u0127iduli li jmissni nist\u0127i g\u0127aliex lil Adrian Delia m&#8217;hux qed nag\u0127tih \u010bans.\u00a0Dawn g\u0127andhom jifhmu li mhux xog\u0127li li nag\u0127ti &#8211; jew\u00a0inwarrab &#8211; i\u010b-\u010bansjiet minn \u0127o\u0121or Adrian Delia jew il-PN. M&#8217;g\u0127andi ebda pretensjonijiet li na\u0127seb li ming\u0127ajri ma jg\u0127addux u nifhem li \u0127add m&#8217;g\u0127andu jippretendi li hu indispensabbli.<\/p>\n<p><img class=\"size-medium wp-image-4884 alignleft\" src=\"https:\/\/manueldelia.com\/wp-content\/uploads\/2018\/03\/WhatsApp-Image-2018-03-03-at-23.48.56-300x249.jpeg\" alt=\"\" width=\"300\" height=\"249\" srcset=\"https:\/\/manueldelia.com\/wp-content\/uploads\/2018\/03\/WhatsApp-Image-2018-03-03-at-23.48.56-300x249.jpeg 300w, https:\/\/manueldelia.com\/wp-content\/uploads\/2018\/03\/WhatsApp-Image-2018-03-03-at-23.48.56-325x270.jpeg 325w, https:\/\/manueldelia.com\/wp-content\/uploads\/2018\/03\/WhatsApp-Image-2018-03-03-at-23.48.56.jpeg 435w\" sizes=\"(max-width: 300px) 100vw, 300px\" \/>Skont l-a\u0127\u0127ar sonda\u0121\u0121i, 84% ta&#8217; dawk li vvutaw Labour fl-a\u0127\u0127ar elezzjoni jer\u0121g\u0127u jag\u0127mlu hekk jekk l-elezzjoni ter\u0121a&#8217; ssir g\u0127ada. G\u0127alkemm din hija kisba rari g\u0127al kwalsiasi gvern, ma tfissirx li hi wkoll \u017cieda fl-appo\u0121\u0121. Fil-fatt tfisser li l-appo\u0121\u0121 naqas: dan huwa tnaqqis i\u017cg\u0127ar minn dak li wie\u0127ed jistenna\u00a0i\u017cda xorta wa\u0127da\u00a0jibqa&#8217; dak li hu: ji\u0121ifieri tnaqqis.<\/p>\n<p>Te\u017cisti differenza\u00a0kbira\u00a0fl-appo\u0121\u0121 g\u0127a\u017c-\u017cew\u0121 partiti fis-sonda\u0121\u0121i g\u0127aliex\u00a0hemm re\u017cistenza enormi minn na\u0127a ta&#8217; bosta votanti li fl-a\u0127\u0127ar elezzjoni vvutaw PN. Fil-fatt 62% biss ta&#8217; dawk li vvotaw PN iddikjaraw li se jer\u0121g\u0127u jivvutaw l-istess jekk l-elezzjoni ssir g\u0127ada.<\/p>\n<p>Ta&#8217; dan ja\u0127ti l-PN u huwa tnaqqis \u0121ej mill-kamp tal-PN stess.<\/p>\n<p>Biex il-PN ikun jista&#8217; jirba\u0127 elezzjoni madwar 20,000 li vvutaw Labour fl-a\u0127\u0127ar elezzjoni jkun je\u0127tie\u0121 li\u00a0jivvutaw PN. U dan jista&#8217; jse\u0127\u0127 biss jekk il-PN jirnexxielu i\u017comm l-appo\u0121\u0121 ta&#8217; dawk li vvutawlu fl-elezzjoni li g\u0127addiet.<\/p>\n<p>Skond <a href=\"http:\/\/www.illum.com.mt\/ahbarijiet\/politika\/51524\/starri_mt__ilpl_bdistakk_ta_90000_vot_u_muscat_iid_ilfiduja_fuq_delia#.Wpwe7a6nHIW\" target=\"_blank\" rel=\"noopener\">is-sonda\u0121\u0121i attwali<\/a>, il-PL g\u0127andu jistenna li\u00a0j\u0121ib 148,000 vot filwaqt li l-PN g\u0127andu j\u0121ib 84,000 &#8211; differenza netta ta&#8217; 80,000 vot. Dan i<a href=\"https:\/\/lovinmalta.com\/news\/if-an-election-is-held-tomorrow-labour-could-be-able-to-change-the-constitution-by-itself\" target=\"_blank\" rel=\"noopener\">l-proporzjon ta&#8217; 2:1 jista&#8217; jag\u0127ti lill-PL\u00a0il-poter li jabolixxi d-demokrazija nnifisha<\/a> u jkun jista&#8217; jg\u0127id li g\u0127amel dan b&#8217;mod legali u demokratiku.<\/p>\n<p>Il-PN g\u0127andu quddiemu responsabbilt\u00e0 ta&#8217; natura kostituzzjonali u nazzjonali. G\u0127andu d-dmir li jintervjeni kif g\u0127amel fl-img\u0127oddi meta d-drittijiet fundamentali\u00a0kienu fil-periklu. L-istorja ta&#8217; Malta kienet tkun ferm differenti li kieku l-PN m&#8217;g\u0127amilx dak li g\u0127amel fl-1981 u fl-1987. Il-PN huwa fid-dmir li jintervjeni u li jkun effettiv. Il-pajji\u017c m&#8217;g\u0127andux b\u017conn ta&#8217; protesti purament simboli\u010bi fuq skala kbira &#8211; g\u0127andna bi\u017c\u017cejjed minnhom b\u0127alissa.<\/p>\n<p>Il-PN je\u0127tie\u0121 li jkun oppo\u017cizzjoni effettiva &#8211; mhux oppo\u017cizzjoni ta&#8217; \u0127afna g\u0127ajjat &#8211; i\u017cda wa\u0127da determinata,\u00a0mag\u0127quda u konsistenti. Oppo\u017cizzjoni effettiva li wie\u0127ed g\u0127andu jifhem li hi\u00a0alternattiva vijabbli g\u0127all-gvern\u00a0u li tkun wa\u0127da b&#8217;\u010bans tajjeb li tirba\u0127 elezzjoni.<\/p>\n<p>B\u0127alissa l-PN m&#8217;hu xejn minn dan kollu.<\/p>\n<p>Nixtieq nag\u0127milha \u010bara li jien m&#8217;jinix xi wie\u0127ed minn dawk li jippreferu li jappo\u0121\u0121jaw partit li mis-sonda\u0121\u0121i jidher li g\u0127andu l-appo\u0121\u0121 ta&#8217; 2.5% biss tal-elettorat. Naqbel ma&#8217; min isostni li\u00a0appo\u0121\u0121\u00a0li jing\u0127ata lil partit \u017cg\u0127ir jew astensjoni mill-vot ma jistg\u0127ux \u0127lief ifissru \u0127sara lill-PN u \u0121id g\u0127all-PL.<\/p>\n<p>Sa minn \u017cog\u0127\u017citi din minn dejjem kienet il-fehma tieg\u0127i.<\/p>\n<p>I\u017cda huwa wkoll minnu li dan l-argument jista&#8217; jin\u0121ieb mill-PN biss meta jkun ras imb&#8217; ras mal-partit l-ie\u0127or. Ejjew inkunu \u010bari: biex jirba\u0127 elezzjoni l-PN ikun je\u0127tie\u0121 li jirdoppja l-ba\u017ci tal-appo\u0121\u0121 li jgawdi. U jkun je\u0127tie\u0121lu li jne\u0127\u0127i kull ostaklu li qed i\u017commu milli jag\u0127mel dan. M&#8217;hix soluzzjoni li tipprova ti\u0121\u0121ieled\u00a0kontra l-populi\u017cmu bil-populi\u017cmu stess.\u00a0F&#8217;g\u0127a\u017cla bejn populista ori\u0121inali\u00a0u l-kopja tieg\u0127u, x&#8217;aktarx li n-nies dejjem tippreferi lill-original.<\/p>\n<p>G\u0127andhom kull dritt jarawni ikra\u0127, i\u017cda g\u0127all-\u0121id tal-pajji\u017c je\u0127tie\u0121 li l-barri jinqabad minn qrunu.<\/p>\n<p>Huwa \u010bar li l-PN b\u0127alissa lanqas biss qed jipprospetta bidla fit-tmexxija tal-partit. Min jista&#8217; jisfida lit-tmexxija pre\u017centi qed jara li \u010b-\u010bansijiet tieg\u0127u f&#8217;dan ir-rigward mhumiex sbie\u0127 u l-mexxej pre\u017centi m&#8217;hu qed jikkonsidra\u00a0xenarji li jisg\u0127u imorru lil hinn mill-vi\u017cjoni dejqa tieg\u0127u.<\/p>\n<p>It-tmexxija tal-partit g\u0127adha mwa\u0127\u0127la wisq fi \u0121lieda mentali kontra Simon Busuttil minflok kontra Joseph Muscat. Id-dinja tag\u0127hom bejn l-erba&#8217;\u00a0\u0127itan tal-Istamperija ma ttihomx wisq g\u0127a\u017cliet.<\/p>\n<p>Wa\u0127da mill-g\u0127a\u017cliet li b\u0127alissa tinsab in voga hi \u010b-\u010ba\u0127da. Rashom imwa\u0127\u0127la fir-ramel. Allura t-tort huwa ta&#8217; nies ingrati b\u0127ali u ta&#8217; nies ingrati o\u0127ra li ja\u0127sbuha b\u0127ali li qed jag\u0127mlu &#8220;l-\u0127sara lill-partit&#8221; permezz tal-kritika tag\u0127hom.<\/p>\n<p>Ma jkunx\u00a0a\u0127jar jekk to\u0127or\u0121u raskom minn din l-imbierka toqba fir-ramel!<\/p>\n","protected":false},"excerpt":{"rendered":"<p>Ta&#8217; spiss nitkellmu dwar il-&#8220;\u0127wejje\u0121&#8221; \u0121odda li libes\u00a0Joseph Muscat u dwar id-delu\u017cjoni imperjalistika tieg\u0127u imsejsa kif inhi\u00a0fuq tafal li jista&#8217; jarah kul\u0127add \u0127lief l-imperatur g\u0127arwien innifsu. G\u0127adni ma nistax nifhem kif Adrian Delia g\u0127adu m&#8217;huwiex juri l-i\u010bken t\u0127assib.\u00a0B\u0127ala werriet ta&#8217; sensiela ta&#8217; \u0127assieba politi\u010bi, strate\u0121isti bil-musta\u010b\u010bi, riformaturi kapa\u010bi u mexxejja li jispiraw, il-Partit Nazzjonalista jidher [&hellip;]<\/p>\n","protected":false},"author":1,"featured_media":4883,"comment_status":"open","ping_status":"open","sticky":false,"template":"","format":"standard","meta":[],"categories":[54],"tags":[],"_links":{"self":[{"href":"https:\/\/manueldelia.com\/mt\/wp-json\/wp\/v2\/posts\/4887\/"}],"collection":[{"href":"https:\/\/manueldelia.com\/mt\/wp-json\/wp\/v2\/posts\/"}],"about":[{"href":"https:\/\/manueldelia.com\/mt\/wp-json\/wp\/v2\/types\/post\/"}],"author":[{"embeddable":true,"href":"https:\/\/manueldelia.com\/mt\/wp-json\/wp\/v2\/users\/1\/"}],"replies":[{"embeddable":true,"href":"https:\/\/manueldelia.com\/mt\/wp-json\/wp\/v2\/comments\/?post=4887"}],"version-history":[{"count":5,"href":"https:\/\/manueldelia.com\/mt\/wp-json\/wp\/v2\/posts\/4887\/revisions\/"}],"predecessor-version":[{"id":4905,"href":"https:\/\/manueldelia.com\/mt\/wp-json\/wp\/v2\/posts\/4887\/revisions\/4905\/"}],"wp:featuredmedia":[{"embeddable":true,"href":"https:\/\/manueldelia.com\/mt\/wp-json\/wp\/v2\/media\/4883\/"}],"wp:attachment":[{"href":"https:\/\/manueldelia.com\/mt\/wp-json\/wp\/v2\/media\/?parent=4887"}],"wp:term":[{"taxonomy":"category","embeddable":true,"href":"https:\/\/manueldelia.com\/mt\/wp-json\/wp\/v2\/categories\/?post=4887"},{"taxonomy":"post_tag","embeddable":true,"href":"https:\/\/manueldelia.com\/mt\/wp-json\/wp\/v2\/tags\/?post=4887"}],"curies":[{"name":"wp","href":"https:\/\/api.w.org\/{rel}","templated":true}]}}