{"id":5158,"date":"2018-03-16T09:27:37","date_gmt":"2018-03-16T08:27:37","guid":{"rendered":"https:\/\/manueldelia.com\/?p=5158"},"modified":"2018-03-16T14:44:58","modified_gmt":"2018-03-16T13:44:58","slug":"meta-daphne-caruana-galizia-ghamlet-paragun-bejn-robert-fico-u-joseph-muscat","status":"publish","type":"post","link":"https:\/\/manueldelia.com\/mt\/2018\/03\/meta-daphne-caruana-galizia-ghamlet-paragun-bejn-robert-fico-u-joseph-muscat\/","title":{"rendered":"Meta Daphne Caruana Galizia g\u0127amlet paragun bejn Robert Fico u Joseph Muscat"},"content":{"rendered":"<p><a href=\"https:\/\/daphnecaruanagalizia.com\/2016\/11\/slovakian-prime-minister-calls-journalists-dirty-anti-slovak-prostitutes\/\" target=\"_blank\" rel=\"noopener\">Aqraw x&#8217;kienet kitbet Daphne Caruana Galizia f&#8217;Novembru 2016<\/a>. Madwar 10 xhur qabel \u0121iet assassinata kienet g\u0127amlet paragun dwar il-metodu dispre\u0121\u0121jattiv u\u017cat fil-konfront tal-\u0121urnalisti mi\u017c-\u017cew\u0121 prim ministri.<\/p>\n<p><img class=\"aligncenter wp-image-5145 size-full\" src=\"https:\/\/manueldelia.com\/wp-content\/uploads\/2018\/03\/joseph_muscat_robert_fico.jpg\" alt=\"\" width=\"684\" height=\"468\" srcset=\"https:\/\/manueldelia.com\/wp-content\/uploads\/2018\/03\/joseph_muscat_robert_fico-300x205.jpg 300w, https:\/\/manueldelia.com\/wp-content\/uploads\/2018\/03\/joseph_muscat_robert_fico-395x270.jpg 395w, https:\/\/manueldelia.com\/wp-content\/uploads\/2018\/03\/joseph_muscat_robert_fico.jpg 684w\" sizes=\"(max-width: 684px) 100vw, 684px\" \/><\/p>\n<p>&#8220;S\u0127abi \u0121urnalisti: hekk kif,\u00a0fl-isfond tal-<em>fake news<\/em> u tal-mi\u017cinformazzjoni ta&#8217; dawn i\u017c-\u017cminijiet u fl-isfond ukoll tal-qawmien tal-lemin estrem,\u00a0filwaqt li xog\u0127lna qed isir aktar u aktar importanti, is-sitwazzjoni g\u0127alina qed issir aktar diffi\u010bli min\u0127abba l-ostilit\u00e0 bil-miftu\u0127 ta&#8217; \u010berti politi\u010bi notorji \u2013 fil-fatt dawn huma ver\u017cjoni moderna ta&#8217; politi\u010bi notorji tal-img\u0127oddi\u00a0\u2013 u ta&#8217; dawk li jappo\u0121\u0121jawhom.&#8221;<\/p>\n<p>Ta\u0127t dawn il-politi\u010bi notorji\u00a0li qed jag\u0127mlu minn kollox biex jiddemonizzaw, ji\u017colaw u jintimidaw lill-istampa \u0127ielsa,\u00a0inqatlu \u017cew\u0121 \u0121urnalisti. Min jaf kemm hemm minn dawn li siktu\u00a0wara li nxtraw jew \u0121ew intimidati min\u0127abba l-bi\u017ca&#8217;?<\/p>\n<p>&nbsp;<\/p>\n<p><img class=\"aligncenter wp-image-5147 size-full\" src=\"https:\/\/manueldelia.com\/wp-content\/uploads\/2018\/03\/slovakia-president-urges-new-election-after-murder-of-investigative-journalist-jan-kuciak.jpg\" alt=\"\" width=\"620\" height=\"356\" srcset=\"https:\/\/manueldelia.com\/wp-content\/uploads\/2018\/03\/slovakia-president-urges-new-election-after-murder-of-investigative-journalist-jan-kuciak-300x172.jpg 300w, https:\/\/manueldelia.com\/wp-content\/uploads\/2018\/03\/slovakia-president-urges-new-election-after-murder-of-investigative-journalist-jan-kuciak-470x270.jpg 470w, https:\/\/manueldelia.com\/wp-content\/uploads\/2018\/03\/slovakia-president-urges-new-election-after-murder-of-investigative-journalist-jan-kuciak.jpg 620w\" sizes=\"(max-width: 620px) 100vw, 620px\" \/><img class=\"aligncenter wp-image-5148 size-full\" src=\"https:\/\/manueldelia.com\/wp-content\/uploads\/2018\/03\/171016141802-01-daphne-caruana-galizia-full-169.jpg\" alt=\"\" width=\"1600\" height=\"900\" srcset=\"https:\/\/manueldelia.com\/wp-content\/uploads\/2018\/03\/171016141802-01-daphne-caruana-galizia-full-169-300x169.jpg 300w, https:\/\/manueldelia.com\/wp-content\/uploads\/2018\/03\/171016141802-01-daphne-caruana-galizia-full-169-480x270.jpg 480w, https:\/\/manueldelia.com\/wp-content\/uploads\/2018\/03\/171016141802-01-daphne-caruana-galizia-full-169-768x432.jpg 768w, https:\/\/manueldelia.com\/wp-content\/uploads\/2018\/03\/171016141802-01-daphne-caruana-galizia-full-169.jpg 1024w\" sizes=\"(max-width: 1600px) 100vw, 1600px\" \/><\/p>\n","protected":false},"excerpt":{"rendered":"<p>Aqraw x&#8217;kienet kitbet Daphne Caruana Galizia f&#8217;Novembru 2016. Madwar 10 xhur qabel \u0121iet assassinata kienet g\u0127amlet paragun dwar il-metodu dispre\u0121\u0121jattiv u\u017cat fil-konfront tal-\u0121urnalisti mi\u017c-\u017cew\u0121 prim ministri. &#8220;S\u0127abi \u0121urnalisti: hekk kif,\u00a0fl-isfond tal-fake news u tal-mi\u017cinformazzjoni ta&#8217; dawn i\u017c-\u017cminijiet u fl-isfond ukoll tal-qawmien tal-lemin estrem,\u00a0filwaqt li xog\u0127lna qed isir aktar u aktar importanti, is-sitwazzjoni g\u0127alina qed issir [&hellip;]<\/p>\n","protected":false},"author":1,"featured_media":5145,"comment_status":"open","ping_status":"open","sticky":false,"template":"","format":"standard","meta":[],"categories":[54],"tags":[],"_links":{"self":[{"href":"https:\/\/manueldelia.com\/mt\/wp-json\/wp\/v2\/posts\/5158\/"}],"collection":[{"href":"https:\/\/manueldelia.com\/mt\/wp-json\/wp\/v2\/posts\/"}],"about":[{"href":"https:\/\/manueldelia.com\/mt\/wp-json\/wp\/v2\/types\/post\/"}],"author":[{"embeddable":true,"href":"https:\/\/manueldelia.com\/mt\/wp-json\/wp\/v2\/users\/1\/"}],"replies":[{"embeddable":true,"href":"https:\/\/manueldelia.com\/mt\/wp-json\/wp\/v2\/comments\/?post=5158"}],"version-history":[{"count":5,"href":"https:\/\/manueldelia.com\/mt\/wp-json\/wp\/v2\/posts\/5158\/revisions\/"}],"predecessor-version":[{"id":5170,"href":"https:\/\/manueldelia.com\/mt\/wp-json\/wp\/v2\/posts\/5158\/revisions\/5170\/"}],"wp:featuredmedia":[{"embeddable":true,"href":"https:\/\/manueldelia.com\/mt\/wp-json\/wp\/v2\/media\/5145\/"}],"wp:attachment":[{"href":"https:\/\/manueldelia.com\/mt\/wp-json\/wp\/v2\/media\/?parent=5158"}],"wp:term":[{"taxonomy":"category","embeddable":true,"href":"https:\/\/manueldelia.com\/mt\/wp-json\/wp\/v2\/categories\/?post=5158"},{"taxonomy":"post_tag","embeddable":true,"href":"https:\/\/manueldelia.com\/mt\/wp-json\/wp\/v2\/tags\/?post=5158"}],"curies":[{"name":"wp","href":"https:\/\/api.w.org\/{rel}","templated":true}]}}