{"id":52547,"date":"2018-11-18T20:46:42","date_gmt":"2018-11-18T19:46:42","guid":{"rendered":"https:\/\/manueldelia.com\/?p=52547"},"modified":"2018-11-19T09:04:06","modified_gmt":"2018-11-19T08:04:06","slug":"17-black-ebda-cahda-ebda-konferma-ebda-kumment","status":"publish","type":"post","link":"https:\/\/manueldelia.com\/mt\/2018\/11\/17-black-ebda-cahda-ebda-konferma-ebda-kumment\/","title":{"rendered":"17 Black: ebda \u010ba\u0127da, ebda konferma, ebda kumment"},"content":{"rendered":"<p><img class=\"aligncenter size-full wp-image-52114\" src=\"https:\/\/manueldelia.com\/wp-content\/uploads\/2018\/11\/joseph_muscat_keith_schembri_kurt_farrugia_1.png.jpeg\" alt=\"\" width=\"684\" height=\"452\" srcset=\"https:\/\/manueldelia.com\/wp-content\/uploads\/2018\/11\/joseph_muscat_keith_schembri_kurt_farrugia_1.png-200x132.jpeg 200w, https:\/\/manueldelia.com\/wp-content\/uploads\/2018\/11\/joseph_muscat_keith_schembri_kurt_farrugia_1.png-300x198.jpeg 300w, https:\/\/manueldelia.com\/wp-content\/uploads\/2018\/11\/joseph_muscat_keith_schembri_kurt_farrugia_1.png-400x264.jpeg 400w, https:\/\/manueldelia.com\/wp-content\/uploads\/2018\/11\/joseph_muscat_keith_schembri_kurt_farrugia_1.png-600x396.jpeg 600w, https:\/\/manueldelia.com\/wp-content\/uploads\/2018\/11\/joseph_muscat_keith_schembri_kurt_farrugia_1.png.jpeg 684w\" sizes=\"(max-width: 684px) 100vw, 684px\" \/><\/p>\n<p>Ilna minn dalg\u0127odu li qrajna fuq\u00a0<em>The Sunday Times of Malta<\/em> li l-Pulizija qed tmexxi inkjesta kriminali dwar <em>17 Black. The Sunday<\/em> <em>Times of Malta<\/em> ma qalitx dan b&#8217;mod \u010bar u tond, <a href=\"https:\/\/manueldelia.com\/2018\/11\/the-sunday-times-story-implies-konrad-mizzi-and-keith-schembri-are-under-a-criminal-investigation-where-are-their-resignations\/\" target=\"_blank\" rel=\"noopener\">i\u017cda tat \u0127jiel li \u010b-<em>chief<\/em> <em>of staff<\/em> tal-Prim Ministru u Ministru tal-gvern huma s-su\u0121\u0121ett ta&#8217; investigazzjoni kriminali b\u0127ala persuni suspettati<\/a> li kellhom sehem fi skandlu li f&#8217;Malta qatt ma kien hawn b\u0127alu.<\/p>\n<p>Daqshekk seta&#8217; jitwemmen <a href=\"https:\/\/www.timesofmalta.com\/articles\/view\/20180723\/local\/egrant-inquiry-clears-me-and-keith-schembri-too-konrad-mizzi.685130\" target=\"_blank\" rel=\"noopener\">Konrad Mizzi meta fit-23 ta&#8217; Lulju stqarr qisu mhux hu li l-inkjesta <em>Egrant<\/em> kienet e\u017conerat<\/a> lilu u lil Keith Schembri u li &#8220;kien inkixef il-gideb ta&#8217; Daphne Caruana Galizia&#8221;. Konna di\u0121\u00e0 nafu li dak li stqarr Konrad Mizzi ma kienet xejn \u0127lief barkata \u0127merijiet. I\u017cda issa nafu wkoll li r-ri\u017cultat tal-inkjesta <em>Egrant<\/em> g\u0127alih kien fer\u0127a bla temma. U llum Konrad Mizzi qara&#8217; r-rapport fil-\u0121urnal li jg\u0127id li hu u Keith Schembri huma l-persuni suspettati f&#8217;investigazzjoni kriminali. M&#8217;hemmx dubju li dan ilu jafu g\u0127al xi \u017cmien.<\/p>\n<p>Dalg\u0127odu Joseph Muscat <a href=\"https:\/\/www.timesofmalta.com\/articles\/view\/20181118\/local\/god-forbid-the-pm-decides-who-is-guilty-or-not-muscat.694601\" target=\"_blank\" rel=\"noopener\">ipprova ji\u017cloq b\u0127al bu\u017cullieqa<\/a>. G\u0127ax issa spi\u010b\u010bawlu l-isku\u017ci kollha, ttanta jitkellem dwar dak li fil-fatt huwa minn ewl id-dinja u qalilna li m&#8217;huwiex xog\u0127olu li jaqta&#8217; sentenzi dwar il-\u0127tija ta&#8217; Keith Schembri u ta&#8217; Konrad Mizzi.<\/p>\n<p>U \u017cgur li mhux xog\u0127olu. Dak xog\u0127ol l-Im\u0127allfin wara li l-Pulizija u l-Avukat \u0120enerali jkunu tellg\u0127uhom il-qorti u xlewhom.<\/p>\n<p>Fil-5 ta&#8217; Mejju li g\u0127adda, Joseph Muscat kien stqarr li jekk ikun hemm investigazzjoni fuq Keith Schembri u jinstab li je\u017cistu ra\u0121unijiet li fuqhom il-Pulizija tkun tista&#8217; tmexxi kriminalment kontrih, Schembri <a href=\"https:\/\/www.timesofmalta.com\/articles\/view\/20170505\/local\/joseph-muscat-distances-himself-from-keith-schembri.647115\" target=\"_blank\" rel=\"noopener\">\u201cjkollu jerfa&#8217; r-responsabbilt\u00e0 u jwarrab\u201d<\/a>.<\/p>\n<p>F&#8217;\u0120unju, ftit wara l-elezzjoni \u0121enerali u hekk kif \u0127abbar il-Kabinett,\u00a0 Joseph Muscat ma setax tkellem aktar \u010bar: <a href=\"https:\/\/www.maltachamber.org.mt\/en\/muscat-picks-his-new-cabinet\" target=\"_blank\" rel=\"noopener\">\u201cDr Muscat qal li Keith Schembri jkollu jwarrab jekk ikun is-su\u0121\u0121ett ta&#8217; investigazzjoni mill-Pulizija\u201d<\/a>.<\/p>\n<p>Illum il-Pulizija la \u010ba\u0127det, la kkonfermat u lanqas ikkummentat dwar ir-rapport li xxandar li Keith Schembri u Konrad Mizzi huma l-persuni suspettati li huma s-su\u0121\u0121ett ta&#8217; investigazzjoni kriminali. Kulma kellna llum kien spekulazzjoni kontinwa li kienet ri\u017cultat ta\u017c-\u017clieq ta&#8217; Joseph Muscat u tas-skiet perfett minn na\u0127a tal-Pulizija.<\/p>\n<p>Dan m&#8217;hu xejn \u0127lief \u0121enn.<\/p>\n<p>Fil-frattemp <a href=\"https:\/\/manueldelia.com\/2018\/11\/investigators-tell-the-sunday-times-theyre-near-solving-daphnes-murder-they-didnt-tell-her-family-that\/\" target=\"_blank\" rel=\"noopener\">l-istorja li xxandret fil-fa\u010b\u010bata ta&#8217; quddiem ta&#8217; <em>The Sunday Times of Malta<\/em> li rrappurtat \u2018li nstab tarf u appik li qbadnihom\u2019\u00a0<\/a> b&#8217;rabta mal-investigazzjoni dwar l-assassinju ta&#8217; Daphne Caruana Galizia, l-Pulizija la kkonfermatha, la \u010ba\u0127ditha u lanqas biss tniffset dwarha.<\/p>\n<p>Dan x&#8217;\u0121enn hu?<\/p>\n<p>Ilni minn dalg\u0127odu nir\u010bievi telefonati minn \u0121urnalisti barranin li qraw l-istorja mxandra f&#8217;<em>The Sunday Times of Malta<\/em> u dawn stennew li ng\u0127addilhom l-ismijiet, insemmilhom il-post fejn saru l-arresti u l-motivazzjonijiet tal-arrestati u ng\u0127addilhom rapport ta&#8217; dak li stqarr il-kelliem tal-Pulizija dwar l-assassinju tal-\u0121urnalista. Kulma kelli biex ng\u0127addilhom kien dak li \u0121ie rappurtat li qalet Corinne Vella, o\u0127t Daphne, li hi &#8211; b\u0127al \u0127addie\u0127or &#8211; qrat ir-rapport f&#8217;<em>The Sunday Times of Malta,<\/em> uli \u0127add ma kien kellem lilha jew lil membri tal-familja tag\u0127ha qabel ixxandret l-istorja.<\/p>\n<p>Stephen Grey ta&#8217; <em>Reuters<\/em> &#8211; il-bniedem li l-\u0121img\u0127a li g\u0127addiet xandar l-istorja dwar <em>17 Black<\/em> u li hu wie\u0127ed mill-\u0121urnalisti li qed isegwi dak kollu li qed ise\u0127\u0127 f&#8217;Malta, ftit minuti ilu g\u0127amel <em>tweet<\/em> fejn qal li xi g\u0127ejjun infurmaw\u0127 li <em>The Sunday Times of Malta<\/em> xandret informazzjoni \u017cbaljata u li l-Pulizija g\u0127adha sal-lum ma tafx min kien il-mo\u0127\u0127 wara l-assassinju ta&#8217; Daphne Caruana Galizia.<\/p>\n<blockquote class=\"twitter-tweet\">\n<p dir=\"ltr\" lang=\"en\">G\u0127ejjun infurmati qaluli li r-rapport li xxandar fis-sens li l-mo\u0127\u0127 wara l-qtil tal-\u0121urnalista Maltija Daphne Caruana Galizia \u0121ie identifikat, MHUWIEX MINNU: &#8220;G\u0127adna ma sibniex tarf &#8230;&#8230;. u kollox g\u0127adu qed ji\u0121i investigat&#8221; <a href=\"https:\/\/t.co\/tqy4FXbC5m\">https:\/\/t.co\/tqy4FXbC5m<\/a><\/p>\n<p>\u2014 Stephen Grey (@StephenGrey) <a href=\"https:\/\/twitter.com\/StephenGrey\/status\/1064227678675443712?ref_src=twsrc%5Etfw\">18 ta&#8217; Novembru 2018<\/a><\/p><\/blockquote>\n<p>X&#8217;hemm mistur wara din il-log\u0127ba?<\/p>\n<p>Ir-ra\u0121uni tinsab fil-fatt li l-mazz jinsab f&#8217;idejn Joseph Muscat li jaf ben tajjeb li l-fatti jkunu jistg\u0127u jitilg\u0127u fil-wi\u010b\u010b jekk kollox ikun \u010bar. U li l-Pulizija tkun tista&#8217; tg\u0127id li sabet tarf tal-qtil ta&#8217; Daphne Caruana Galizia meta tkun f&#8217;po\u017cizzjoni li tixli lil xi \u0127add u tippre\u017centa l-provi kontrih.<\/p>\n<p>Fil-frattemp, dwar <em>17 Black<\/em> il-provi li hemm kontra Keith Schembri and Konrad Mizzi di\u0121\u00e0 xxandru. Kul\u0127add jaf li Keith Schembri u Konrad Mizzi kienu \u0127olqu entitajiet li kellhom jir\u010bievu ammonti kbar \u0127afna ta&#8217; flejjes ming\u0127and Yorgen Fenech tal-<em>Electrogas.<\/em><\/p>\n<p>G\u0127alhekk hija \u0127a\u0121a tad-da\u0127k li l-Pulizija to\u0127ro\u0121 stqarrija fis-sens li qieg\u0127da tikkunsidra din l-affari b\u0127ala investigazzjoni ta&#8217; reat kriminali. Qishom dak it-tabib li jmur jg\u0127id li daqqa ta&#8217; sikkina fl-istonku ta&#8217; xi \u0127add ikkaw\u017cat ferita li tkun te\u0127tie\u0121 attenzjoni medika.<\/p>\n<p>Sentejn wara li sirna nafu bil-kumpanniji sigrieti tal-Panama, sitt xhur wara li ntba\u0127na bil-pjanijiet li kellhom bil-\u0127olqien ta&#8217; <em>17 Black<\/em> u \u0121img\u0127a wara li sirna nafu sid is-<em>17 Black<\/em> min hu, il-fatt li l-Pulizija qed tmexxi investigazzjoni kriminali ssir informazzjoni li ti\u0121i mg\u0127oddija b&#8217;mod kunfidenzjali lill-\u0121urnalisti minn investigaturi li m&#8217;humiex identifikati.<\/p>\n<p>U issa li l-istorja xxandret, il-Pulizija tibqa&#8217; siekta u tibqa&#8217; ma tg\u0127idilniex din l-informazzjoni hix minnha jew le.<\/p>\n<p>M&#8217;hemmx g\u0127alfejn tkun xi professur bil-musta\u010b\u010bi biex tinteba\u0127 x&#8217;inhu ji\u0121ri. Dawk li qed jinvestigaw lil Keith Schembri huma be\u017cg\u0127ana minnu. Is-setg\u0127a kbira u omnipotenti li g\u0127andu qed twassal biex f&#8217;dawn l-investigazzjonijiet jibqa&#8217; ma jinstabx tarf.<\/p>\n<p>Dan jista&#8217; effettivament ifisser li Joseph Muscat qed jag\u0127ti kenn f&#8217;Kastilja lil bniedem li qed ja\u0127rab mill-\u0121ustizzja. U g\u0127ax qed jag\u0127tih il-kenn, qed jimmina t-twettiq tal-\u0121ustizzja.<\/p>\n<p>Tkellimt ma&#8217; xi avukati li qaluli li fil-li\u0121i tag\u0127na ma jidhirx li hemm klawsola spe\u010bifika li tag\u0127ti t-tifsira e\u017catta ta&#8217; \u2018imminar tal-\u0121ustizzja\u2019 b\u0127al fil-ka\u017cijiet, per e\u017cempju ta&#8217; Richard Nixon, Bill Clinton u Donald Trump.<\/p>\n<p>Jidhirli li \u0127a\u0121a b\u0127al din hija assurdit\u00e0 legali. Il-Kostituzzjoni tag\u0127na tg\u0127id li Malta t\u0127addan sistema demokratika. Jekk ir-rappre\u017centanti eletti tag\u0127na ju\u017caw is-setg\u0127a mog\u0127tija lilhom biex jag\u0127tu l-kenn lill-\u0127bieb tag\u0127hom u biex je\u017centawhom mil-li\u0121ijiet, u li din minnha nnifisha m&#8217;hix reat kriminali allura dan il-pajji\u017c mhux veru li j\u0127addan sistema demokratika.<\/p>\n<p>Demokrazija ma tfissirx biss l-elezzjonijiet. Tfisser ukoll li l-li\u0121i g\u0127andha tapplika g\u0127al kul\u0127add ming\u0127ajr e\u010b\u010bezzjonijiet u tapplika wkoll g\u0127al dawk li g\u0127andhom is-setg\u0127a.<\/p>\n<p>Issa li sirna nafu li Keith Schembri huwa su\u0121\u0121ett ta&#8217; investigazzjoni kriminali dwar <em>17 Black<\/em> \u2014 kif fil-fatt g\u0127andu jkun \u2014 u Joseph Muscat \u0127allih f&#8217;postu, araw it-twe\u0121iba <a href=\"https:\/\/manueldelia.com\/2018\/11\/joseph-muscat-i-will-resign-if-implicated-in-17-black-wrongdoing-you-can-fuck-right-off-then\/\" target=\"_blank\" rel=\"noopener\">g\u0127all-isfida ta&#8217; Joseph Muscat.<\/a><\/p>\n<p>Aktar ma jg\u0127addi \u017cmien, aktar jidher li Joseph Muscat huwa mplikat fl-istorja ta&#8217; <em>17 Black<\/em>. U sakemm Joseph Muscat jibqa&#8217; f&#8217;Kastilja, ma tistax ise\u0127\u0127 il-\u0121ustizzja.<\/p>\n","protected":false},"excerpt":{"rendered":"<p>Ilna minn dalg\u0127odu li qrajna fuq\u00a0The Sunday Times of Malta li l-Pulizija qed tmexxi inkjesta kriminali dwar 17 Black. The Sunday Times of Malta ma qalitx dan b&#8217;mod \u010bar u tond, i\u017cda tat \u0127jiel li \u010b-chief of staff tal-Prim Ministru u Ministru tal-gvern huma s-su\u0121\u0121ett ta&#8217; investigazzjoni kriminali b\u0127ala persuni suspettati li kellhom sehem fi [&hellip;]<\/p>\n","protected":false},"author":1,"featured_media":52114,"comment_status":"open","ping_status":"open","sticky":false,"template":"","format":"standard","meta":[],"categories":[54],"tags":[],"_links":{"self":[{"href":"https:\/\/manueldelia.com\/mt\/wp-json\/wp\/v2\/posts\/52547\/"}],"collection":[{"href":"https:\/\/manueldelia.com\/mt\/wp-json\/wp\/v2\/posts\/"}],"about":[{"href":"https:\/\/manueldelia.com\/mt\/wp-json\/wp\/v2\/types\/post\/"}],"author":[{"embeddable":true,"href":"https:\/\/manueldelia.com\/mt\/wp-json\/wp\/v2\/users\/1\/"}],"replies":[{"embeddable":true,"href":"https:\/\/manueldelia.com\/mt\/wp-json\/wp\/v2\/comments\/?post=52547"}],"version-history":[{"count":5,"href":"https:\/\/manueldelia.com\/mt\/wp-json\/wp\/v2\/posts\/52547\/revisions\/"}],"predecessor-version":[{"id":52791,"href":"https:\/\/manueldelia.com\/mt\/wp-json\/wp\/v2\/posts\/52547\/revisions\/52791\/"}],"wp:featuredmedia":[{"embeddable":true,"href":"https:\/\/manueldelia.com\/mt\/wp-json\/wp\/v2\/media\/52114\/"}],"wp:attachment":[{"href":"https:\/\/manueldelia.com\/mt\/wp-json\/wp\/v2\/media\/?parent=52547"}],"wp:term":[{"taxonomy":"category","embeddable":true,"href":"https:\/\/manueldelia.com\/mt\/wp-json\/wp\/v2\/categories\/?post=52547"},{"taxonomy":"post_tag","embeddable":true,"href":"https:\/\/manueldelia.com\/mt\/wp-json\/wp\/v2\/tags\/?post=52547"}],"curies":[{"name":"wp","href":"https:\/\/api.w.org\/{rel}","templated":true}]}}