{"id":5297,"date":"2018-03-20T07:56:03","date_gmt":"2018-03-20T06:56:03","guid":{"rendered":"https:\/\/manueldelia.com\/2018\/03\/prestigious-new-york-state-institution-awards-free-speech-award-to-daphne-caruana-galizia\/"},"modified":"2018-03-20T10:19:32","modified_gmt":"2018-03-20T09:19:32","slug":"prestigious-new-york-state-institution-awards-free-speech-award-to-daphne-caruana-galizia","status":"publish","type":"post","link":"https:\/\/manueldelia.com\/mt\/2018\/03\/prestigious-new-york-state-institution-awards-free-speech-award-to-daphne-caruana-galizia\/","title":{"rendered":"Istituzzjoni presti\u0121\u0121ju\u017ca tal-Istat ta&#8217; New York tag\u0127ti l-premju tal-libert\u00e0 tal-kelma lil Daphne Caruana Galizia"},"content":{"rendered":"<p>Daphne Caruana Galizia se tkun onorata wara mewtha bil-Premju Tully 2017 g\u0127al-Libert\u00e0 tal-kelma (2017 <a href=\"http:\/\/tully.syr.edu\/\">Tully Center for Free Speech<\/a>) fl-Universit\u00e0 ta&#8217; Syracuse.<\/p>\n<p>I\u010b-\u010aentru Tully g\u0127al-Libert\u00e0 tal-Kelma li jinsab fis-<a href=\"https:\/\/en.wikipedia.org\/wiki\/S._I._Newhouse_School_of_Public_Communications\">Samuel Irving Newhouse School of Public Communications<\/a>\u00a0fl-<a href=\"https:\/\/en.wikipedia.org\/wiki\/Syracuse_University\">Universit\u00e0 ta&#8217; Syracuse <\/a>f&#8217;Syracuse,\u00a0New York,\u00a0ing\u0127ata bidu fl-2006 b\u0127ala legat ta&#8217;\u00a0<a href=\"https:\/\/en.wikipedia.org\/w\/index.php?title=Joan_A._Tully&amp;action=edit&amp;redlink=1\">Joan A. Tully<\/a>, lawreata tal-istess skola fis-sena 1969, u promotri\u010bi impenjata bis-s\u0127i\u0127 g\u0127al-libert\u00e0 tal-kelma, g\u0127al-libert\u00e0 tal-espressjoni, g\u0127al-libert\u00e0 tal-informazzjoni u g\u0127al Fourth Estate b&#8217;sa\u0127\u0127tu.<\/p>\n<p><img class=\"size-full wp-image-5146 alignleft\" src=\"https:\/\/manueldelia.com\/wp-content\/uploads\/2018\/03\/download-1.jpg\" alt=\"\" width=\"197\" height=\"256\" \/>I\u010b-\u010aentru Tully jeduka lill-istudenti u lill-pubbliku dwar il-valur importanti tal-libert\u00e0 tal-kelma permezz tal-edukazzjoni, ir-ri\u017corsi u r-ri\u010berka. B\u0127ala parti mil-legat tag\u0127ha, Joan Tully talbet li jing\u0127ata premju biex ji\u0121i onorat \u0121urnalist li jkun wera kura\u0121\u0121 quddiem theddida tal-libert\u00e0 tal-kelma.<\/p>\n<p>Ir-ra\u0121el ta&#8217; Daphne Caruana Galizia\u2019s, Peter, u t-tliet uliedha, Matthew, Andrew u Paul, se jattendu \u010b-\u010berimonja tal-g\u0127oti tal-premju u jiddiskutu \u0127ajjitha, xog\u0127olha u l-legat tag\u0127ha.<\/p>\n<p>Biex jing\u0127ata l-Premju Tully, bord ta&#8217; nominaturi minn barra ippre\u017centa l-ismijiet ta&#8217; diversi \u0121urnalisti u bord tal-Fakulta Newhouse, studenti u impjegati ta\u010b-\u010aentru Tully g\u0127a\u017clu lil Daphne Caruana Galizia minn grupp ta&#8217; \u0121urnalisti internazzjonali li affa\u010b\u010bjaw theddidiet sinjifikanti g\u0127al xog\u0127olhom, inklu\u017ci kaw\u017ci ta&#8217; libell, \u0127abs u fastidju serju.<\/p>\n<p><a href=\"http:\/\/newhouse.syr.edu\/faculty-staff\/roy-gutterman\">Roy Gutterman<\/a>, id-direttur ta\u010b-\u010aentru Tully qal &#8220;Se jkun privile\u0121\u0121 tag\u0127na li nonoraw il-\u0127ajja u l-legat ta&#8217; Daphne ma&#8217; familtha,&#8221;. &#8220;Daphne issagrifikat \u0127ajjitha biex tg\u0127id il-verit\u00e0 u tesponi l-korruzzjoni. Id-dinja, l-istudenti tag\u0127na u l-komunit\u00e0 universitarja tag\u0127na jistg\u0127u jitg\u0127allmu \u0127afna mis-sagrifi\u010b\u010bju tag\u0127ha.\u201d<\/p>\n","protected":false},"excerpt":{"rendered":"<p>Daphne Caruana Galizia se tkun onorata wara mewtha bil-Premju Tully 2017 g\u0127al-Libert\u00e0 tal-kelma (2017 Tully Center for Free Speech) fl-Universit\u00e0 ta&#8217; Syracuse. I\u010b-\u010aentru Tully g\u0127al-Libert\u00e0 tal-Kelma li jinsab fis-Samuel Irving Newhouse School of Public Communications\u00a0fl-Universit\u00e0 ta&#8217; Syracuse f&#8217;Syracuse,\u00a0New York,\u00a0ing\u0127ata bidu fl-2006 b\u0127ala legat ta&#8217;\u00a0Joan A. Tully, lawreata tal-istess skola fis-sena 1969, u promotri\u010bi impenjata bis-s\u0127i\u0127 [&hellip;]<\/p>\n","protected":false},"author":1,"featured_media":5291,"comment_status":"open","ping_status":"open","sticky":false,"template":"","format":"standard","meta":[],"categories":[54],"tags":[],"_links":{"self":[{"href":"https:\/\/manueldelia.com\/mt\/wp-json\/wp\/v2\/posts\/5297\/"}],"collection":[{"href":"https:\/\/manueldelia.com\/mt\/wp-json\/wp\/v2\/posts\/"}],"about":[{"href":"https:\/\/manueldelia.com\/mt\/wp-json\/wp\/v2\/types\/post\/"}],"author":[{"embeddable":true,"href":"https:\/\/manueldelia.com\/mt\/wp-json\/wp\/v2\/users\/1\/"}],"replies":[{"embeddable":true,"href":"https:\/\/manueldelia.com\/mt\/wp-json\/wp\/v2\/comments\/?post=5297"}],"version-history":[{"count":1,"href":"https:\/\/manueldelia.com\/mt\/wp-json\/wp\/v2\/posts\/5297\/revisions\/"}],"predecessor-version":[{"id":5298,"href":"https:\/\/manueldelia.com\/mt\/wp-json\/wp\/v2\/posts\/5297\/revisions\/5298\/"}],"wp:featuredmedia":[{"embeddable":true,"href":"https:\/\/manueldelia.com\/mt\/wp-json\/wp\/v2\/media\/5291\/"}],"wp:attachment":[{"href":"https:\/\/manueldelia.com\/mt\/wp-json\/wp\/v2\/media\/?parent=5297"}],"wp:term":[{"taxonomy":"category","embeddable":true,"href":"https:\/\/manueldelia.com\/mt\/wp-json\/wp\/v2\/categories\/?post=5297"},{"taxonomy":"post_tag","embeddable":true,"href":"https:\/\/manueldelia.com\/mt\/wp-json\/wp\/v2\/tags\/?post=5297"}],"curies":[{"name":"wp","href":"https:\/\/api.w.org\/{rel}","templated":true}]}}