{"id":56118,"date":"2018-11-21T09:23:44","date_gmt":"2018-11-21T08:23:44","guid":{"rendered":"https:\/\/manueldelia.com\/?p=56118"},"modified":"2018-11-22T16:27:10","modified_gmt":"2018-11-22T15:27:10","slug":"l-aqwa-zmien-ta-ferh-u-kuntentizza","status":"publish","type":"post","link":"https:\/\/manueldelia.com\/mt\/2018\/11\/l-aqwa-zmien-ta-ferh-u-kuntentizza\/","title":{"rendered":"L-aqwa \u017cmien ta&#8217; fer\u0127 u kuntentizza"},"content":{"rendered":"<p>L-iskandlu <em>17 Black<\/em> hu l-akbar skandlu fl-istorja politika ta&#8217; Malta. Qatt ma kien hawn skandlu ie\u0127or b\u0127alu &#8211; g\u0127allinqas dawk li nafu bihom. Il-provi dokumentati li di\u0121\u00e0 je\u017cistu \u0127add ma jista&#8217; jmerihom. Jekk dawn il-provi m&#8217;humiex bi\u017c\u017cejjed biex iwasslu g\u0127al kundanna ta&#8217; \u0127tija quddiem qorti, allura m&#8217;hu ser ikun qatt possibbli li ji\u0121u kundannati dawk il-politi\u010bi jew uffi\u010bjali tal-gvern li jixxa\u0127\u0127mu fuq kuntratti pubbli\u010bi.<\/p>\n<p>Il-provi dokumentati waqg\u0127u f&#8217;\u0127o\u0121or il-Pulizija, mhux g\u0127ax irsistiet hi, i\u017cda grazzi g\u0127ax-xog\u0127ol u g\u0127all-persistenza tal-\u0121urnalisti Maltin u barranin. U hawn qed nit\u0127addtu dwar il-kollass tad-demokrazija g\u0127aliex l-istituzzjonijiet tal-pajji\u017c, li xog\u0127olhom huwa li ja\u0121ixxu minnufi\u0127 meta jinkixef reat kriminali, jew jinsabu mwerwrin u jag\u0127mlu ta\u0127thom bil-bi\u017ca&#8217; jew inkella qed jieklu u jiffangaw huma stess.<\/p>\n<p>Tirrabja meta tisma&#8217; <a href=\"https:\/\/www.timesofmalta.com\/articles\/view\/20181120\/local\/watch-i-have-confidence-in-keith-schembri-muscat.694804\" target=\"_blank\" rel=\"noopener\">l-isfa\u010b\u010bata\u0121ni u tara l-wi\u010b\u010b sfiq ta&#8217; Joseph Muscat li l-biera\u0127 stqarr li l-investigazzjoni dwar <em>17 Black<\/em> m&#8217;hix investigazzjoni dwar Keith Schembri<\/a> u Konrad Mizzi. B\u0127allikieku kumpannija qatt tista&#8217; ti\u0121i akku\u017cata b&#8217;reat kriminali! Meta l-Pulizija tinvestiga qtil, ma tinvestigax is-sikkina jew l-arma tan-nar: tinvestiga l-persuna li jkun g\u0127amel u\u017cu mis-sikkina jew l-arma tan-nar biex qatel.<\/p>\n<p>I\u017cda tafu x&#8217;hemm ag\u0127ar minn hekk? Li jkollna Oppo\u017cizzjoni, li xog\u0127olha g\u0127andu jkun li tesprimi r-rabja tal-poplu u li tara kif tag\u0127mel biex Joseph Muscat ma jg\u0127addihiex lixxa kull meta jlissen dawn il-\u0127merijiet, li tikkollabora ma&#8217; dan l-attentat redikolu biex jintlag\u0127ab in-noli mal-\u0121ustizzja. <a href=\"https:\/\/www.timesofmalta.com\/articles\/view\/20181120\/local\/not-all-people-enjoying-the-surplus-but-all-would-suffer-if-maltas.694806\" target=\"_blank\" rel=\"noopener\">Il-biera\u0127 waqt attivit\u00e0 tal-PN Adrian Delia qabel mad-difi\u017ca ba\u017cwija tal-Prim Ministru ta&#8217; Keith Schembri\u00a0<\/a> u stqarr li m&#8217;hix \u010bara l-identit\u00e0 tal-persuna li qed ti\u0121i investigata fil-ka\u017c tas-<i>17 Black<\/i>: &#8220;Il-Kap tal-Oppo\u017cizzjoni rrefera g\u0127all-inkjesta <em>17 Black<\/em> u qal li m&#8217;hix \u010bara l-identit\u00e0 tal-persuna li qed investigata&#8221;.<\/p>\n<p>Min ja\u0127seb li qed ji\u0121i investigat? Il-bidillu tal-kasin\u00f2? <em>17 Black<\/em> tinsab fi\u010b-\u010bentru tal-attenzjoni g\u0127aliex Keith Schembri u Konrad Mizzi huma sidien ta&#8217; kumpanniji sigrieti fil-Panama li, skond provi dokumentati, kellhom jir\u010bievu fil-kont bankarju tag\u0127hom 150,000 dollaru fix-xahar ming\u0127and <em>17 Black<\/em>. Adrian Delia g\u0127aliex qed ig\u0127attilhom lil Keith Schembri u lil Konrad Mizzi? Lil Joseph Muscat g\u0127aliex qed ig\u0127attilu? Jiena ng\u0127id li jew g\u0127aliex huwa bniedem imbe\u010billi jew g\u0127andu l-interess li ma j\u0127abbatx difru ma&#8217; Joseph Muscat. Jew it-tnejn f&#8217;daqqa.<\/p>\n<p>Ta\u0127t id-dell ta&#8217; wie\u0127ed mill-akbar skandli fl-istorja politika ta&#8217; Malta u tal-abbu\u017c ta&#8217; poter u tal-imminar tal-kors tal-\u0121ustizzja minn na\u0127a ta&#8217; Joseph Muscat, Adrian Delia\u00a0 u Joseph Muscat il-biera\u0127 filg\u0127axija ltaqg\u0127u f&#8217;attivit\u00e0 so\u010bjali f&#8217;atmosfera amikevoli. <img class=\"aligncenter size-large wp-image-55874\" src=\"https:\/\/manueldelia.com\/wp-content\/uploads\/2018\/11\/WhatsApp-Image-2018-11-21-at-09.12.15-769x1024.jpeg\" alt=\"\" width=\"769\" height=\"1024\" srcset=\"https:\/\/manueldelia.com\/wp-content\/uploads\/2018\/11\/WhatsApp-Image-2018-11-21-at-09.12.15-200x266.jpeg 200w, https:\/\/manueldelia.com\/wp-content\/uploads\/2018\/11\/WhatsApp-Image-2018-11-21-at-09.12.15-225x300.jpeg 225w, https:\/\/manueldelia.com\/wp-content\/uploads\/2018\/11\/WhatsApp-Image-2018-11-21-at-09.12.15-400x532.jpeg 400w, https:\/\/manueldelia.com\/wp-content\/uploads\/2018\/11\/WhatsApp-Image-2018-11-21-at-09.12.15-600x799.jpeg 600w, https:\/\/manueldelia.com\/wp-content\/uploads\/2018\/11\/WhatsApp-Image-2018-11-21-at-09.12.15-768x1022.jpeg 768w, https:\/\/manueldelia.com\/wp-content\/uploads\/2018\/11\/WhatsApp-Image-2018-11-21-at-09.12.15.jpeg 769w, https:\/\/manueldelia.com\/wp-content\/uploads\/2018\/11\/WhatsApp-Image-2018-11-21-at-09.12.15-800x1065.jpeg 800w, https:\/\/manueldelia.com\/wp-content\/uploads\/2018\/11\/WhatsApp-Image-2018-11-21-at-09.12.15-1200x1597.jpeg 1200w\" sizes=\"(max-width: 769px) 100vw, 769px\" \/> Il-\u0127abib tag\u0127hom it-tnejn, Luke Dalli, iben Helena Dalli, \u0121ibed dan ir-ritratt. Dan huwa l-mod kif l-Oppo\u017cizzjoni ssir wa\u0127da po\u017cittiva. U din hi r-ra\u0121uni g\u0127ala l-poplu m&#8217;g\u0127andux tama li jkun hemm bidla.\u00a0 Illum g\u0127andna l-MLPN.<\/p>\n","protected":false},"excerpt":{"rendered":"<p>L-iskandlu 17 Black hu l-akbar skandlu fl-istorja politika ta&#8217; Malta. Qatt ma kien hawn skandlu ie\u0127or b\u0127alu &#8211; g\u0127allinqas dawk li nafu bihom. Il-provi dokumentati li di\u0121\u00e0 je\u017cistu \u0127add ma jista&#8217; jmerihom. Jekk dawn il-provi m&#8217;humiex bi\u017c\u017cejjed biex iwasslu g\u0127al kundanna ta&#8217; \u0127tija quddiem qorti, allura m&#8217;hu ser ikun qatt possibbli li ji\u0121u kundannati dawk [&hellip;]<\/p>\n","protected":false},"author":1,"featured_media":55875,"comment_status":"open","ping_status":"open","sticky":false,"template":"","format":"standard","meta":[],"categories":[54],"tags":[],"_links":{"self":[{"href":"https:\/\/manueldelia.com\/mt\/wp-json\/wp\/v2\/posts\/56118\/"}],"collection":[{"href":"https:\/\/manueldelia.com\/mt\/wp-json\/wp\/v2\/posts\/"}],"about":[{"href":"https:\/\/manueldelia.com\/mt\/wp-json\/wp\/v2\/types\/post\/"}],"author":[{"embeddable":true,"href":"https:\/\/manueldelia.com\/mt\/wp-json\/wp\/v2\/users\/1\/"}],"replies":[{"embeddable":true,"href":"https:\/\/manueldelia.com\/mt\/wp-json\/wp\/v2\/comments\/?post=56118"}],"version-history":[{"count":3,"href":"https:\/\/manueldelia.com\/mt\/wp-json\/wp\/v2\/posts\/56118\/revisions\/"}],"predecessor-version":[{"id":56575,"href":"https:\/\/manueldelia.com\/mt\/wp-json\/wp\/v2\/posts\/56118\/revisions\/56575\/"}],"wp:featuredmedia":[{"embeddable":true,"href":"https:\/\/manueldelia.com\/mt\/wp-json\/wp\/v2\/media\/55875\/"}],"wp:attachment":[{"href":"https:\/\/manueldelia.com\/mt\/wp-json\/wp\/v2\/media\/?parent=56118"}],"wp:term":[{"taxonomy":"category","embeddable":true,"href":"https:\/\/manueldelia.com\/mt\/wp-json\/wp\/v2\/categories\/?post=56118"},{"taxonomy":"post_tag","embeddable":true,"href":"https:\/\/manueldelia.com\/mt\/wp-json\/wp\/v2\/tags\/?post=56118"}],"curies":[{"name":"wp","href":"https:\/\/api.w.org\/{rel}","templated":true}]}}