{"id":5633,"date":"2018-03-26T07:24:52","date_gmt":"2018-03-26T06:24:52","guid":{"rendered":"https:\/\/manueldelia.com\/?p=5633"},"modified":"2018-03-29T08:50:38","modified_gmt":"2018-03-29T07:50:38","slug":"star-comment-qatt-tinsew-ir-rabta-ma-henley","status":"publish","type":"post","link":"https:\/\/manueldelia.com\/mt\/2018\/03\/star-comment-qatt-tinsew-ir-rabta-ma-henley\/","title":{"rendered":"STAR COMMENT: Qatt tinsew ir-rabta ma&#8217; Henley"},"content":{"rendered":"<p><em>Minn\u00a0Callixtus\u00a0wara li xxandret il-post tieg\u0127i dwar\u00a0Luzerner Zeitung:<\/em><\/p>\n<p>Il-\u0121urnal\u00a0Luzerner Zeitung jidher li \u0127arablu l-irbit Svizzeru ferm aktar importanti, ji\u0121ifieri, Christian Kaelin.<\/p>\n<p>Ali Sadr\u00a0u martu kien l-mistiedna g\u0127all-festin li kien sar biex\u00a0ji\u0121i \u010belebrat l-20 anniversarju tat-tie\u0121 ta&#8217; Kaelin. U\u00a0lest nilg\u0127ab im\u0127atra li\u00a0Christian Kaelin attenda g\u0127at-tie\u0121 ta&#8217; Ali Sadr fl-Italja flimkien ma&#8217;\u00a0Keith Schembri\u00a0u Joseph Muscat (\u0127ob\u017ca u sikkina!).<\/p>\n<p>U ma niskantax li kien Kaelin stess li introdu\u010ba lil Ali Sadr\u00a0lil Keith Schembri\u00a0u Joseph Muscat.<\/p>\n<p>I\u017c-\u017cejt tal-famu\u017c\u00a0roadmap bil-mod il-mod\u00a0tiela&#8217; fil-wi\u010b\u010b.<\/p>\n<p><img class=\"size-full wp-image-5548 alignleft\" src=\"https:\/\/manueldelia.com\/wp-content\/uploads\/2018\/03\/Christian_H_Kalin.jpg\" alt=\"\" width=\"240\" height=\"240\" srcset=\"https:\/\/manueldelia.com\/wp-content\/uploads\/2018\/03\/Christian_H_Kalin-150x150.jpg 150w, https:\/\/manueldelia.com\/wp-content\/uploads\/2018\/03\/Christian_H_Kalin.jpg 240w\" sizes=\"(max-width: 240px) 100vw, 240px\" \/>Ali Sadrkien akkwista\u00a0\u010b-\u010bittadinanza ta&#8217; St Kitts &amp; Nevis bl-g\u0127ajnuna ta&#8217; Henley and Partners. M&#8217;hemmx dubju li kienu jafu li bnidem prominenti mill-Iran ma kienx ser jixtri passaport biex imur ig\u0127ix g\u0127al g\u0127omru fil-Karibew. M&#8217;hi \u0127a\u0121a kbira xejn li basru x&#8217;kien qed jag\u0127mel fl-Istati Uniti meta kien g\u0127arblu l-applikazzjoni tieg\u0127u.<\/p>\n<p>Daphne Caruana Galizia kienet kitbet fil-blog tag\u0127ha\u00a0li Henley and Partners kienu\u00a0laqqg\u0127u lil\u00a0Cambridge Analytica mal-Partit Laburista.<\/p>\n<p>Il-bejg\u0127 ta&#8217; passaporti ta&#8217; pajji\u017ci fil-Karibew iqalla&#8217; l-flus.\u00a0I\u017cda m&#8217;hemmx paragun \u00a0mal-qlieg\u0127 li j\u0127alli l-bejg\u0127 ta&#8217; passaporti tal-UE.\u00a0Kulma\u00a0wie\u0127ed g\u0127andu jag\u0127mel biex jistampa passaporti tal-UE huwa permezz tal-kontroll fuq gvern ta&#8217; pajji\u017c \u017cg\u0127ir membru tal-UE wara li tkun tajtu palata biex jirba\u0127 elezzjoni.<\/p>\n<p>M&#8217;hemmx dubju li\u00a0l-idea li\u00a0jinfet\u0127u kumpanniji\u00a0fil-Panama\u00a0u\u00a0trusts fi New Zealand kienet g\u0127addiet minn mo\u0127\u0127 il-politi\u010bi tag\u0127na ferm qabel ma kisbu s-setg\u0127a \u00a0L-idea li jkollok bank Malti li wie\u0127ed ikun jista&#8217; jserra\u0127 rasu li mhux ser joqg\u0127od jistaqsik \u0127afna mistoqsijiet inkonvenjenti\u00a0dehret dak i\u017c-\u017cmien b\u0127ala wa\u0127da brillanti. U min\u00a0kien hemm aqwa minn dan l-Iranjan b&#8217;\u010berta reputazzjoni biex imexxi l-bank?\u00a0 Tant kienu \u010berti li kienu se jirb\u0127u u tant wrew entu\u017cja\u017cmu g\u0127ar-roadmap li kienu applikaw g\u0127al-li\u010benzja bankarja sa\u0127ansitra qabel il-waqg\u0127a tal-gvern ta&#8217; Gonzi.<\/p>\n<p>Issa li bis-sa\u0127\u0127a ta&#8217; dak li kixfilna Alexander Nix sirna nifhmu a\u0127jar\u00a0il-mod kif ta\u0127dem Cambridge Analytica, saret ferm minn ewl id-dinja li Cambridge Analytica\u00a0jew\u00a0il-kumpannija ta&#8217; qabilha kien taw palata sew biex jaqa&#8217; l-gvern ta&#8217; Gonzi.<\/p>\n<p>Il-provi \u010birkostanzjali li je\u017cistu ma tistax tinjorahom.<\/p>\n","protected":false},"excerpt":{"rendered":"<p>Minn\u00a0Callixtus\u00a0wara li xxandret il-post tieg\u0127i dwar\u00a0Luzerner Zeitung: Il-\u0121urnal\u00a0Luzerner Zeitung jidher li \u0127arablu l-irbit Svizzeru ferm aktar importanti, ji\u0121ifieri, Christian Kaelin. Ali Sadr\u00a0u martu kien l-mistiedna g\u0127all-festin li kien sar biex\u00a0ji\u0121i \u010belebrat l-20 anniversarju tat-tie\u0121 ta&#8217; Kaelin. U\u00a0lest nilg\u0127ab im\u0127atra li\u00a0Christian Kaelin attenda g\u0127at-tie\u0121 ta&#8217; Ali Sadr fl-Italja flimkien ma&#8217;\u00a0Keith Schembri\u00a0u Joseph Muscat (\u0127ob\u017ca u sikkina!). [&hellip;]<\/p>\n","protected":false},"author":1,"featured_media":5548,"comment_status":"open","ping_status":"open","sticky":false,"template":"","format":"standard","meta":[],"categories":[54],"tags":[],"_links":{"self":[{"href":"https:\/\/manueldelia.com\/mt\/wp-json\/wp\/v2\/posts\/5633\/"}],"collection":[{"href":"https:\/\/manueldelia.com\/mt\/wp-json\/wp\/v2\/posts\/"}],"about":[{"href":"https:\/\/manueldelia.com\/mt\/wp-json\/wp\/v2\/types\/post\/"}],"author":[{"embeddable":true,"href":"https:\/\/manueldelia.com\/mt\/wp-json\/wp\/v2\/users\/1\/"}],"replies":[{"embeddable":true,"href":"https:\/\/manueldelia.com\/mt\/wp-json\/wp\/v2\/comments\/?post=5633"}],"version-history":[{"count":5,"href":"https:\/\/manueldelia.com\/mt\/wp-json\/wp\/v2\/posts\/5633\/revisions\/"}],"predecessor-version":[{"id":5653,"href":"https:\/\/manueldelia.com\/mt\/wp-json\/wp\/v2\/posts\/5633\/revisions\/5653\/"}],"wp:featuredmedia":[{"embeddable":true,"href":"https:\/\/manueldelia.com\/mt\/wp-json\/wp\/v2\/media\/5548\/"}],"wp:attachment":[{"href":"https:\/\/manueldelia.com\/mt\/wp-json\/wp\/v2\/media\/?parent=5633"}],"wp:term":[{"taxonomy":"category","embeddable":true,"href":"https:\/\/manueldelia.com\/mt\/wp-json\/wp\/v2\/categories\/?post=5633"},{"taxonomy":"post_tag","embeddable":true,"href":"https:\/\/manueldelia.com\/mt\/wp-json\/wp\/v2\/tags\/?post=5633"}],"curies":[{"name":"wp","href":"https:\/\/api.w.org\/{rel}","templated":true}]}}