{"id":57290,"date":"2018-11-22T12:52:35","date_gmt":"2018-11-22T11:52:35","guid":{"rendered":"https:\/\/manueldelia.com\/?p=57290"},"modified":"2018-11-22T16:28:30","modified_gmt":"2018-11-22T15:28:30","slug":"meta-jordnaw-lil-wiehed-minna-biex-jiskot-ghandna-nqumu-ghalenija-biex-nirrepetu-dak-li-jkun-intqal","status":"publish","type":"post","link":"https:\/\/manueldelia.com\/mt\/2018\/11\/meta-jordnaw-lil-wiehed-minna-biex-jiskot-ghandna-nqumu-ghalenija-biex-nirrepetu-dak-li-jkun-intqal\/","title":{"rendered":"Meta jordnaw lil wie\u0127ed minna biex jiskot, g\u0127andna nqumu g\u0127alenija biex nirrepetu dak li jkun intqal"},"content":{"rendered":"<p><img class=\"aligncenter size-full wp-image-57058\" src=\"https:\/\/manueldelia.com\/wp-content\/uploads\/2018\/11\/Glenn-Bedingfield-u-JM.jpg\" alt=\"\" width=\"675\" height=\"465\" srcset=\"https:\/\/manueldelia.com\/wp-content\/uploads\/2018\/11\/Glenn-Bedingfield-u-JM-200x138.jpg 200w, https:\/\/manueldelia.com\/wp-content\/uploads\/2018\/11\/Glenn-Bedingfield-u-JM-300x207.jpg 300w, https:\/\/manueldelia.com\/wp-content\/uploads\/2018\/11\/Glenn-Bedingfield-u-JM-400x276.jpg 400w, https:\/\/manueldelia.com\/wp-content\/uploads\/2018\/11\/Glenn-Bedingfield-u-JM-600x413.jpg 600w, https:\/\/manueldelia.com\/wp-content\/uploads\/2018\/11\/Glenn-Bedingfield-u-JM.jpg 675w\" sizes=\"(max-width: 675px) 100vw, 675px\" \/><br \/>\nQed jit\u0127ajjru jikkupjaw dak li issa sar moda fis-Sala Stampa tal-<em>White House<\/em>. Jekk il-President jew xi kelliem minn tieg\u0127u jevitaw li jwie\u0121bu mistoqsija ta&#8217; \u0121urnalist, jer\u0121a&#8217; jistaqsi l-istess mistoqsija l-\u0121urnalist li jkun imissu hu biex jistaqsi. Dan huwa l-uniku mod kif l-istampa tista&#8217; tibqa&#8217; \u0127ielsa mill-kontroll politiku.<\/p>\n<p>L-i<em>Speaker<\/em> tal-Parlament tag\u0127na lil <em>The Shift News<\/em> ordnalha biex tag\u0127mel xi bidliet f&#8217;rapport li xandret wara li Glenn Bedingfield ilmenta li &#8220;inkisru l-privile\u0121\u0121i tieg\u0127u&#8221;.<\/p>\n<p>Mhux rilevanti l-fatt li jien naqbel ma&#8217; dak li kitbet <em>The Shift News<\/em>. M&#8217;g\u0127andix g\u0127alfejn noqg\u0127od nirreferi g\u0127as-su\u0121\u0121ett li \u0121ie trattat fl-artiklu.<\/p>\n<p>M&#8217;g\u0127andi xejn kontra l-privile\u0121\u0121i Parlamentari. Madankollu dik l-istituzzjoni li tag\u0127mel u\u017cu mill-forza tal-li\u0121i biex i\u0121\u0121ieg\u0127el \u0121urnalist ig\u0127id xi \u0127a\u0121a b&#8217;\u010bertu mod u mhux bil-mod li jkun xtaq li jg\u0127idha, tkun qed tinjora dawk il-privile\u0121\u0121i li g\u0127andhom valur aktar g\u0127oli: ji\u0121ifieri dawk li jag\u0127mluna bnedmin \u0127ielsa. B\u0127alma hu, per e\u017cempju, l-privile\u0121\u0121 li jekk ikun hemm xi \u0127add li jidde\u010biedi xi \u0127a\u0121a dwarek &#8211; anki jekk dak ix-&#8220;xi \u0127add&#8221; ikun Parlament &#8211; dan ikun obbligat jisma&#8217; wkoll il-qanpiena tieg\u0127ek. Il-privile\u0121\u0121 l-ie\u0127or li qed jitwarrab huwa d-dritt li wie\u0127ed jitkellem b&#8217;mod \u0127ieles dwar persuna pubblika &#8212; b\u0127alma hu, per e\u017cempju, membru parlamentari u uffi\u010bjal tal-gvern li jgawdi sensiela ta&#8217; salarji b\u0127al Glen Bedingfield &#8212; u, jekk dik il-persuna pubblika jkollha g\u0127alxiex tilmenta dwar dak li ntqal fuqha, tkun tista&#8217; tfittex fil-qorti: l-istess b\u0127alma jag\u0127mel kul\u0127add.<\/p>\n<p>An\u0121lu Farrugia dan kollu remie\u0127 il-ba\u0127ar u \u0127are\u0121 ordni minn fuq it-&#8220;tron&#8221; tieg\u0127u. Ir-Rejiet, il-\u0121enerali u l-i<em>Speakers<\/em> Parlamentari: it-tiranni ma jintag\u0127rfux mill-kuruni li jilbsu fuq rashom i\u017cda mill-mod kif je\u017cer\u010bitaw l-poter li jkollhom.<\/p>\n<p><em>The Shift News<\/em> qed tisfida l-ordni tal-i<em>Speaker<\/em> u, naturalment, dan jista&#8217; jwassal g\u0127al \u010berti konsegwenzi. \u00a0 Dawn m&#8217;huma se jibdlu xejn minn dak li nkiteb. Dan qed jag\u0127mluh mhux biss biex jiddefendu l-kontenut tal-artiklu i\u017cda &#8211; u dan huwa aktar importanti &#8211; biex i\u0127arsu d-dritt ta&#8217; kul\u0127add li jitkellem u li jikteb b&#8217;mod \u0127ieles, anki dwar il-membri parlamentari.<\/p>\n<p>Din hi r-ra\u0121uni g\u0127aliex idde\u010bidejt li dan l-artiklu ntellg\u0127u b&#8217;dan\u00a0<a href=\"https:\/\/theshiftnews.com\/2018\/11\/21\/the-shift-news-reacts-to-speakers-ruling\/\" target=\"_blank\" rel=\"noopener\">bil-link li fi\u0127 ukoll it-twe\u0121iba tag\u0127hom g\u0127all-ordni li \u0127are\u0121 l-i<em>Speaker<\/em> biex l-artiklu jinbidel.<\/a><\/p>\n<p>B&#8217;hekk se jkollu aktar x&#8217;jag\u0127mel.<\/p>\n","protected":false},"excerpt":{"rendered":"<p>Qed jit\u0127ajjru jikkupjaw dak li issa sar moda fis-Sala Stampa tal-White House. Jekk il-President jew xi kelliem minn tieg\u0127u jevitaw li jwie\u0121bu mistoqsija ta&#8217; \u0121urnalist, jer\u0121a&#8217; jistaqsi l-istess mistoqsija l-\u0121urnalist li jkun imissu hu biex jistaqsi. Dan huwa l-uniku mod kif l-istampa tista&#8217; tibqa&#8217; \u0127ielsa mill-kontroll politiku. L-iSpeaker tal-Parlament tag\u0127na lil The Shift News ordnalha [&hellip;]<\/p>\n","protected":false},"author":1,"featured_media":57059,"comment_status":"open","ping_status":"open","sticky":false,"template":"","format":"standard","meta":[],"categories":[54],"tags":[],"_links":{"self":[{"href":"https:\/\/manueldelia.com\/mt\/wp-json\/wp\/v2\/posts\/57290\/"}],"collection":[{"href":"https:\/\/manueldelia.com\/mt\/wp-json\/wp\/v2\/posts\/"}],"about":[{"href":"https:\/\/manueldelia.com\/mt\/wp-json\/wp\/v2\/types\/post\/"}],"author":[{"embeddable":true,"href":"https:\/\/manueldelia.com\/mt\/wp-json\/wp\/v2\/users\/1\/"}],"replies":[{"embeddable":true,"href":"https:\/\/manueldelia.com\/mt\/wp-json\/wp\/v2\/comments\/?post=57290"}],"version-history":[{"count":5,"href":"https:\/\/manueldelia.com\/mt\/wp-json\/wp\/v2\/posts\/57290\/revisions\/"}],"predecessor-version":[{"id":57310,"href":"https:\/\/manueldelia.com\/mt\/wp-json\/wp\/v2\/posts\/57290\/revisions\/57310\/"}],"wp:featuredmedia":[{"embeddable":true,"href":"https:\/\/manueldelia.com\/mt\/wp-json\/wp\/v2\/media\/57059\/"}],"wp:attachment":[{"href":"https:\/\/manueldelia.com\/mt\/wp-json\/wp\/v2\/media\/?parent=57290"}],"wp:term":[{"taxonomy":"category","embeddable":true,"href":"https:\/\/manueldelia.com\/mt\/wp-json\/wp\/v2\/categories\/?post=57290"},{"taxonomy":"post_tag","embeddable":true,"href":"https:\/\/manueldelia.com\/mt\/wp-json\/wp\/v2\/tags\/?post=57290"}],"curies":[{"name":"wp","href":"https:\/\/api.w.org\/{rel}","templated":true}]}}