{"id":57296,"date":"2018-11-22T12:05:44","date_gmt":"2018-11-22T11:05:44","guid":{"rendered":"https:\/\/manueldelia.com\/?p=57296"},"modified":"2018-11-22T16:29:14","modified_gmt":"2018-11-22T15:29:14","slug":"guest-post-konna-nazzjonalisti","status":"publish","type":"post","link":"https:\/\/manueldelia.com\/mt\/2018\/11\/guest-post-konna-nazzjonalisti\/","title":{"rendered":"GUEST POST: Konna Nazzjonalisti"},"content":{"rendered":"<p><em>Guest Post miktub minn persuna mag\u0127rufa minni li sejja\u0127 lilu nnifsu &#8216;Lake&#8217;.<\/em> <em><img class=\"aligncenter size-large wp-image-56583\" src=\"https:\/\/manueldelia.com\/wp-content\/uploads\/2018\/11\/dd684da1-a305-4a54-a612-e4e57ce5f5e4-1024x390.jpg\" alt=\"\" width=\"1024\" height=\"390\" srcset=\"https:\/\/manueldelia.com\/wp-content\/uploads\/2018\/11\/dd684da1-a305-4a54-a612-e4e57ce5f5e4-200x76.jpg 200w, https:\/\/manueldelia.com\/wp-content\/uploads\/2018\/11\/dd684da1-a305-4a54-a612-e4e57ce5f5e4-300x114.jpg 300w, https:\/\/manueldelia.com\/wp-content\/uploads\/2018\/11\/dd684da1-a305-4a54-a612-e4e57ce5f5e4-400x152.jpg 400w, https:\/\/manueldelia.com\/wp-content\/uploads\/2018\/11\/dd684da1-a305-4a54-a612-e4e57ce5f5e4-600x228.jpg 600w, https:\/\/manueldelia.com\/wp-content\/uploads\/2018\/11\/dd684da1-a305-4a54-a612-e4e57ce5f5e4-768x292.jpg 768w, https:\/\/manueldelia.com\/wp-content\/uploads\/2018\/11\/dd684da1-a305-4a54-a612-e4e57ce5f5e4-800x304.jpg 800w, https:\/\/manueldelia.com\/wp-content\/uploads\/2018\/11\/dd684da1-a305-4a54-a612-e4e57ce5f5e4.jpg 1024w, https:\/\/manueldelia.com\/wp-content\/uploads\/2018\/11\/dd684da1-a305-4a54-a612-e4e57ce5f5e4-1200x457.jpg 1200w\" sizes=\"(max-width: 1024px) 100vw, 1024px\" \/><\/em> \u0120ieli nit\u0127asseb dwar fiex jinsab il-Partit Nazzjonalista.<\/p>\n<p>Niftakar \u017cmien mhux tant &#8216;il bog\u0127od meta kont insegwi lil Eddie Fenech Adami. Kellii 15 il-sena meta kien re\u0121a&#8217; kiseb ma\u0121\u0121oranza parlamentari u mandat biex jer\u0121a&#8217; jag\u0127ti l-\u0127ajja lin-negozjati biex Malta ssir membru tal-UE. Lil Eddie dejjem \u0127arist lejh b\u0127allikieku kien in-nannu li qatt ma kelli u b\u0127ala dak il-bniedem li kien ser jiggarantixxi \u0121ejjieni a\u0127jar g\u0127al dawk tal-\u0121enerazzjoni tieg\u0127i. \u0120ejjieni li fih konna finalment ser nitqiesu b\u0127ala persuni indaqs ma&#8217; s\u0127abna l-Ewropej bl-istess opportunitjiet li jgawdu huma.<\/p>\n<p>Kien \u017cmien meta kont t\u0127ossok kburi li int Nazzjonalist. Diffi\u010bli tesprimi bil-kitba dak li t\u0127oss meta tkun fuq in-na\u0127a t-tajba tal-istorja. Il-mira tag\u0127na konna nafuha, konna nafu x&#8217;kien je\u0127tie\u0121 li jsir u lkoll \u0121bidna l-istess \u0127abel biex naslu fid-destinazzjoni tag\u0127na.<\/p>\n<p>G\u0127alkemm konna nafu x&#8217;kienet il-mira tag\u0127na, b\u0127ala \u017cg\u0127a\u017cag\u0127 konna wkoll fhimna li Eddie Fenech Adami kien \u0121abar lill-pajji\u017c mill-\u0127ofra li kienu tefg\u0127uh fiha g\u0127axar snin qabel. Dan kien bi\u017c\u017cejjed biex sa\u0127\u0127a\u0127 il-konvinzjoni, l-entu\u017cja\u017cmu u d-determinazzjoni tag\u0127na li naslu fejn kellna naslu. Qatt aktar ma ridna naraw lill-istituzzjonijiet ta&#8217; pajji\u017cna ma\u0127kuma minn gvern so\u010bjalista li bil-vjolenza \u0127anaq il-libertajiet tag\u0127na, l-libert\u00e0 tal-kelma u l-libert\u00e0 tal-istampa.<\/p>\n<p>Nimxu l-quddiem fi\u017c-\u017cmien g\u0127al sentejn ilu.<\/p>\n<p>Qed nipparte\u010bipa fi protesta pa\u010bifika kontra gvern so\u010bjalista li fi \u0127danu g\u0127andu Ministru &#8211; Chris Cardona &#8211; li g\u0127amel kaw\u017ca ta&#8217; libell kriminali biex jipprova jsikket lil Daphne Caruana Galizia, l-unika \u0121urnalista nvestigattiva vera li kellha Malta. \u0126assejtni b\u0127allikieku l-arlo\u0121\u0121 mar lura b&#8217;35 sena. Madankollu fil-folla rajt u\u010bu\u0127 li kienu familjari. Folla wa\u0127da, le\u0127en wie\u0127ed, prin\u010bipju wie\u0127ed, g\u0127an wie\u0127ed.<\/p>\n<p>Sena wara, hekk kif il-Partit Nazzjonalista re\u0121a&#8217; tilef l-elezzjoni, inbidel kollox. F&#8217;daqqa wa\u0127da l-Partit Nazzjonalista abbanduna l-prin\u010bipji ta&#8217; \u201cXog\u0127ol, \u0120ustizzja u Libert\u00e0\u201d u \u0127addan il-populi\u017cmu ta&#8217; bla prin\u010bipji. Minkejja l-allegazzjonijiet serji li g\u0127amlet dwaru Daphne nnifisha, Adrian Delia \u0121ie elett b\u0127ala kap tal-partit. G\u0127all-Partit Nazzjonalista, li kien imdorri b&#8217;mexxejja &#8211; b&#8217;kuntrast g\u0127as-so\u010bjalisti &#8211; nodfa u ta&#8217; valuri g\u0127olja, din kienet bidla radikali. \u201cDik il-bi\u010b\u010ba blogger,\u201d kien g\u0127ajjat Adrian Delia ftit qabel \u0121ie elett u s-segwa\u010bi tal-partit dlonk dawwru l-kanuni tag\u0127hom proprju fuq dik il-persuna li ftit qabel kienu \u0127ar\u0121u fit-toroq biex jipprote\u0121uha.<span class=\"Apple-converted-space\"> Bit-tg\u0127ajjir tag\u0127hom, dawn in-Nazzjonalisti kienu qishom s\u0127abhom is-So\u010bjalisti<\/span>. I\u017c-\u017cew\u0121 na\u0127at saru \u0127a\u0121a wa\u0127da fl-azzjonijiet tag\u0127hom ta&#8217; mibg\u0127eda kontra \u0121urnalista. Il-kliem \u2014 \u201cdik il-bi\u010b\u010ba blogger\u201d \u2014 lil Daphne \u017cammewha i\u017colata sa dakinhar li nqatlet fis-16 ta&#8217; Ottubru 2017.<\/p>\n<p>Adrian Delia, minkejja li bilkemm kien g\u0127adu radd is-salib, kien di\u0121\u00e0 wettaq \u017cball politiku mill-aktar gravi. Fil-fehma tieg\u0127i, Adrian Delia kien immanipula l-elezzjoni tieg\u0127u b\u0127ala kap wara li \u0127a vanta\u0121\u0121 politiku tal-\u0127ames stadji ta&#8217; niket li \u0127assew il-partitarji Nazzjonalisti wara t-tieni telfa elettorali wara 4 snin.<span class=\"Apple-converted-space\">\u00a0<\/span><\/p>\n<p><b>L-1 stadju<\/b> I\u010b-\u010ba\u0127da: F&#8217;dan l-istadju t\u0127oss li l-\u0127ajja m&#8217;hix tag\u0127mel sens. \u2018Kif qatt stajna nitilfu?\u2019 \u2018Kif stajna tlifna b&#8217;dawk in-nies kollha fl-a\u0127\u0127ar mass meeting?\u2019 \u2018\u017bgur bg\u0127absu l-elezzjoni.\u2019 \u2018Bg\u0127absu fil-kaxxi tal-voti.\u2019 Tiftakru kemm smajna diskorsi b\u0127al dawn? Din jg\u0127idulha \u010b-\u010ba\u0127da.<\/p>\n<p><b>It-2 stadju<\/b><span class=\"Apple-converted-space\"> Ir-Rabja<\/span>: din m&#8217;g\u0127andhiex limiti u bilfors tkun trid twa\u0127\u0127al f&#8217;xi \u0127add. U kien f&#8217;dan l-istadju li tfa\u010b\u010ba fix-xena Adrian Delia. \u201cBi\u010b\u010ba blogger,\u201d u kompla billi akku\u017ca b&#8217;mod isteriku lill-hekk imsemmi <em>establishment:<\/em> \u201cil-Partit Nazzjonalista mhux tag\u0127kom. Il-Partit Nazzjonalista tal-kunsilliera, tat-tesserati, tan-Nazzjonalisti, u rriduh lura!\u201d. Adrian Delia qalilna f&#8217;min g\u0127andna nwa\u0127\u0127lu u fuq min g\u0127andna ndawwru r-rabja tag\u0127na: Daphne Caruana Galizia u dak li kien il-mexxej tal-partit Simon Busuttil. Dan kien il-mod kif immanipulak. Peress li bejn l-istadji ta\u010b-\u010ba\u0127da u tar-rabja, int ma kellekx il-\u0127ila tinteba\u0127 li hi \u0127a\u0121a minn ewl id-dinja fi\u010b-\u010biklu politiku li gvern so\u010bjalista, li kien g\u0127amel 25 fl-oppo\u017cizzjoni, jer\u0121a&#8217; ji\u0121i elett g\u0127at-tieni darba. Dan huwa \u010biklu politiku li hu normali f&#8217;kull pajji\u017c demokratiku.<\/p>\n<p><b>It-3 stadju <\/b>Tuh \u010bans: Smajniha kemm il-darba din. \u2018Ag\u0127tuh \u010bans jurina x&#8217;isarraf.\u2019<\/p>\n<p><b>Ir-4 stadju <\/b>Dwejjaq: \u0120ejna wi\u010b\u010b imb&#8217;wi\u010b\u010b mar-realt\u00e0, l-aktar meta qrajna x&#8217;kien kiteb wie\u0127ed mill-akbar alleati tieg\u0127u Herman Schiavone meta lil mart Adrian qalilha. \u201cNickie\u2026.illum Adrian sar \u017cibel. Ma nistg\u0127ux nibqg\u0127u sejrin hekk. Jekk ikun hemm b\u017conn iwarrab, i\u017cda rrid inkun \u010bert li jwarrab b&#8217;mod dinjitu\u017c.\u201d<\/p>\n<p><b>Il-5\u00a0 stadju <\/b>A\u010b\u010bettazzjoni: Dan l-istadju t\u0127awwdu\u0127x ma&#8217; dak ta&#8217; meta t\u0127ossok \u201c<em>all right<\/em>\u201d jew \u201c<em>OK<\/em>\u201d b&#8217;dak kollu li jkun se\u0127\u0127. F&#8217;dan l-istadju n-Nazzjonalisti jibdew jammettu li l-g\u0127a\u017cla ta&#8217; Adrian Delia ma kinitx wa\u0127da tajba, i\u017cda jg\u0127idu wkoll li \u2018ma kienx hemm fejn tag\u0127\u017cel.\u2019<span class=\"Apple-converted-space\"> Kemm il-darba smajtu lil min jirra\u0121una b&#8217;dan il-mod? <\/span><\/p>\n<p>Ma kull jum li jg\u0127addi, nimma\u0121ina lili nnifsi fuq kamp tal-battlja. Arja tqila u du\u0127\u0127an kullimkien. Ninsab imwa\u0127\u0127al fuq il-fruntiera u ma nistax nag\u0127raf \u0127abib minn g\u0127adu. Bejn \u0127in u ie\u0127or niltaqa&#8217; ma xi \u0127add u nitkellmu b&#8217;kawtela sakemm ninteb\u0127u li a\u0127na kollegi fl-istess armata. U niltaqa&#8217; wkoll ma&#8217; o\u0127rajn.<\/p>\n<p>Xi darba, f&#8217;nofs dik l-g\u0127alqa mimlija splussivi mo\u0127bija, se ni\u0121i wi\u010b\u010b imb&#8217;wi\u010b\u010b ma&#8217; persuna ta&#8217; integrit\u00e0 u ta&#8217; statura, li jitkellem bis-sens komun u li nkun nista&#8217; nsejja\u0127lu l-mexxej tieg\u0127i. <span class=\"Apple-converted-space\">\u00a0<\/span><\/p>\n<p>G\u0127ad ner\u0121g\u0127u inkunu Nazzjonalisti: kburin bil-prin\u010bipji ta&#8217; Xog\u0127ol, \u0120ustizzja u Liberta\u2019.<\/p>\n","protected":false},"excerpt":{"rendered":"<p>Guest Post miktub minn persuna mag\u0127rufa minni li sejja\u0127 lilu nnifsu &#8216;Lake&#8217;. \u0120ieli nit\u0127asseb dwar fiex jinsab il-Partit Nazzjonalista. Niftakar \u017cmien mhux tant &#8216;il bog\u0127od meta kont insegwi lil Eddie Fenech Adami. Kellii 15 il-sena meta kien re\u0121a&#8217; kiseb ma\u0121\u0121oranza parlamentari u mandat biex jer\u0121a&#8217; jag\u0127ti l-\u0127ajja lin-negozjati biex Malta ssir membru tal-UE. Lil Eddie [&hellip;]<\/p>\n","protected":false},"author":1,"featured_media":56584,"comment_status":"open","ping_status":"open","sticky":false,"template":"","format":"standard","meta":[],"categories":[54],"tags":[],"_links":{"self":[{"href":"https:\/\/manueldelia.com\/mt\/wp-json\/wp\/v2\/posts\/57296\/"}],"collection":[{"href":"https:\/\/manueldelia.com\/mt\/wp-json\/wp\/v2\/posts\/"}],"about":[{"href":"https:\/\/manueldelia.com\/mt\/wp-json\/wp\/v2\/types\/post\/"}],"author":[{"embeddable":true,"href":"https:\/\/manueldelia.com\/mt\/wp-json\/wp\/v2\/users\/1\/"}],"replies":[{"embeddable":true,"href":"https:\/\/manueldelia.com\/mt\/wp-json\/wp\/v2\/comments\/?post=57296"}],"version-history":[{"count":5,"href":"https:\/\/manueldelia.com\/mt\/wp-json\/wp\/v2\/posts\/57296\/revisions\/"}],"predecessor-version":[{"id":57306,"href":"https:\/\/manueldelia.com\/mt\/wp-json\/wp\/v2\/posts\/57296\/revisions\/57306\/"}],"wp:featuredmedia":[{"embeddable":true,"href":"https:\/\/manueldelia.com\/mt\/wp-json\/wp\/v2\/media\/56584\/"}],"wp:attachment":[{"href":"https:\/\/manueldelia.com\/mt\/wp-json\/wp\/v2\/media\/?parent=57296"}],"wp:term":[{"taxonomy":"category","embeddable":true,"href":"https:\/\/manueldelia.com\/mt\/wp-json\/wp\/v2\/categories\/?post=57296"},{"taxonomy":"post_tag","embeddable":true,"href":"https:\/\/manueldelia.com\/mt\/wp-json\/wp\/v2\/tags\/?post=57296"}],"curies":[{"name":"wp","href":"https:\/\/api.w.org\/{rel}","templated":true}]}}