{"id":59674,"date":"2018-11-26T09:10:52","date_gmt":"2018-11-26T08:10:52","guid":{"rendered":"https:\/\/manueldelia.com\/?p=59674"},"modified":"2018-11-26T17:25:24","modified_gmt":"2018-11-26T16:25:24","slug":"neville-gafa-hekk-jaghmel-meta-jmur-ghal-vaganza","status":"publish","type":"post","link":"https:\/\/manueldelia.com\/mt\/2018\/11\/neville-gafa-hekk-jaghmel-meta-jmur-ghal-vaganza\/","title":{"rendered":"Neville Gaf\u00e0 hekk jag\u0127mel meta jmur g\u0127al vaganza"},"content":{"rendered":"<p>Ejjew g\u0127al mument ninsew li Neville Gaf\u00e0 kien \u0121ie akku\u017cat minn diversi xhieda li xxa\u0127\u0127am fl-g\u0127oti tal-vi\u017ci medi\u010bi lil \u010bittadini mil-Libja. Ejjew g\u0127al mument ninsew li x-xhieda li jistg\u0127u jwasslu biex je\u0127el g\u0127all-allegati reati kriminali mhux qed jit\u0127allew jersqu lejn Malta. Ejjew g\u0127al mument ninsew li g\u0127al darb&#8217;o\u0127ra min huwa ta\u0127t suspett t\u0127alla ji\u017cloq minn idejn il-Pulizija. Ejjew g\u0127al mument ninsew ukoll li Neville Gaf\u00e0 huwa persuna prominenti u permanenti fi\u010b-\u010birku mag\u0127mul minn Konrad Mizzi u Keith Schembri.<\/p>\n<p>Ejjew nikkon\u010bentraw fuq il-fatt li Neville Gaf\u00e0 huwa uffi\u010bjal g\u0127oli tal-gvern ta&#8217; Malta. \u017bar il-Libja &#8211; pajji\u017c fejn anki fl-a\u0127jar \u017cminijiet tieg\u0127u kien mag\u0127ruf g\u0127at-ta\u0127wid diplomatiku &#8211; li issa jinsab f&#8217;nofs il-kaos ta&#8217; gwerra \u010bivili, tas-serq, tal-piraterija u tal-vjolenza, u ttie\u0127du ritratti mxandra fil-\u0121urnali fejn jidher f&#8217;laqg\u0127a formali ma&#8217; uffi\u010bjali g\u0127olja tal-gvern fil-Libja.<\/p>\n<blockquote class=\"twitter-tweet\">\n<p dir=\"rtl\" lang=\"ar\">\u0628\u0627\u0644\u0641\u064a\u062f\u064a\u0648 | \u0627\u0644\u0648\u0631\u0641\u0644\u064a \u064a\u0647\u0627\u062c\u0645 \u0635\u062d\u064a\u0641\u0629 <a href=\"https:\/\/twitter.com\/hashtag\/%D8%A7%D9%84%D9%85%D8%B1%D8%B5%D8%AF?src=hash&amp;ref_src=twsrc%5Etfw\">#\u0627\u0644\u0645\u0631\u0635\u062f<\/a> \u0628\u0623\u0644\u0641\u0627\u0638 \u0646\u0627\u0628\u064a\u0629 \u0644\u0623\u062c\u0644 \u201c\u0645\u0628\u0639\u0648\u062b <a href=\"https:\/\/twitter.com\/hashtag\/%D9%85%D8%A7%D9%84%D8%B7%D8%A7?src=hash&amp;ref_src=twsrc%5Etfw\">#\u0645\u0627\u0644\u0637\u0627<\/a> \u0627\u0644\u0648\u0647\u0645\u064a\u201d. <a href=\"https:\/\/twitter.com\/hashtag\/%D9%84%D9%8A%D8%A8%D9%8A%D8%A7?src=hash&amp;ref_src=twsrc%5Etfw\">#\u0644\u064a\u0628\u064a\u0627<\/a><br \/>\n<a href=\"https:\/\/t.co\/VHueuHHO6d\">https:\/\/t.co\/VHueuHHO6d<\/a><\/p>\n<p>\u2014 \u0635\u062d\u064a\u0641\u0629 \u0627\u0644\u0645\u0631\u0635\u062f \u0627\u0644\u0644\u064a\u0628\u064a\u0629 (@ObservatoryLY) <a href=\"https:\/\/twitter.com\/ObservatoryLY\/status\/1066711111033110529?ref_src=twsrc%5Etfw\">November 25, 2018<\/a><\/p><\/blockquote>\n<p>Il-gvern qed ig\u0127id li l-mawra tieg\u0127u fil-Libja ma kenitx \u0121iet awtorizzata u li \u0127add ma kien jaf biha qabel se\u0127\u0127et.<\/p>\n<p><a href=\"https:\/\/www.timesofmalta.com\/articles\/view\/20181126\/local\/libyan-detention-reports-fake-news-neville-gafa.695187\" target=\"_blank\" rel=\"noopener\">Lil Ivan Martin tat-<em>Times of Malta,<\/em> il-gvern qallu<\/a> li Neville Gaf\u00e0 \u0121ie msejja\u0127 biex jispjega x&#8217;kien qed jag\u0127mel jiltaqa&#8217; ma&#8217; persuni importanti fil-Libja. Nafu ben tajjeb li Neville Gaf\u00e0 hu wie\u0127ed minn dawk tal-qalba u ma kinitx tkun \u0127a\u0121a kbira li l-gvern imur ig\u0127id li dak kien bil-<em>leave<\/em> u li \u0127allas g\u0127all-vja\u0121\u0121 minn butu b\u0127ala sku\u017ci biex ig\u0127attulu.<\/p>\n<p>Jekk naqraw dak li qal il-gvern lit-<em>Times of Malta<\/em>, mad-daqqa t&#8217;g\u0127ajn jidher li qed jipprova j\u017comm &#8216;il bog\u0127od minn Neville Gaf\u00e0.<\/p>\n<p>\u0120aladarba Neville Gaf\u00e0 huwa uffi\u010bjal tal-gvern, ma tantx jista&#8217; jkollu \u0127afna ra\u0121unijiet plawsibbli biex jie\u0127u l-<em>leave<\/em> u j\u0127allas minn butu g\u0127all-vja\u0121\u0121i. Jista&#8217; forsi jivvja\u0121\u0121ja g\u0127al finijiet ta&#8217; studju jew biex jattendi xi konferenza dwar su\u0121\u0121ett li hu g\u0127al qalbu u li ma jistax jit\u0127allas mill-gvern. Jista&#8217; forsi hu wkoll\u00a0 \u0127erqan biex jag\u0127mel xog\u0127ol volontarju biex ig\u0127in lil min hu fil-b\u017conn. <span class=\"Apple-converted-space\">\u00a0<\/span><\/p>\n<p>Jista&#8217; jkun ukoll li siefer biex jistrie\u0127 jew biex jattendi xi laqg\u0127a, mag\u0127mudija jew tie\u0121 tal-familja jew biex i\u017cur xi \u0127add li huwa marid.<\/p>\n<p>U minn dak li rajna mir-ritratti li xxandru, Neville Gaf\u00e0\u2019s ma sifirx lejn il-Libja g\u0127al xi wa\u0127da minn dawn ir-ra\u0121unijiet.<\/p>\n<p>M&#8217;g\u0127andniex xi ng\u0127idu, b\u0127ala uffi\u010bjal tal-gvern ma jistax jag\u0127mel \u010berti affarijiet. Ma jistax, per e\u017cempju, jitnikker minn fuq ix-xog\u0127ol biex imexxi negozju personali. U jekk, mill-kuntatti li jkun g\u0127amel fil-kapa\u010bit\u00e0 uffi\u010bjali tieg\u0127u jgawdi personalment, ikun qed jilg\u0127ab man-nar tal-korruzzjoni. U kif di\u0121\u00e0 g\u0127idt, li dan kollu fuq Neville Gaf\u00e0 m&#8217;huwiex ig\u0127addili minn mo\u0127\u0127i.<\/p>\n<p>Allura \u0121aladarba Neville Gaf\u00e0 la kien qed jirrappre\u017centa lill-gvern, la g\u0127amel xi \u0127a\u0121a biex igawdi hu personalment, la kellu xi laqg\u0127a familjari u lanqas ried jitg\u0127allem l-G\u0127arbi, dan x&#8217;mar jag\u0127mel\u00a0 il-Libja?<\/p>\n<p>Lill-gvern x&#8217;twe\u0121iba ta\u0127 g\u0127all-mistoqsijiet pubbli\u010bi li sarulu?<\/p>\n<p>Neville Gaf\u00e0 nafu b&#8217;liema reat kriminali jinsab akku\u017cat. U, li kieku konna f&#8217;pajji\u017c ie\u0127or fid-dinja fejn il-kriminalit\u00e0 m&#8217;hix parti mill-\u0127idma tal-gvern, Neville Gaf\u00e0 mhux biss kien jitke\u010b\u010ba f&#8217;radda ta&#8217; salib talli g\u0127amel \u017cjara mhux awtrorizzata u talli ltaqa&#8217; bla permess ma&#8217; uffi\u010bjali ta&#8217; gvern ie\u0127or i\u017cda sa\u0127ansitra kien ji\u0121i m\u0121ieg\u0127el jispjega g\u0127emilu lill-ministeru tal-affarijiet barranin, lill-uffi\u010b\u010bju tal-immigrazzjoni u lill-a\u0121enzjija nazzjonali tas-sigurt\u00e0.<\/p>\n<p>Madankollu rridu dejjem niftakru li Neville Gaf\u00e0 huwa l-id il-leminija ta&#8217; Keith Schembri.<\/p>\n<p><img class=\"aligncenter size-full wp-image-58963\" src=\"https:\/\/manueldelia.com\/wp-content\/uploads\/2018\/11\/19598572_1817278404953948_3067011403324728345_n.jpg\" alt=\"\" width=\"960\" height=\"720\" srcset=\"https:\/\/manueldelia.com\/wp-content\/uploads\/2018\/11\/19598572_1817278404953948_3067011403324728345_n-200x150.jpg 200w, https:\/\/manueldelia.com\/wp-content\/uploads\/2018\/11\/19598572_1817278404953948_3067011403324728345_n-300x225.jpg 300w, https:\/\/manueldelia.com\/wp-content\/uploads\/2018\/11\/19598572_1817278404953948_3067011403324728345_n-400x300.jpg 400w, https:\/\/manueldelia.com\/wp-content\/uploads\/2018\/11\/19598572_1817278404953948_3067011403324728345_n-600x450.jpg 600w, https:\/\/manueldelia.com\/wp-content\/uploads\/2018\/11\/19598572_1817278404953948_3067011403324728345_n-768x576.jpg 768w, https:\/\/manueldelia.com\/wp-content\/uploads\/2018\/11\/19598572_1817278404953948_3067011403324728345_n-800x600.jpg 800w, https:\/\/manueldelia.com\/wp-content\/uploads\/2018\/11\/19598572_1817278404953948_3067011403324728345_n.jpg 960w\" sizes=\"(max-width: 960px) 100vw, 960px\" \/><\/p>\n<p><img class=\"aligncenter size-large wp-image-58965\" src=\"https:\/\/manueldelia.com\/wp-content\/uploads\/2018\/11\/NEVILLE-GAFA-KONRAD-MIZZI-SUITS.jpg\" alt=\"\" width=\"539\" height=\"675\" srcset=\"https:\/\/manueldelia.com\/wp-content\/uploads\/2018\/11\/NEVILLE-GAFA-KONRAD-MIZZI-SUITS-200x250.jpg 200w, https:\/\/manueldelia.com\/wp-content\/uploads\/2018\/11\/NEVILLE-GAFA-KONRAD-MIZZI-SUITS-240x300.jpg 240w, https:\/\/manueldelia.com\/wp-content\/uploads\/2018\/11\/NEVILLE-GAFA-KONRAD-MIZZI-SUITS-400x501.jpg 400w, https:\/\/manueldelia.com\/wp-content\/uploads\/2018\/11\/NEVILLE-GAFA-KONRAD-MIZZI-SUITS.jpg 539w\" sizes=\"(max-width: 539px) 100vw, 539px\" \/><\/p>\n","protected":false},"excerpt":{"rendered":"<p>Ejjew g\u0127al mument ninsew li Neville Gaf\u00e0 kien \u0121ie akku\u017cat minn diversi xhieda li xxa\u0127\u0127am fl-g\u0127oti tal-vi\u017ci medi\u010bi lil \u010bittadini mil-Libja. Ejjew g\u0127al mument ninsew li x-xhieda li jistg\u0127u jwasslu biex je\u0127el g\u0127all-allegati reati kriminali mhux qed jit\u0127allew jersqu lejn Malta. Ejjew g\u0127al mument ninsew li g\u0127al darb&#8217;o\u0127ra min huwa ta\u0127t suspett t\u0127alla ji\u017cloq minn [&hellip;]<\/p>\n","protected":false},"author":1,"featured_media":58968,"comment_status":"open","ping_status":"open","sticky":false,"template":"","format":"standard","meta":[],"categories":[54],"tags":[],"_links":{"self":[{"href":"https:\/\/manueldelia.com\/mt\/wp-json\/wp\/v2\/posts\/59674\/"}],"collection":[{"href":"https:\/\/manueldelia.com\/mt\/wp-json\/wp\/v2\/posts\/"}],"about":[{"href":"https:\/\/manueldelia.com\/mt\/wp-json\/wp\/v2\/types\/post\/"}],"author":[{"embeddable":true,"href":"https:\/\/manueldelia.com\/mt\/wp-json\/wp\/v2\/users\/1\/"}],"replies":[{"embeddable":true,"href":"https:\/\/manueldelia.com\/mt\/wp-json\/wp\/v2\/comments\/?post=59674"}],"version-history":[{"count":5,"href":"https:\/\/manueldelia.com\/mt\/wp-json\/wp\/v2\/posts\/59674\/revisions\/"}],"predecessor-version":[{"id":59918,"href":"https:\/\/manueldelia.com\/mt\/wp-json\/wp\/v2\/posts\/59674\/revisions\/59918\/"}],"wp:featuredmedia":[{"embeddable":true,"href":"https:\/\/manueldelia.com\/mt\/wp-json\/wp\/v2\/media\/58968\/"}],"wp:attachment":[{"href":"https:\/\/manueldelia.com\/mt\/wp-json\/wp\/v2\/media\/?parent=59674"}],"wp:term":[{"taxonomy":"category","embeddable":true,"href":"https:\/\/manueldelia.com\/mt\/wp-json\/wp\/v2\/categories\/?post=59674"},{"taxonomy":"post_tag","embeddable":true,"href":"https:\/\/manueldelia.com\/mt\/wp-json\/wp\/v2\/tags\/?post=59674"}],"curies":[{"name":"wp","href":"https:\/\/api.w.org\/{rel}","templated":true}]}}