{"id":69111,"date":"2018-12-11T10:49:15","date_gmt":"2018-12-11T09:49:15","guid":{"rendered":"https:\/\/manueldelia.com\/?p=69111"},"modified":"2018-12-15T08:30:09","modified_gmt":"2018-12-15T07:30:09","slug":"tmewwig","status":"publish","type":"post","link":"https:\/\/manueldelia.com\/mt\/2018\/12\/tmewwig\/","title":{"rendered":"Tmewwi\u0121"},"content":{"rendered":"<p><img class=\"aligncenter size-full wp-image-69060\" src=\"https:\/\/manueldelia.com\/wp-content\/uploads\/2018\/12\/chris_fearne_joseph_muscat.jpg\" alt=\"\" width=\"684\" height=\"461\" srcset=\"https:\/\/manueldelia.com\/wp-content\/uploads\/2018\/12\/chris_fearne_joseph_muscat-200x135.jpg 200w, https:\/\/manueldelia.com\/wp-content\/uploads\/2018\/12\/chris_fearne_joseph_muscat-300x202.jpg 300w, https:\/\/manueldelia.com\/wp-content\/uploads\/2018\/12\/chris_fearne_joseph_muscat-400x270.jpg 400w, https:\/\/manueldelia.com\/wp-content\/uploads\/2018\/12\/chris_fearne_joseph_muscat-600x404.jpg 600w, https:\/\/manueldelia.com\/wp-content\/uploads\/2018\/12\/chris_fearne_joseph_muscat.jpg 684w\" sizes=\"(max-width: 684px) 100vw, 684px\" \/><\/p>\n<p>Ftit li xejn wie\u0127ed jista&#8217; jara minn dak li jkun qed ji\u0121ri bejn l-erba&#8217; \u0127itan tal-Partit Laburista. I\u017cda minn \u017cmien g\u0127all-ie\u0127or jidhru xi sinjali ta&#8217; tmewwi\u0121. B\u0127alissa rjus kbar fil-Partit qeg\u0127din jitkarrbu ma&#8217; Joseph Muscat biex jibqa&#8217; mexxej tal-partit u prim ministru. <a href=\"https:\/\/www.timesofmalta.com\/articles\/view\/20181209\/local\/sant-turns-the-tables-on-muscat-mep-asks-the-pm-to-stay-on.696318\" target=\"_blank\" rel=\"noopener\">Wie\u0127ed minn dawn il-karraba huwa Alfred Sant.<\/a><\/p>\n<p>Joseph Muscat je\u0127tie\u0121 li jsib sku\u017ca biex jibqa&#8217; jmexxi lill-partit. Din hi r-ra\u0121uni wara dawn it-teatrini: jrid jidher b\u0127allikieku, kontra qalbu, a\u010b\u010betta li jwettaq sej\u0127a doveru\u017ca. Il-verit\u00e0 hi li dak li kellu f&#8217;mo\u0127\u0127u sarlu suf. M&#8217;g\u0127andux \u010bans li jakkwista kariga fl-Unjoni Ewropea. Sa\u0127ansitra anki fil-laqg\u0127a tas-So\u010bjalisti Ewropej fil-Portugall, Joseph Muscat inteba\u0127 li kull fejn imur dejjem ser isib mara biex tfakkru li ma jafx jist\u0127i. F&#8217;dik is-sala f&#8217;Lisbona kien kemm Ana Gomes li g\u0127ajjtet <a href=\"https:\/\/www.publico.pt\/2018\/12\/08\/politica\/noticia\/vergonha-ana-gomes-indignase-discurso-primeiroministro-socialista-malta-1854053\" target=\"_blank\" rel=\"noopener\">\u201cVergonha\u201d<\/a>. &#8220;Tal-mist\u0127ija&#8221; bil-Portugi\u017c.<\/p>\n<p>Joseph Muscat g\u0127amel tabirru\u0127u li ma semag\u0127hiex. Forsi jista&#8217; jikkonsla mill-fatt li ma tantx hemm nisa li, qalb sala mimlija nies, ikunu lesti li jikkonfrontawh. I\u017cda huwa jaf li dejjem ser ikun hemm wa\u0127da li jkollha l-kura\u0121\u0121 li tag\u0127mel dan. B\u0127alissa qed i\u0127oss li ma fadallux g\u0127a\u017cla \u0127lief li jibqa&#8217; f&#8217;postu f&#8217;Kastilja. Ser jibqa&#8217; ji\u0121i b\u017conn il-gwardji tas-sigurt\u00e0 biex ma jkunx hemm xi \u0121urnalista gustu\u017c b\u0127al John Sweeney joqg\u0127od idejjqu bil-mistoqsijiet. Ser jibqa&#8217; ji\u0121i b\u017conn lill-pensjonanti Beltin ta\u0127t il-kmand tal-logutenent-\u0121enerali Ray Azzopardi biex joqg\u0127odu jg\u0127ajjru lill-protestanti f&#8217;Misra\u0127 l-Assedju l-Kbir. Ser ikun b\u017conn Lawrence Cutajar biex joqg\u0127od jit\u0127addet fuq investigazzjonijiet dwar \u0127addie\u0127or li ma jispi\u010b\u010baw. Ser ji\u0121i b\u017conn Carmelo Abela biex lill-attivisti li ja\u0127dmu ma&#8217; NGO&#8217;s internazzjonali joqg\u0127od ig\u0127ajjarhom <em>assholes<\/em> talli dawn a\u017c\u017cardaw jiddubitawh.<span class=\"Apple-converted-space\"> U ser ikollu joqg\u0127od jistenna sakemm jintemm il-maltemp<\/span>. Kien dejjem xortih tajba u jistenna li x-xorti tid\u0127aklu din id-darba wkoll.<\/p>\n<p>Fil-frattemp, <a href=\"https:\/\/www.timesofmalta.com\/articles\/view\/20181211\/local\/neville-gafa-fired-by-health-minister-chris-fearne.696431\" target=\"_blank\" rel=\"noopener\">illum qrajna li Chris Fearne ke\u010b\u010ba lil Neville Gaf\u00e0<\/a>. Minkejja l-fatt li din it-tke\u010b\u010bija g\u0127andha mis-sens komun, l-azzjoni ta&#8217; Chris Fearne nibbtet sensiela ta&#8217; mistoqsijiet. Neville Gaf\u00e0 g\u0127adu uffi\u010bjal pubbliku jew issa jinsab bla xog\u0127ol? Il-Pulizija u s-servizzi sigrieti talbuh jispjega dwar ir-relazzjoni li jidher li g\u0127andu ma&#8217; gwerrier u kuntrabandist Libjan? Inbdiet xi inkjesta pubblika dwar dak li kien qed jag\u0127mel Neville Gaf\u00e0 waqt li kien fl-impjieg mal-gvern?<\/p>\n<p>Bl-azzjoni li \u0127a, Chris Fearne kemm hu preparat li j\u017comm id-distanza mill-\u0127mie\u0121 u l-korruzzjoni ta&#8217; Joseph Muscat?<\/p>\n","protected":false},"excerpt":{"rendered":"<p>Ftit li xejn wie\u0127ed jista&#8217; jara minn dak li jkun qed ji\u0121ri bejn l-erba&#8217; \u0127itan tal-Partit Laburista. I\u017cda minn \u017cmien g\u0127all-ie\u0127or jidhru xi sinjali ta&#8217; tmewwi\u0121. B\u0127alissa rjus kbar fil-Partit qeg\u0127din jitkarrbu ma&#8217; Joseph Muscat biex jibqa&#8217; mexxej tal-partit u prim ministru. Wie\u0127ed minn dawn il-karraba huwa Alfred Sant. Joseph Muscat je\u0127tie\u0121 li jsib sku\u017ca [&hellip;]<\/p>\n","protected":false},"author":1,"featured_media":69060,"comment_status":"open","ping_status":"open","sticky":false,"template":"","format":"standard","meta":[],"categories":[54],"tags":[],"_links":{"self":[{"href":"https:\/\/manueldelia.com\/mt\/wp-json\/wp\/v2\/posts\/69111\/"}],"collection":[{"href":"https:\/\/manueldelia.com\/mt\/wp-json\/wp\/v2\/posts\/"}],"about":[{"href":"https:\/\/manueldelia.com\/mt\/wp-json\/wp\/v2\/types\/post\/"}],"author":[{"embeddable":true,"href":"https:\/\/manueldelia.com\/mt\/wp-json\/wp\/v2\/users\/1\/"}],"replies":[{"embeddable":true,"href":"https:\/\/manueldelia.com\/mt\/wp-json\/wp\/v2\/comments\/?post=69111"}],"version-history":[{"count":4,"href":"https:\/\/manueldelia.com\/mt\/wp-json\/wp\/v2\/posts\/69111\/revisions\/"}],"predecessor-version":[{"id":69284,"href":"https:\/\/manueldelia.com\/mt\/wp-json\/wp\/v2\/posts\/69111\/revisions\/69284\/"}],"wp:featuredmedia":[{"embeddable":true,"href":"https:\/\/manueldelia.com\/mt\/wp-json\/wp\/v2\/media\/69060\/"}],"wp:attachment":[{"href":"https:\/\/manueldelia.com\/mt\/wp-json\/wp\/v2\/media\/?parent=69111"}],"wp:term":[{"taxonomy":"category","embeddable":true,"href":"https:\/\/manueldelia.com\/mt\/wp-json\/wp\/v2\/categories\/?post=69111"},{"taxonomy":"post_tag","embeddable":true,"href":"https:\/\/manueldelia.com\/mt\/wp-json\/wp\/v2\/tags\/?post=69111"}],"curies":[{"name":"wp","href":"https:\/\/api.w.org\/{rel}","templated":true}]}}