{"id":69442,"date":"2018-12-17T10:19:14","date_gmt":"2018-12-17T09:19:14","guid":{"rendered":"https:\/\/manueldelia.com\/?p=69442"},"modified":"2018-12-17T17:34:03","modified_gmt":"2018-12-17T16:34:03","slug":"chris-cardona-jerhilha-lejn-liverpool","status":"publish","type":"post","link":"https:\/\/manueldelia.com\/mt\/2018\/12\/chris-cardona-jerhilha-lejn-liverpool\/","title":{"rendered":"Chris Cardona jer\u0127ilha lejn Liverpool"},"content":{"rendered":"<p><img class=\"aligncenter size-large wp-image-69429\" src=\"https:\/\/manueldelia.com\/wp-content\/uploads\/2018\/12\/WhatsApp-Image-2018-12-17-at-07.03.13-1024x768.jpeg\" alt=\"\" width=\"1024\" height=\"768\" srcset=\"https:\/\/manueldelia.com\/wp-content\/uploads\/2018\/12\/WhatsApp-Image-2018-12-17-at-07.03.13-200x150.jpeg 200w, https:\/\/manueldelia.com\/wp-content\/uploads\/2018\/12\/WhatsApp-Image-2018-12-17-at-07.03.13-300x225.jpeg 300w, https:\/\/manueldelia.com\/wp-content\/uploads\/2018\/12\/WhatsApp-Image-2018-12-17-at-07.03.13-400x300.jpeg 400w, https:\/\/manueldelia.com\/wp-content\/uploads\/2018\/12\/WhatsApp-Image-2018-12-17-at-07.03.13-600x450.jpeg 600w, https:\/\/manueldelia.com\/wp-content\/uploads\/2018\/12\/WhatsApp-Image-2018-12-17-at-07.03.13-768x576.jpeg 768w, https:\/\/manueldelia.com\/wp-content\/uploads\/2018\/12\/WhatsApp-Image-2018-12-17-at-07.03.13-800x600.jpeg 800w, https:\/\/manueldelia.com\/wp-content\/uploads\/2018\/12\/WhatsApp-Image-2018-12-17-at-07.03.13.jpeg 1024w\" sizes=\"(max-width: 1024px) 100vw, 1024px\" \/><\/p>\n<p>Din l-istorja m&#8217;hix dwar xi \u017cjara li g\u0127amel Chris Cardona f&#8217;Velbert. G\u0127alkemm, m&#8217;g\u0127andniex xi ng\u0127idu, Alla biss jaf fejn re\u0127ielha.<\/p>\n<p>Siefer biex isegwi partita futbol flimkien ma&#8217; sie\u0127bu tal-kabinett Chris Agius, li jsibu\u0127 b\u0127ala l-Wefi, u ma&#8217; o\u0127rajn. Mag\u0127hom kien hemm Silvan u Matthew Fenech, ku\u0121ini ta&#8217; Yorgen Fenech tal-famu\u017ca <em>17 Black<\/em> u wlied is-sidien tal-imperu ta&#8217; Tumas. Dawn kienu ssemmew meta kienu silfu appartament f&#8217;Portomaso lil Chris Cardona li dak i\u017c-\u017cmien kien se jispi\u010b\u010ba ming\u0127ajr saqaf fuq rasu min\u0127abba l-inkwiet li kellu ma&#8217; xi nisa. <a href=\"https:\/\/daphnecaruanagalizia.com\/2016\/04\/think-hes-fooling-chris-cardonas-income-rent-paid-silvan-fenech\/\" target=\"_blank\" rel=\"noopener\">U meta Daphne Caruana Galizia kienet kixfitlu l-borom fuq l-arran\u0121ament li kellu dwar l-appartment,\u00a0<\/a> Chris Cardona \u0127are\u0121 ixejjer kopja ta&#8217; \u010bekk biex spe\u010bi ta&#8217; jserr\u0127ilna rasna li kien \u0127allas il-kera kollha f&#8217;daqqa hekk kif irritorna \u010b-\u010bwievet lis-sidien. U mbag\u0127ad g\u0127adda biex iddikjara l-istess ammont li suppost \u0127allas b\u0127ala d\u0127ul minn kirja. Trasparenza tat-toqba t&#8217;g\u0127ajni.<\/p>\n<p>Insomma, na\u0127seb li \u0127add minnhom m&#8217;hu se jie\u0127u g\u0127alih b&#8217;dan li qed nikteb u x&#8217;aktarx mhux se jiddejqu jekk nirreferi g\u0127alihom b\u0127ala \u0127bieb qaqo\u010b\u010ba.<\/p>\n<p>Ftit \u0121img\u0127at biss wara li konna skoprejna li ta&#8217; Tumas kienu \u0127olqu kumpannija fid-Dubaj b&#8217;kont bankarju identifikat fid-dokumenti ta&#8217; <em>Mossack Fonseca<\/em> u li kienu ntrabtu li j\u0127allsu lil Konrad Mizzi &#8211; sie\u0127eb Chris Cardona u Chris Agius &#8211; l-ammont ta&#8217; $5,000 kull jum, dawn i\u017c-\u017cew\u0121 membri tal-kabinett ma jiddejqu xejn jippo\u017caw g\u0127ar-ritratt mal-ulied ta&#8217; Tumas: tbissima, da\u0127ka, xejn m&#8217;hu xejn u kollox ig\u0127addi. Dawn ir-ritratti m&#8217;huma xejn \u0127lief prova \u010bara tal-indifferenza patolo\u0121ika amorali ddoqq l-iskotti li g\u0127andhom dawn in-nies.<\/p>\n<p><img class=\"aligncenter size-large wp-image-69431\" src=\"https:\/\/manueldelia.com\/wp-content\/uploads\/2018\/12\/WhatsApp-Image-2018-12-17-at-09.37.07-638x1024.jpeg\" alt=\"\" width=\"638\" height=\"1024\" srcset=\"https:\/\/manueldelia.com\/wp-content\/uploads\/2018\/12\/WhatsApp-Image-2018-12-17-at-09.37.07-187x300.jpeg 187w, https:\/\/manueldelia.com\/wp-content\/uploads\/2018\/12\/WhatsApp-Image-2018-12-17-at-09.37.07-200x321.jpeg 200w, https:\/\/manueldelia.com\/wp-content\/uploads\/2018\/12\/WhatsApp-Image-2018-12-17-at-09.37.07-400x642.jpeg 400w, https:\/\/manueldelia.com\/wp-content\/uploads\/2018\/12\/WhatsApp-Image-2018-12-17-at-09.37.07-600x963.jpeg 600w, https:\/\/manueldelia.com\/wp-content\/uploads\/2018\/12\/WhatsApp-Image-2018-12-17-at-09.37.07.jpeg 638w\" sizes=\"(max-width: 638px) 100vw, 638px\" \/><\/p>\n<p>Ag\u0127tu \u0127arsa lejn dan ir-ritratt tal-<em>Instagram<\/em> ta&#8217; Owen Bonnici ma&#8217; dik li kienet il-ma\u0127buba tieg\u0127u u li n\u0121ibed 13 il-jum wara l-assassinju ta&#8217; Daphne Caruana Galizia. Dan kien fid-29 ta&#8217; Ottubru 2017. Matul dan il-perijodu ta&#8217; \u017cmien sitt xhur wara, waqa&#8217; l-gvern tas-Slovakkja min\u0127abba l-qtil ta&#8217; \u0121urnalist f&#8217;dak il-pajji\u017c.<\/p>\n<p>U hawn, il-Ministru tal-\u0120ustizzja kien qed i\u010barrat \u0127alqu jgawdi \u201cHappy Sunday\u201d. Dawn hekk huma mag\u0127mulin.<\/p>\n","protected":false},"excerpt":{"rendered":"<p>Din l-istorja m&#8217;hix dwar xi \u017cjara li g\u0127amel Chris Cardona f&#8217;Velbert. G\u0127alkemm, m&#8217;g\u0127andniex xi ng\u0127idu, Alla biss jaf fejn re\u0127ielha. Siefer biex isegwi partita futbol flimkien ma&#8217; sie\u0127bu tal-kabinett Chris Agius, li jsibu\u0127 b\u0127ala l-Wefi, u ma&#8217; o\u0127rajn. Mag\u0127hom kien hemm Silvan u Matthew Fenech, ku\u0121ini ta&#8217; Yorgen Fenech tal-famu\u017ca 17 Black u wlied is-sidien [&hellip;]<\/p>\n","protected":false},"author":1,"featured_media":69429,"comment_status":"open","ping_status":"open","sticky":false,"template":"","format":"standard","meta":[],"categories":[54],"tags":[],"_links":{"self":[{"href":"https:\/\/manueldelia.com\/mt\/wp-json\/wp\/v2\/posts\/69442\/"}],"collection":[{"href":"https:\/\/manueldelia.com\/mt\/wp-json\/wp\/v2\/posts\/"}],"about":[{"href":"https:\/\/manueldelia.com\/mt\/wp-json\/wp\/v2\/types\/post\/"}],"author":[{"embeddable":true,"href":"https:\/\/manueldelia.com\/mt\/wp-json\/wp\/v2\/users\/1\/"}],"replies":[{"embeddable":true,"href":"https:\/\/manueldelia.com\/mt\/wp-json\/wp\/v2\/comments\/?post=69442"}],"version-history":[{"count":4,"href":"https:\/\/manueldelia.com\/mt\/wp-json\/wp\/v2\/posts\/69442\/revisions\/"}],"predecessor-version":[{"id":69457,"href":"https:\/\/manueldelia.com\/mt\/wp-json\/wp\/v2\/posts\/69442\/revisions\/69457\/"}],"wp:featuredmedia":[{"embeddable":true,"href":"https:\/\/manueldelia.com\/mt\/wp-json\/wp\/v2\/media\/69429\/"}],"wp:attachment":[{"href":"https:\/\/manueldelia.com\/mt\/wp-json\/wp\/v2\/media\/?parent=69442"}],"wp:term":[{"taxonomy":"category","embeddable":true,"href":"https:\/\/manueldelia.com\/mt\/wp-json\/wp\/v2\/categories\/?post=69442"},{"taxonomy":"post_tag","embeddable":true,"href":"https:\/\/manueldelia.com\/mt\/wp-json\/wp\/v2\/tags\/?post=69442"}],"curies":[{"name":"wp","href":"https:\/\/api.w.org\/{rel}","templated":true}]}}