{"id":69617,"date":"2018-12-20T08:43:19","date_gmt":"2018-12-20T07:43:19","guid":{"rendered":"https:\/\/manueldelia.com\/?p=69617"},"modified":"2018-12-20T12:35:58","modified_gmt":"2018-12-20T11:35:58","slug":"ranier-fsadni-is-saltna-tad-dritt","status":"publish","type":"post","link":"https:\/\/manueldelia.com\/mt\/2018\/12\/ranier-fsadni-is-saltna-tad-dritt\/","title":{"rendered":"Ranier Fsadni: is-Saltna tad-Dritt"},"content":{"rendered":"\n<figure class=\"wp-block-image\"><img width=\"450\" height=\"300\" src=\"https:\/\/manueldelia.com\/wp-content\/uploads\/2018\/12\/tagreuters.com2018binary_LYNXNPEE9F185-VIEWIMAGE.jpg\" alt=\"\" class=\"wp-image-69608\" srcset=\"https:\/\/manueldelia.com\/wp-content\/uploads\/2018\/12\/tagreuters.com2018binary_LYNXNPEE9F185-VIEWIMAGE-200x133.jpg 200w, https:\/\/manueldelia.com\/wp-content\/uploads\/2018\/12\/tagreuters.com2018binary_LYNXNPEE9F185-VIEWIMAGE-300x200.jpg 300w, https:\/\/manueldelia.com\/wp-content\/uploads\/2018\/12\/tagreuters.com2018binary_LYNXNPEE9F185-VIEWIMAGE-400x267.jpg 400w, https:\/\/manueldelia.com\/wp-content\/uploads\/2018\/12\/tagreuters.com2018binary_LYNXNPEE9F185-VIEWIMAGE.jpg 450w\" sizes=\"(max-width: 450px) 100vw, 450px\" \/><figcaption>Photo: REUTERS\/Darrin Zammit Lupi<\/figcaption><\/figure>\n\n\n\n<p>Nissu\u0121\u0121erielkom taqraw <a aria-label=\"Ranier Fsadni\u2019s piece in Times of Malta today. (opens in a new tab)\" rel=\"noreferrer noopener\" href=\"https:\/\/www.timesofmalta.com\/articles\/view\/20181220\/opinion\/rule-of-law-you-say-ranier-fsadni.697216\" target=\"_blank\">l-artiklu ta&#8217; Ranier Fsadni mxandar fit-<em>Times of <\/em>Malta tal-lum.<\/a><\/p>\n\n\n\n<p>Nixtieq in\u017cid xi \u0127a\u0121a ma&#8217; dak li kiteb Ranier Fsadni. Tal-<em>Occupy Justice<\/em>, attivisti o\u0127rajn u protestanti individwali qed ji\u0121u mixlija li qed &#8220;jisfidaw is-saltna tad-dritt&#8221; permezz  &#8211; kif qed ji\u0121i allegat &#8211; tal-ksur tal-li\u0121i. Kulma qeg\u0127din jag\u0127mlu dawn hu li jqieg\u0127du fjuri u xemg\u0127at mal-Mafkar tal-Assedju l-Kbir. Dawn i\u017c-\u017cew\u0121 kun\u010betti qed i\u0127awwduhom m&#8217;hux biss l-apolo\u0121isti tal-gvern.<\/p>\n\n\n\n<p>Fsadni bil-galbu kollu jispjega d-differenza bejn l-ubbidjenza tal-li\u0121ijiet u r-rispett lis-saltna tad-dritt. Ma na\u0127sibx li dak ir-ra\u0121el li <a aria-label=\"yesterday\u2019s video (opens in a new tab)\" rel=\"noreferrer noopener\" href=\"https:\/\/manueldelia.com\/2018\/12\/little-vikings\/\" target=\"_blank\">mill-video&nbsp;li&nbsp;xxandar&nbsp;il-biera\u0127&nbsp;<\/a> jidher jisraq xemg\u0127a se jkun qara&#8217; dan l-artiklu u jikkonverti. \u010aerti nies ta&#8217; xejn tispjegalhom.  <\/p>\n\n\n\n<p>G\u0127aliex dawk li jabbu\u017caw lill-protestanti, isawwtuhom, ikellmuhom \u0127a\u017cin u jie\u0127dulhom ix-xemg\u0127at u l-fjuri min-natura tag\u0127hom stess ma jkunux ikunu jridu jafu b&#8217;ra\u0121uni. <\/p>\n\n\n\n<p>Je\u0127tie\u0121 nifhmu li huwa l-gvern stess li qed i\u0127awwad l-im\u0127u\u0127. Ranier Fsadni skanta kif il-gvern qed jippermetti lill-apolo\u0121isti jirra\u0121unaw b&#8217;dan il-mod g\u0127an-nom tieg\u0127u.  <\/p>\n\n\n\n<p>I\u017cda l-verit\u00e0 hi li l-gvern stess qed jirra\u0121una b&#8217;dan il-mod. <\/p>\n\n\n\n<p>Araw kif  Owen Bonnici &#8211; l-Ministru tal-\u0120ustizzja &#8211; jinsisti li &#8220;s-saltna tad-dritt&#8221; g\u0127andha ti\u0121i segwita u li n-nies tieg\u0127u kuljum qed ine\u0127\u0127u l-fjuri u x-xemg\u0127at minn mal-Mafkar tal-Assedju l-Kbir biex ikunu \u201ckonformi mas-saltna tad-dritt&#8221;.<\/p>\n\n\n\n<p>Nist\u0127ajjlu qiesu t-tifel il-kbir jispjega r-regola tal-<em>offside<\/em> lil o\u0127tu \u017c-\u017cg\u0127ira minkejja l-fatt li din ir-regola hi tkun fehmitha aktar milli jkun fehemha hu. Frankament, ma jafx x&#8217;inhu jg\u0127id. <\/p>\n\n\n\n<p>G\u0127al \u0121ie\u0127na, dan hu l-Ministru tal-\u0120ustizzja. <\/p>\n","protected":false},"excerpt":{"rendered":"<p>Nissu\u0121\u0121erielkom taqraw l-artiklu ta&#8217; Ranier Fsadni mxandar fit-Times of Malta tal-lum. Nixtieq in\u017cid xi \u0127a\u0121a ma&#8217; dak li kiteb Ranier Fsadni. Tal-Occupy Justice, attivisti o\u0127rajn u protestanti individwali qed ji\u0121u mixlija li qed &#8220;jisfidaw is-saltna tad-dritt&#8221; permezz &#8211; kif qed ji\u0121i allegat &#8211; tal-ksur tal-li\u0121i. Kulma qeg\u0127din jag\u0127mlu dawn hu li jqieg\u0127du fjuri u xemg\u0127at [&hellip;]<\/p>\n","protected":false},"author":1,"featured_media":69609,"comment_status":"open","ping_status":"open","sticky":false,"template":"","format":"standard","meta":[],"categories":[54],"tags":[],"_links":{"self":[{"href":"https:\/\/manueldelia.com\/mt\/wp-json\/wp\/v2\/posts\/69617\/"}],"collection":[{"href":"https:\/\/manueldelia.com\/mt\/wp-json\/wp\/v2\/posts\/"}],"about":[{"href":"https:\/\/manueldelia.com\/mt\/wp-json\/wp\/v2\/types\/post\/"}],"author":[{"embeddable":true,"href":"https:\/\/manueldelia.com\/mt\/wp-json\/wp\/v2\/users\/1\/"}],"replies":[{"embeddable":true,"href":"https:\/\/manueldelia.com\/mt\/wp-json\/wp\/v2\/comments\/?post=69617"}],"version-history":[{"count":2,"href":"https:\/\/manueldelia.com\/mt\/wp-json\/wp\/v2\/posts\/69617\/revisions\/"}],"predecessor-version":[{"id":69624,"href":"https:\/\/manueldelia.com\/mt\/wp-json\/wp\/v2\/posts\/69617\/revisions\/69624\/"}],"wp:featuredmedia":[{"embeddable":true,"href":"https:\/\/manueldelia.com\/mt\/wp-json\/wp\/v2\/media\/69609\/"}],"wp:attachment":[{"href":"https:\/\/manueldelia.com\/mt\/wp-json\/wp\/v2\/media\/?parent=69617"}],"wp:term":[{"taxonomy":"category","embeddable":true,"href":"https:\/\/manueldelia.com\/mt\/wp-json\/wp\/v2\/categories\/?post=69617"},{"taxonomy":"post_tag","embeddable":true,"href":"https:\/\/manueldelia.com\/mt\/wp-json\/wp\/v2\/tags\/?post=69617"}],"curies":[{"name":"wp","href":"https:\/\/api.w.org\/{rel}","templated":true}]}}