{"id":69818,"date":"2018-12-26T09:25:47","date_gmt":"2018-12-26T08:25:47","guid":{"rendered":"https:\/\/manueldelia.com\/?p=69818"},"modified":"2018-12-27T16:34:16","modified_gmt":"2018-12-27T15:34:16","slug":"ghaliex-proprju-fil-milied","status":"publish","type":"post","link":"https:\/\/manueldelia.com\/mt\/2018\/12\/ghaliex-proprju-fil-milied\/","title":{"rendered":"G\u0127aliex proprju fil-Milied?"},"content":{"rendered":"\n<p><br><\/p>\n\n\n\n<div class=\"wp-block-image\"><figure class=\"aligncenter\"><img width=\"630\" height=\"340\" src=\"https:\/\/manueldelia.com\/wp-content\/uploads\/2018\/12\/file-2.aspx_-2.jpeg\" alt=\"\" class=\"wp-image-69814\" srcset=\"https:\/\/manueldelia.com\/wp-content\/uploads\/2018\/12\/file-2.aspx_-2-200x108.jpeg 200w, https:\/\/manueldelia.com\/wp-content\/uploads\/2018\/12\/file-2.aspx_-2-300x162.jpeg 300w, https:\/\/manueldelia.com\/wp-content\/uploads\/2018\/12\/file-2.aspx_-2-400x216.jpeg 400w, https:\/\/manueldelia.com\/wp-content\/uploads\/2018\/12\/file-2.aspx_-2-600x324.jpeg 600w, https:\/\/manueldelia.com\/wp-content\/uploads\/2018\/12\/file-2.aspx_-2.jpeg 630w\" sizes=\"(max-width: 630px) 100vw, 630px\" \/><\/figure><\/div>\n\n\n\n<p>Jidher li je\u017cistu r-ra\u0121unijiet il-g\u0127ala dan kollu qed ise\u0127\u0127 matul il-festi tal-Milied.<\/p>\n\n\n\n<p>Waqt intervista kontrollata fuq programm spe\u010bjali tal-Milied, Adrian Delia tkellem il-pro\u010beduri ta&#8217; separazzjoni li jinsab g\u0127addej minnhom ma&#8217; martu g\u0127aliex \u0127ass li din l-intervista setg\u0127et trabba\u0127lu s-simpatija tal-votanti.<\/p>\n\n\n\n<p>F&#8217;okka\u017cjonijiet u f&#8217;laqg\u0127at politi\u010bi o\u0127rajn, huwa irrifjuta li jwie\u0121eb mistoqsijiet dwar il-pro\u010beduri tas-separazzjoni. Kulmeta kien hemm i\u010b-\u010bans li setg\u0127et titfa\u010b\u010ba xi mistoqsija, ir-reazzjoni tieg\u0127u kienet dejjem wa\u0127da uniformi: \u2018dawn huma kwistjonijiet ta&#8217; natura personali u nitlobkom tirrispettaw il-privatezza tieg\u0127i\u2019.<\/p>\n\n\n\n<p>I\u017cda f&#8217;ambjent kontrollat b&#8217;folla dejjem lesta biex i\u010b\u010bap\u010baplu, wie\u0121eb g\u0127al mistoqsijiet li huwa ppermetta li jsiru minn qabel u, biex jipprova j\u0121ieg\u0127el lin-nies tit\u0127assru, ma \u0127asibhiex darbtejn biex isemmi l-pro\u010beduri tas-separazzjoni u s-solitudni li ser jiffa\u010b\u010bja matul dan il-Milied. <\/p>\n\n\n\n<p>Addio dawk ir-ritratti kollha li kien xandar matul il-kampanja g\u0127at-tmexxija tal-PN fejn jidher jitbissem mal-membri l-o\u0127ra tal-familja tieg\u0127u biex jurina kemm hu ra\u0121el tal-familja u li g\u0127alhekk kien eli\u0121ibbli biex isir Kap tal-Partit Nazzjonalista u, mal-medda ta\u017c-\u017cmien, tal-pajji\u017c.<\/p>\n\n\n\n<p>Dan m&#8217;huwa xejn \u0127lief l-u\u017cu tal-familja &#8211; fil-maltemp u fil-bnazzi &#8211; g\u0127al finijiet politi\u010bi. <\/p>\n\n\n\n<p>Il-pass li \u0127a fil-Qorti, 11-il-\u0121img\u0127a wara li telaq mid-dar matrimonjali, se\u0127\u0127 fi \u017cmien il-Milied.  <\/p>\n\n\n\n<p>Wara 11 il-\u0121img\u0127a li kien ilu jg\u0127ix bog\u0127od minn uliedu, Adrian Delia ippre\u017centa rikors ur\u0121enti f&#8217;lejlet il-Milied u talab lill-Qorti tnaqqas it-termini normali g\u0127al ka\u017cijiet b\u0127al dawn sabiex jassigura li jkun hemm twe\u0121iba minn na\u0127a ta&#8217; martu qabel il-Milied.<\/p>\n\n\n\n<p>Kwistjoni matrimonjali tabil\u0127aqq hi kwistjoni privata. U d-dettalji ta&#8217; din il-kwistjoni m&#8217;huma affari ta&#8217; \u0127add. <\/p>\n\n\n\n<p>\u0126add m&#8217;g\u0127andu g\u0127alfejn isir jaf ir-ra\u0121uni g\u0127aliex politiku da\u0127al il-Qorti u g\u0127aliex dan ma jistax jiftiehem ma&#8217; martu dwar kif se jaqsmu \u0121idhom.  <\/p>\n\n\n\n<p>Il-biera\u0127 Nickie Vella de Fremeaux wie\u0121bet g\u0127ar-rikors ur\u0121enti ta&#8217; Adrian Delia u l-kontenut tar-risposta \u0121uramentata tag\u0127ha huwa tabil\u0127aqq inkwetanti. Adrian Delia jaf sew is-serjet\u00e0 tar-risposta ta&#8217; martu. <\/p>\n\n\n\n<p>Tabil\u0127aqq wie\u0127ed g\u0127andu dejjem jikkunsidra l-istadju meta l-interess pubbliku dwar il-\u0127ajja privata tal-politi\u010bi jibda&#8217; jeg\u0127leb dak tal-kur\u017cita&#8217; tan-nies. <\/p>\n","protected":false},"excerpt":{"rendered":"<p>Jidher li je\u017cistu r-ra\u0121unijiet il-g\u0127ala dan kollu qed ise\u0127\u0127 matul il-festi tal-Milied. Waqt intervista kontrollata fuq programm spe\u010bjali tal-Milied, Adrian Delia tkellem il-pro\u010beduri ta&#8217; separazzjoni li jinsab g\u0127addej minnhom ma&#8217; martu g\u0127aliex \u0127ass li din l-intervista setg\u0127et trabba\u0127lu s-simpatija tal-votanti. F&#8217;okka\u017cjonijiet u f&#8217;laqg\u0127at politi\u010bi o\u0127rajn, huwa irrifjuta li jwie\u0121eb mistoqsijiet dwar il-pro\u010beduri tas-separazzjoni. Kulmeta kien [&hellip;]<\/p>\n","protected":false},"author":1,"featured_media":69813,"comment_status":"open","ping_status":"open","sticky":false,"template":"","format":"standard","meta":[],"categories":[54],"tags":[],"_links":{"self":[{"href":"https:\/\/manueldelia.com\/mt\/wp-json\/wp\/v2\/posts\/69818\/"}],"collection":[{"href":"https:\/\/manueldelia.com\/mt\/wp-json\/wp\/v2\/posts\/"}],"about":[{"href":"https:\/\/manueldelia.com\/mt\/wp-json\/wp\/v2\/types\/post\/"}],"author":[{"embeddable":true,"href":"https:\/\/manueldelia.com\/mt\/wp-json\/wp\/v2\/users\/1\/"}],"replies":[{"embeddable":true,"href":"https:\/\/manueldelia.com\/mt\/wp-json\/wp\/v2\/comments\/?post=69818"}],"version-history":[{"count":4,"href":"https:\/\/manueldelia.com\/mt\/wp-json\/wp\/v2\/posts\/69818\/revisions\/"}],"predecessor-version":[{"id":69878,"href":"https:\/\/manueldelia.com\/mt\/wp-json\/wp\/v2\/posts\/69818\/revisions\/69878\/"}],"wp:featuredmedia":[{"embeddable":true,"href":"https:\/\/manueldelia.com\/mt\/wp-json\/wp\/v2\/media\/69813\/"}],"wp:attachment":[{"href":"https:\/\/manueldelia.com\/mt\/wp-json\/wp\/v2\/media\/?parent=69818"}],"wp:term":[{"taxonomy":"category","embeddable":true,"href":"https:\/\/manueldelia.com\/mt\/wp-json\/wp\/v2\/categories\/?post=69818"},{"taxonomy":"post_tag","embeddable":true,"href":"https:\/\/manueldelia.com\/mt\/wp-json\/wp\/v2\/tags\/?post=69818"}],"curies":[{"name":"wp","href":"https:\/\/api.w.org\/{rel}","templated":true}]}}