{"id":69860,"date":"2018-12-27T10:44:38","date_gmt":"2018-12-27T09:44:38","guid":{"rendered":"https:\/\/manueldelia.com\/?p=69860"},"modified":"2018-12-27T16:39:11","modified_gmt":"2018-12-27T15:39:11","slug":"mit-tjubija-ta-qalbhom","status":"publish","type":"post","link":"https:\/\/manueldelia.com\/mt\/2018\/12\/mit-tjubija-ta-qalbhom\/","title":{"rendered":"Mit-tjubija ta&#8217; qalbhom"},"content":{"rendered":"\n<figure class=\"wp-block-image\"><img width=\"746\" height=\"560\" src=\"https:\/\/manueldelia.com\/wp-content\/uploads\/2018\/12\/WhatsApp-Image-2018-12-27-at-09.40.20-2.jpeg\" alt=\"\" class=\"wp-image-69843\" srcset=\"https:\/\/manueldelia.com\/wp-content\/uploads\/2018\/12\/WhatsApp-Image-2018-12-27-at-09.40.20-2-200x150.jpeg 200w, https:\/\/manueldelia.com\/wp-content\/uploads\/2018\/12\/WhatsApp-Image-2018-12-27-at-09.40.20-2-300x225.jpeg 300w, https:\/\/manueldelia.com\/wp-content\/uploads\/2018\/12\/WhatsApp-Image-2018-12-27-at-09.40.20-2-400x300.jpeg 400w, https:\/\/manueldelia.com\/wp-content\/uploads\/2018\/12\/WhatsApp-Image-2018-12-27-at-09.40.20-2-600x450.jpeg 600w, https:\/\/manueldelia.com\/wp-content\/uploads\/2018\/12\/WhatsApp-Image-2018-12-27-at-09.40.20-2.jpeg 746w\" sizes=\"(max-width: 746px) 100vw, 746px\" \/><\/figure>\n\n\n\n<p>Ti\u0121ri kull sena b\u0127all-indi\u0121estjoni li taqbdek wara li tkun kilt ikla papali. Ninqalg\u0127u \u0127afna biex nissodisfaw ru\u0127na bil-\u0121enero\u017cit\u00e0 tag\u0127na stess wara li jkunu n\u0121abru l-miljuni fl-Istrina g\u0127all-Community Chest Fund biex il-\u0121abra tag\u0127mel tajjeb g\u0127all-ispejje\u017c ta&#8217; dak li l-gvern jonqos li jerfa&#8217; r-responsabbilta&#8217; g\u0127alih.<\/p>\n\n\n\n<p>Ejjew nassumu li \u20ac7 miljun huma bi\u017c\u017cejjed biex jag\u0127mlu tajjeb. \u010aertament m&#8217;humiex bi\u017c\u017cejjed, i\u017cda ejjew nassumu li dan huwa l-ka\u017c. Wara kollox huwa minn ewl id-dinja li wie\u0127ed i\u0127ossu sodisfatt meta l-miri jkunu ntla\u0127qu.<\/p>\n\n\n\n<p>M&#8217;g\u0127andniex xi ng\u0127idu, il-gvern g\u0127andu s-sa\u0127\u0127a li ji\u0121bor \u20ac7 miljun \u017cejda f&#8217;taxxa f&#8217;radda ta&#8217; salib.<\/p>\n\n\n\n<p>Matul l-2019 il-gvern mistenni li jda\u0127\u0127al \u20ac1,869 miljun biss biss minn fuq it-taxxa fuq id-d\u0127ul. Jekk ma&#8217; dan id-d\u0127ul in\u017cidu d-d\u0127ul mis-sigurta&#8217; so\u010bjali u mit-taxxi ndiretti, is-sena d-die\u0127la l-gvern mistenni jda\u0127\u0127al mal-\u20ac4,571 miljun.<\/p>\n\n\n\n<p>Ma&#8217; dan kollu m&#8217;a\u0127niex nikkunsidraw id-d\u0127ul minn g\u0127ejjun o\u0127ra fil-forma ta&#8217; drittijiet, interessi, kirjiet, e\u010b\u010betra.<\/p>\n\n\n\n<p>Allura x&#8217;inhuma \u20ac7 miljun o\u0127ra li l-gvern jista&#8217; ju\u017cahom biex jag\u0127mel tajjeb g\u0127al spejje\u017c li tid\u0127ol g\u0127alihom il-Community Chest Fund?<\/p>\n\n\n\n<figure class=\"wp-block-image\"><img width=\"620\" height=\"348\" src=\"https:\/\/manueldelia.com\/wp-content\/uploads\/2018\/12\/local_06_temp-1446013365-563069b5-620x348.jpg\" alt=\"\" class=\"wp-image-69845\" srcset=\"https:\/\/manueldelia.com\/wp-content\/uploads\/2018\/12\/local_06_temp-1446013365-563069b5-620x348-200x112.jpg 200w, https:\/\/manueldelia.com\/wp-content\/uploads\/2018\/12\/local_06_temp-1446013365-563069b5-620x348-300x168.jpg 300w, https:\/\/manueldelia.com\/wp-content\/uploads\/2018\/12\/local_06_temp-1446013365-563069b5-620x348-400x225.jpg 400w, https:\/\/manueldelia.com\/wp-content\/uploads\/2018\/12\/local_06_temp-1446013365-563069b5-620x348-600x337.jpg 600w, https:\/\/manueldelia.com\/wp-content\/uploads\/2018\/12\/local_06_temp-1446013365-563069b5-620x348.jpg 620w\" sizes=\"(max-width: 620px) 100vw, 620px\" \/><\/figure>\n\n\n\n<p>Nist\u0127ajjel li jkun hemm min jistaqsi: x&#8217;hemm \u0127a\u017cin li wie\u0127ed jag\u0127ti donazzjoni g\u0127all-karita? Xejn affattu. I\u017cda wie\u0127ed g\u0127andu dejjem jiftakar li l-\u0121bir g\u0127all-karita&#8217; qieg\u0127ed jag\u0127mel tajjeb g\u0127al dak li l-Istat qed jonqos li jag\u0127mel tajjeb g\u0127alih hu. F&#8217;Malta, l-karita&#8217; saret istituzzjoni tal-Istat.<\/p>\n\n\n\n<p>Biex isse\u0127\u0127 il-\u0121ustizzja so\u010bjali je\u0127tie\u0121 li dawk li jifil\u0127u jag\u0127tu l-aktar lil min hu fil-b\u017conn ji\u0121u m\u0121ieg\u0127la li jag\u0127mlu dan indipendentement mit-tjubija ta&#8217; qalbhom jew minn kemm ikunu kapa\u010bi jattiraw \u010bap\u010bip.<\/p>\n\n\n\n<p>Nie\u0127du e\u017cempju. <\/p>\n\n\n\n<p>Is-sena d-die\u0127la mistenni li l-gvern ida\u0127\u0127al \u20ac32 miljun mill-kirjiet ta&#8217; proprjeta&#8217; pubblika.<\/p>\n\n\n\n<p>Wie\u0127ed mill-kerrejja tal-gvern huwa d-DB Group li, kif nafu lkoll, ing\u0127ataw bir-ribass jew kwa\u017ci b&#8217;xejn medda kbira ta&#8217; art li kienet tal-ITS fil-Bajja ta&#8217; San \u0120or\u0121. Fuq din l-art se tinbena megalopoli li lil tad-DB Group se tag\u0127milhom sinjuruni kbar.<\/p>\n\n\n\n<p>Il-biera\u0127 tad-DB Group marru g\u0127all-Istrina u kitbu \u010bekk \u20ac50,000, \u010bertament ammont \u0121eneru\u017c u mdaqqas li &#8211; paragunat mal-ammonti li s-soltu jing\u0127ataw &#8211;  jattira \u010b-\u010bap\u010bip u jqabbe\u017c id-dmug\u0127 fl-g\u0127ajnejn. <\/p>\n\n\n\n<p>I\u017cda g\u0127ad-DB Group, dan l-ammont bil-kemm jin\u0127ass u s-soltu ji\u0121i klassifikat b\u0127ala \u2018Community Social Responsibility\u2019 fil-lista tal-infiq li ssir kull sena. <\/p>\n\n\n\n<p>Li kieku kellhom i\u0127allsu kemm suppost g\u0127all-art pubblika, kien ikollhom i\u0127allsu \u0127afna aktar minn \u20ac50,000.&nbsp;<\/p>\n\n\n\n<p>U hawn qed nirreferi g\u0127al artijiet mog\u0127tija biex jinbnew djar g\u0127al skopijiet so\u0121jali u mhux g\u0127al xi torri mibni g\u0127all-u\u017cu ta&#8217; sinjuruni mill-Golf G\u0127arbi jew mir-Russja li kien ikun bi\u017c\u017cejjed biex ikopri l-ispejje\u017c tal-bini ta&#8217; djar g\u0127al dawk li jinsabu ming\u0127ajr saqaf u li jiddependu mill-g\u0127otjiet tal-karita&#8217;.<\/p>\n\n\n\n<p>G\u0127ax b\u0127al dak li qallu s-sinjuruni mill-Golf G\u0127arbi jew mir-Russja g\u0127andhom dritt li jkollhom veduta tal-ba\u0127ar minn dawk li jg\u0127ixu fl-isqaqien. Jaqaw insejna g\u0127al min verament in\u0121abru l-flus?<\/p>\n","protected":false},"excerpt":{"rendered":"<p>Ti\u0121ri kull sena b\u0127all-indi\u0121estjoni li taqbdek wara li tkun kilt ikla papali. Ninqalg\u0127u \u0127afna biex nissodisfaw ru\u0127na bil-\u0121enero\u017cit\u00e0 tag\u0127na stess wara li jkunu n\u0121abru l-miljuni fl-Istrina g\u0127all-Community Chest Fund biex il-\u0121abra tag\u0127mel tajjeb g\u0127all-ispejje\u017c ta&#8217; dak li l-gvern jonqos li jerfa&#8217; r-responsabbilta&#8217; g\u0127alih. Ejjew nassumu li \u20ac7 miljun huma bi\u017c\u017cejjed biex jag\u0127mlu tajjeb. \u010aertament m&#8217;humiex [&hellip;]<\/p>\n","protected":false},"author":1,"featured_media":69843,"comment_status":"open","ping_status":"open","sticky":false,"template":"","format":"standard","meta":[],"categories":[54],"tags":[],"_links":{"self":[{"href":"https:\/\/manueldelia.com\/mt\/wp-json\/wp\/v2\/posts\/69860\/"}],"collection":[{"href":"https:\/\/manueldelia.com\/mt\/wp-json\/wp\/v2\/posts\/"}],"about":[{"href":"https:\/\/manueldelia.com\/mt\/wp-json\/wp\/v2\/types\/post\/"}],"author":[{"embeddable":true,"href":"https:\/\/manueldelia.com\/mt\/wp-json\/wp\/v2\/users\/1\/"}],"replies":[{"embeddable":true,"href":"https:\/\/manueldelia.com\/mt\/wp-json\/wp\/v2\/comments\/?post=69860"}],"version-history":[{"count":4,"href":"https:\/\/manueldelia.com\/mt\/wp-json\/wp\/v2\/posts\/69860\/revisions\/"}],"predecessor-version":[{"id":69882,"href":"https:\/\/manueldelia.com\/mt\/wp-json\/wp\/v2\/posts\/69860\/revisions\/69882\/"}],"wp:featuredmedia":[{"embeddable":true,"href":"https:\/\/manueldelia.com\/mt\/wp-json\/wp\/v2\/media\/69843\/"}],"wp:attachment":[{"href":"https:\/\/manueldelia.com\/mt\/wp-json\/wp\/v2\/media\/?parent=69860"}],"wp:term":[{"taxonomy":"category","embeddable":true,"href":"https:\/\/manueldelia.com\/mt\/wp-json\/wp\/v2\/categories\/?post=69860"},{"taxonomy":"post_tag","embeddable":true,"href":"https:\/\/manueldelia.com\/mt\/wp-json\/wp\/v2\/tags\/?post=69860"}],"curies":[{"name":"wp","href":"https:\/\/api.w.org\/{rel}","templated":true}]}}