{"id":6997,"date":"2018-05-01T10:10:17","date_gmt":"2018-05-01T08:10:17","guid":{"rendered":"https:\/\/manueldelia.com\/?p=6997"},"modified":"2018-05-01T11:08:30","modified_gmt":"2018-05-01T09:08:30","slug":"kontradizzjonijiet","status":"publish","type":"post","link":"https:\/\/manueldelia.com\/mt\/2018\/05\/kontradizzjonijiet\/","title":{"rendered":"Kontradizzjonijiet"},"content":{"rendered":"<p>M&#8217;g\u0127andix idea min jikteb l-istqarrijiet g\u0127all-istampa tal-Pulizija i\u017cda wisq nissuspetta li kien hemm l-id mo\u0127bija ta&#8217; Kurt Farrugia fil-kitba ta&#8217; din ta&#8217; hawn ta\u0127t. Stqarrija mimlija kontradizzjonijiet u qerq:<\/p>\n<p><img class=\"aligncenter wp-image-6987 size-full\" src=\"https:\/\/manueldelia.com\/wp-content\/uploads\/2018\/05\/WhatsApp-Image-2018-05-01-at-08.01.03.jpeg\" alt=\"\" width=\"750\" height=\"995\" srcset=\"https:\/\/manueldelia.com\/wp-content\/uploads\/2018\/05\/WhatsApp-Image-2018-05-01-at-08.01.03-204x270.jpeg 204w, https:\/\/manueldelia.com\/wp-content\/uploads\/2018\/05\/WhatsApp-Image-2018-05-01-at-08.01.03-226x300.jpeg 226w, https:\/\/manueldelia.com\/wp-content\/uploads\/2018\/05\/WhatsApp-Image-2018-05-01-at-08.01.03.jpeg 750w\" sizes=\"(max-width: 750px) 100vw, 750px\" \/><\/p>\n<p>Nitkellmu fuq il-parti l-aktar importanti tal-istqarrija.<\/p>\n<p>\u201cIl-Pulizija ta&#8217; Malta qatt ma n\u0121ibditilha l-attenzjoni dwar il-possibilit\u00e0 li seta&#8217; kien hemm min \u0127are\u0121 xi informazzjoni fl-investigazzjoni dwar il-qtil&#8221;.<\/p>\n<p>Hawn ta\u0127t g\u0127andek issib kwotazzjoni minn mistoqsija li g\u0127amel lil George Degiorgio l-uffi\u010bjal li kien qed jinterrogah:<\/p>\n<p><em>\u201cX\u2019kienet ir-ra\u0121uni per e\u017cempju il-biera\u0127 illi ma sibniex i\u010b-\u010bwievet tal-kamra u l-mobiles tieg\u0127ek? Il-mobile tieg\u0127ek sparixxa? Kont tafu jaqaw bina li \u0121ejjin? G\u0127alfejn kellek in-number tal-mobile tat-tfajla, hawn tal-partner, miktub fuq idejk George, fuq il-polz?\u201d<\/em><\/p>\n<p>Aktar tard l-uffi\u010bjal li kien qed jinterroga lil George Degiorgio staqsa:<\/p>\n<p>\u201c<em>Kont taf, kontu tafu jaqaw li \u0121ejjin, in\u017cilt preparat bil-mobile u jkollok in-number miktub fuq idek. Hekk ifisser dik g\u0127ax mhux normali na\u0127seb xi \u0127add jikteb mobile tal-partner, tal-mara tieg\u0127u fuq idu, mhux hekk? G\u0127ax il-mobile, in-number ikun miktub fil-mobile, hux? B\u2019kumbinazzjoni George kellek in-number miktub fuq idejk? Jew \u0121ie xi g\u0127asfur jg\u0127idilkom li \u0121ejjin narrestawkom? &#8230; U l-kelba li jkun hemm is-soltu? &#8230; G\u0127ala ma kenitx hemm? Il-Maya, il-kelba Maya g\u0127alfejn ma kenitx marbuta b\u0127as-soltu George?&#8221;.<\/em><\/p>\n<p>U aktar tard: \u201c<em>George il-biera\u0127 ma \u0121ejnix hemmhekk kumbinazzjoni u kien ilkom tafu li \u0121ejjin hemmhekk. Ilkom ixxommu li g\u0127amiltu l-i\u017cbalji George, na\u0127seb int l-iktar wie\u0127ed g\u0127ax int l-iktar li g\u0127amilt \u017cbalji fih dan il-ka\u017c. Probabbilment kieku ma kienux g\u0127all-i\u017cbalji tieg\u0127ek forsi kienet tkun naqra iktar diffi\u010bli. Kontu tafu il-biera\u0127 li \u0121ejjin George, g\u0127idilna? G\u0127ax anke l-mobile li kien ju\u017ca l-Ko\u0127\u0127u, fil-ba\u0127ar spi\u010b\u010ba wkoll\u201d.<\/em><\/p>\n<p>Kif qatt tista&#8217; twa\u0127\u0127ad dan kollu ma&#8217; l-istqarrija tal-Pulizija li &#8220;Il-Pulizija ta&#8217; Malta qatt ma n\u0121ibditilha l-attenzjoni dwar il-possibilit\u00e0 li seta&#8217; kien hemm \u0127are\u0121 xi informazzjoni fl-investigazzjoni dwar il-qtil&#8221;?<\/p>\n<p>Il-Pulizija &#8216;lbiera\u0127 qalet ukoll li \u201c\u0120ie \u010b\u010barat ukoll li l-passi li kienu di\u0121\u00e0 ttie\u0127du fil-konfront tas-Sur\u0121ent Aldo Cassar ma kellhom x&#8217;jaqsmu xejn mal-allegat \u0127ru\u0121 ta&#8217; informazzjoni&#8221;.<\/p>\n<p><img class=\"aligncenter wp-image-6977 size-full\" src=\"https:\/\/manueldelia.com\/wp-content\/uploads\/2018\/04\/WhatsApp-Image-2018-04-30-at-20.46.35.jpeg\" alt=\"\" width=\"1334\" height=\"750\" srcset=\"https:\/\/manueldelia.com\/wp-content\/uploads\/2018\/04\/WhatsApp-Image-2018-04-30-at-20.46.35-300x169.jpeg 300w, https:\/\/manueldelia.com\/wp-content\/uploads\/2018\/04\/WhatsApp-Image-2018-04-30-at-20.46.35-480x270.jpeg 480w, https:\/\/manueldelia.com\/wp-content\/uploads\/2018\/04\/WhatsApp-Image-2018-04-30-at-20.46.35-768x432.jpeg 768w, https:\/\/manueldelia.com\/wp-content\/uploads\/2018\/04\/WhatsApp-Image-2018-04-30-at-20.46.35.jpeg 1024w\" sizes=\"(max-width: 1334px) 100vw, 1334px\" \/><\/p>\n<p>X&#8217;kien dak li \u0121ie \u010b\u010barat qabel? Sal-biera\u0127 il-Pulizija kienet baqg\u0127et siekta hekk kif jien u o\u0127rajn sfidajnihom jikkonfermaw jew ji\u010b\u0127du rapporti li l-allegati qattiela kienu ng\u0127ataw informazzjoni minn \u0127dan il-korp tal-Pulizija. Allura l-Pulizija fil-fatt ma kellhom xejn x&#8217;ji\u010b\u010baraw g\u0127ax qabel il-biera\u0127 ma kinux g\u0127adhom tniffsu.<\/p>\n<p>U s-sabi\u0127a hi li l-Pulizija kkonfermat li huwa minnu li kienu ttie\u0127du &#8220;passi&#8221; kontra Aldo Cassar. Nistaqsi: lil dan g\u0127addewh minn xi bord tad-dixxiplina? U fuq liema akku\u017ci kien \u0121ie mixli? Kien hemm okka\u017cjonijiet o\u0127ra meta dan kien \u0121ie dixxiplinat? Jekk ma kienx mixli li g\u0127adda informazzjoni lill-qattiela biex dawn je\u0127ilsu minn provi inkriminanti, it-<em>transfer<\/em> li ng\u0127ata kien kastig adegwat bi\u017c\u017cejjed g\u0127al dak li g\u0127alih kien instab \u0127ati?<\/p>\n<p>Il-\u0127ajja tieg\u0127ek tinsab f&#8217;idejn dawn in-nies.<\/p>\n<p><img class=\"aligncenter wp-image-6988 size-full\" src=\"https:\/\/manueldelia.com\/wp-content\/uploads\/2018\/05\/file-24.jpg\" alt=\"\" width=\"630\" height=\"340\" srcset=\"https:\/\/manueldelia.com\/wp-content\/uploads\/2018\/05\/file-24-300x162.jpg 300w, https:\/\/manueldelia.com\/wp-content\/uploads\/2018\/05\/file-24-500x270.jpg 500w, https:\/\/manueldelia.com\/wp-content\/uploads\/2018\/05\/file-24.jpg 630w\" sizes=\"(max-width: 630px) 100vw, 630px\" \/><\/p>\n","protected":false},"excerpt":{"rendered":"<p>M&#8217;g\u0127andix idea min jikteb l-istqarrijiet g\u0127all-istampa tal-Pulizija i\u017cda wisq nissuspetta li kien hemm l-id mo\u0127bija ta&#8217; Kurt Farrugia fil-kitba ta&#8217; din ta&#8217; hawn ta\u0127t. Stqarrija mimlija kontradizzjonijiet u qerq: Nitkellmu fuq il-parti l-aktar importanti tal-istqarrija. \u201cIl-Pulizija ta&#8217; Malta qatt ma n\u0121ibditilha l-attenzjoni dwar il-possibilit\u00e0 li seta&#8217; kien hemm min \u0127are\u0121 xi informazzjoni fl-investigazzjoni dwar il-qtil&#8221;. [&hellip;]<\/p>\n","protected":false},"author":1,"featured_media":6988,"comment_status":"open","ping_status":"open","sticky":false,"template":"","format":"standard","meta":[],"categories":[54],"tags":[],"_links":{"self":[{"href":"https:\/\/manueldelia.com\/mt\/wp-json\/wp\/v2\/posts\/6997\/"}],"collection":[{"href":"https:\/\/manueldelia.com\/mt\/wp-json\/wp\/v2\/posts\/"}],"about":[{"href":"https:\/\/manueldelia.com\/mt\/wp-json\/wp\/v2\/types\/post\/"}],"author":[{"embeddable":true,"href":"https:\/\/manueldelia.com\/mt\/wp-json\/wp\/v2\/users\/1\/"}],"replies":[{"embeddable":true,"href":"https:\/\/manueldelia.com\/mt\/wp-json\/wp\/v2\/comments\/?post=6997"}],"version-history":[{"count":5,"href":"https:\/\/manueldelia.com\/mt\/wp-json\/wp\/v2\/posts\/6997\/revisions\/"}],"predecessor-version":[{"id":7009,"href":"https:\/\/manueldelia.com\/mt\/wp-json\/wp\/v2\/posts\/6997\/revisions\/7009\/"}],"wp:featuredmedia":[{"embeddable":true,"href":"https:\/\/manueldelia.com\/mt\/wp-json\/wp\/v2\/media\/6988\/"}],"wp:attachment":[{"href":"https:\/\/manueldelia.com\/mt\/wp-json\/wp\/v2\/media\/?parent=6997"}],"wp:term":[{"taxonomy":"category","embeddable":true,"href":"https:\/\/manueldelia.com\/mt\/wp-json\/wp\/v2\/categories\/?post=6997"},{"taxonomy":"post_tag","embeddable":true,"href":"https:\/\/manueldelia.com\/mt\/wp-json\/wp\/v2\/tags\/?post=6997"}],"curies":[{"name":"wp","href":"https:\/\/api.w.org\/{rel}","templated":true}]}}